{"id":498708,"date":"2023-08-14T20:10:28","date_gmt":"2023-08-15T02:10:28","guid":{"rendered":"https:\/\/www.zunoticia.com\/noticias-de-hidalgo\/?p=498708"},"modified":"2023-08-14T20:10:29","modified_gmt":"2023-08-15T02:10:29","slug":"rehabilitaran-el-tramo-la-corrala-santa-cruz","status":"publish","type":"post","link":"https:\/\/www.zunoticia.com\/noticias-de-hidalgo\/2023\/08\/14\/rehabilitaran-el-tramo-la-corrala-santa-cruz\/","title":{"rendered":"Rehabilitar\u00e1n el tramo La Corrala \u2013 Santa Cruz"},"content":{"rendered":"<aside class=\"mashsb-container mashsb-main mashsb-stretched\"><div class=\"mashsb-box\"><div class=\"mashsb-count mash-large\" style=\"float:left\"><div class=\"counts mashsbcount\">34<\/div><span class=\"mashsb-sharetext\">SHARES<\/span><\/div><div class=\"mashsb-buttons\"><a class=\"mashicon-facebook mash-large mash-center mashsb-noshadow\" href=\"https:\/\/www.facebook.com\/sharer.php?u=https%3A%2F%2Fwww.zunoticia.com%2Fnoticias-de-hidalgo%2F2023%2F08%2F14%2Frehabilitaran-el-tramo-la-corrala-santa-cruz%2F\" target=\"_top\" rel=\"nofollow\"><span class=\"icon\"><\/span><span class=\"text\">Share<\/span><\/a><a class=\"mashicon-twitter mash-large mash-center mashsb-noshadow\" href=\"https:\/\/twitter.com\/intent\/tweet?text=&amp;url=https:\/\/www.zunoticia.com\/noticias-de-hidalgo\/2023\/08\/14\/rehabilitaran-el-tramo-la-corrala-santa-cruz\/\" target=\"_top\" rel=\"nofollow\"><span class=\"icon\"><\/span><span class=\"text\">Tweet<\/span><\/a><div class=\"onoffswitch2 mash-large mashsb-noshadow\" style=\"display:none\"><\/div><\/div>\n            <\/div>\n                <div style=\"clear:both\"><\/div><div class=\"mashsb-toggle-container\"><\/div><\/aside>\n            <!-- Share buttons by mashshare.net - Version: 4.0.47-->\n<p><em>Por Karen Rivera\/Zunoticia<\/em><\/p>\n\n\n\n<p><strong>Huejutla de Reyes, Hgo.-<\/strong> En pr\u00f3ximos d\u00edas se estar\u00e1 dando el banderazo de arranque a la rehabilitaci\u00f3n del tramo carretero La Corrala \u2013 Santa Cruz, obra anunciada por el Gobierno del Estado que encabeza Julio Menchaca Salazar.<\/p>\n\n\n\n<p>El Secretario de Infraestructura F\u00edsica y de Desarrollo Urbano Sostenible de Hidalgo, Alejandro S\u00e1nchez Garc\u00eda, anunci\u00f3 la rehabilitaci\u00f3n de la carretera La Corrala \u2013 Santa Cruz.<\/p>\n\n\n\n<p>En la reciente gira de trabajo de funcionarios estatales se dio a conocer sobre esta obra.<\/p>\n\n\n\n<p>Jos\u00e9 Hern\u00e1ndez, Romualdo Hern\u00e1ndez, Efra\u00edn Grande y Antioco Aquino Leyva, delegado e integrantes del comit\u00e9 de obras, as\u00ed como vecinos de La Corrala, agradecieron al Gobernador del Estado, Julio Menchaca Salazar, por el respaldo a las comunidades m\u00e1s marginadas y por llevar estas obras prioritarias.<\/p>\n\n\n\n<p>Cabe mencionar que, en pr\u00f3ximos d\u00edas se dar\u00e1 el banderazo de inicio de la obra por parte del Gobierno del Estado.<\/p>\n","protected":false},"excerpt":{"rendered":"<p>Por Karen Rivera\/Zunoticia Huejutla de Reyes, Hgo.- En pr\u00f3ximos d\u00edas se estar\u00e1 dando el banderazo de arranque a la rehabilitaci\u00f3n del tramo carretero La Corrala \u2013 Santa Cruz, obra anunciada por el Gobierno del Estado que encabeza Julio Menchaca Salazar. El Secretario de Infraestructura F\u00edsica y de Desarrollo Urbano Sostenible de Hidalgo, Alejandro S\u00e1nchez Garc\u00eda,&hellip; <a class=\"more-link\" href=\"https:\/\/www.zunoticia.com\/noticias-de-hidalgo\/2023\/08\/14\/rehabilitaran-el-tramo-la-corrala-santa-cruz\/\">Seguir leyendo <span class=\"screen-reader-text\">Rehabilitar\u00e1n el tramo La Corrala \u2013 Santa Cruz<\/span><\/a><\/p>\n","protected":false},"author":12,"featured_media":498709,"comment_status":"closed","ping_status":"open","sticky":false,"template":"","format":"standard","meta":{"rop_custom_images_group":[],"rop_custom_messages_group":[],"rop_publish_now":"initial","rop_publish_now_accounts":{"facebook_10159540855086992_322828327761733":""},"rop_publish_now_history":[],"rop_publish_now_status":"pending","footnotes":""},"categories":[181],"tags":[121],"class_list":["post-498708","post","type-post","status-publish","format-standard","has-post-thumbnail","hentry","category-huejutla","tag-huejutla","entry"],"_links":{"self":[{"href":"https:\/\/www.zunoticia.com\/noticias-de-hidalgo\/wp-json\/wp\/v2\/posts\/498708","targetHints":{"allow":["GET"]}}],"collection":[{"href":"https:\/\/www.zunoticia.com\/noticias-de-hidalgo\/wp-json\/wp\/v2\/posts"}],"about":[{"href":"https:\/\/www.zunoticia.com\/noticias-de-hidalgo\/wp-json\/wp\/v2\/types\/post"}],"author":[{"embeddable":true,"href":"https:\/\/www.zunoticia.com\/noticias-de-hidalgo\/wp-json\/wp\/v2\/users\/12"}],"replies":[{"embeddable":true,"href":"https:\/\/www.zunoticia.com\/noticias-de-hidalgo\/wp-json\/wp\/v2\/comments?post=498708"}],"version-history":[{"count":1,"href":"https:\/\/www.zunoticia.com\/noticias-de-hidalgo\/wp-json\/wp\/v2\/posts\/498708\/revisions"}],"predecessor-version":[{"id":498713,"href":"https:\/\/www.zunoticia.com\/noticias-de-hidalgo\/wp-json\/wp\/v2\/posts\/498708\/revisions\/498713"}],"wp:featuredmedia":[{"embeddable":true,"href":"https:\/\/www.zunoticia.com\/noticias-de-hidalgo\/wp-json\/wp\/v2\/media\/498709"}],"wp:attachment":[{"href":"https:\/\/www.zunoticia.com\/noticias-de-hidalgo\/wp-json\/wp\/v2\/media?parent=498708"}],"wp:term":[{"taxonomy":"category","embeddable":true,"href":"https:\/\/www.zunoticia.com\/noticias-de-hidalgo\/wp-json\/wp\/v2\/categories?post=498708"},{"taxonomy":"post_tag","embeddable":true,"href":"https:\/\/www.zunoticia.com\/noticias-de-hidalgo\/wp-json\/wp\/v2\/tags?post=498708"}],"curies":[{"name":"wp","href":"https:\/\/api.w.org\/{rel}","templated":true}]}}