{"id":498720,"date":"2023-08-14T20:41:37","date_gmt":"2023-08-15T02:41:37","guid":{"rendered":"https:\/\/www.zunoticia.com\/noticias-de-hidalgo\/?p=498720"},"modified":"2023-08-14T20:41:38","modified_gmt":"2023-08-15T02:41:38","slug":"gala-cultural-y-artistica-durante-la-clausura-de-los-cursos-de-verano","status":"publish","type":"post","link":"https:\/\/www.zunoticia.com\/noticias-de-hidalgo\/2023\/08\/14\/gala-cultural-y-artistica-durante-la-clausura-de-los-cursos-de-verano\/","title":{"rendered":"Gala cultural y art\u00edstica durante la clausura de los cursos de verano"},"content":{"rendered":"<aside class=\"mashsb-container mashsb-main mashsb-stretched\"><div class=\"mashsb-box\"><div class=\"mashsb-count mash-large\" style=\"float:left\"><div class=\"counts mashsbcount\">33<\/div><span class=\"mashsb-sharetext\">SHARES<\/span><\/div><div class=\"mashsb-buttons\"><a class=\"mashicon-facebook mash-large mash-center mashsb-noshadow\" href=\"https:\/\/www.facebook.com\/sharer.php?u=https%3A%2F%2Fwww.zunoticia.com%2Fnoticias-de-hidalgo%2F2023%2F08%2F14%2Fgala-cultural-y-artistica-durante-la-clausura-de-los-cursos-de-verano%2F\" target=\"_top\" rel=\"nofollow\"><span class=\"icon\"><\/span><span class=\"text\">Share<\/span><\/a><a class=\"mashicon-twitter mash-large mash-center mashsb-noshadow\" href=\"https:\/\/twitter.com\/intent\/tweet?text=&amp;url=https:\/\/www.zunoticia.com\/noticias-de-hidalgo\/2023\/08\/14\/gala-cultural-y-artistica-durante-la-clausura-de-los-cursos-de-verano\/\" target=\"_top\" rel=\"nofollow\"><span class=\"icon\"><\/span><span class=\"text\">Tweet<\/span><\/a><div class=\"onoffswitch2 mash-large mashsb-noshadow\" style=\"display:none\"><\/div><\/div>\n            <\/div>\n                <div style=\"clear:both\"><\/div><div class=\"mashsb-toggle-container\"><\/div><\/aside>\n            <!-- Share buttons by mashshare.net - Version: 4.0.47-->\n<p><em>Por Karen Rivera\/Zunoticia<\/em><\/p>\n\n\n\n<p><strong>Huejutla de Reyes, Hgo.-<\/strong> Con un festival colorido, lleno de arte y diversas exposiciones, se efectu\u00f3 la clausura de los cursos de verano.<\/p>\n\n\n\n<p>En representaci\u00f3n de presidente municipal, Daniel Andrade Zurutuza, acudi\u00f3 Leoncio Villegas Lara, Director de Educaci\u00f3n Municipal, as\u00ed como dem\u00e1s funcionarios del municipio.<\/p>\n\n\n\n<p>Ciento diecisiete estudiantes participaron en los cursos de dibujo, pintura, danza Folkl\u00f3rica, instrumentos huastecos y baile moderno.<\/p>\n\n\n\n<p>Finalmente, a cada uno de los participantes se les hizo entrega de un reconocimiento por haber participado en estos talleres.<\/p>\n","protected":false},"excerpt":{"rendered":"<p>Por Karen Rivera\/Zunoticia Huejutla de Reyes, Hgo.- Con un festival colorido, lleno de arte y diversas exposiciones, se efectu\u00f3 la clausura de los cursos de verano. En representaci\u00f3n de presidente municipal, Daniel Andrade Zurutuza, acudi\u00f3 Leoncio Villegas Lara, Director de Educaci\u00f3n Municipal, as\u00ed como dem\u00e1s funcionarios del municipio. Ciento diecisiete estudiantes participaron en los cursos&hellip; <a class=\"more-link\" href=\"https:\/\/www.zunoticia.com\/noticias-de-hidalgo\/2023\/08\/14\/gala-cultural-y-artistica-durante-la-clausura-de-los-cursos-de-verano\/\">Seguir leyendo <span class=\"screen-reader-text\">Gala cultural y art\u00edstica durante la clausura de los cursos de verano<\/span><\/a><\/p>\n","protected":false},"author":12,"featured_media":498721,"comment_status":"closed","ping_status":"open","sticky":false,"template":"","format":"standard","meta":{"rop_custom_images_group":[],"rop_custom_messages_group":[],"rop_publish_now":"initial","rop_publish_now_accounts":{"facebook_10159540855086992_322828327761733":""},"rop_publish_now_history":[],"rop_publish_now_status":"pending","footnotes":""},"categories":[181],"tags":[121],"class_list":["post-498720","post","type-post","status-publish","format-standard","has-post-thumbnail","hentry","category-huejutla","tag-huejutla","entry"],"_links":{"self":[{"href":"https:\/\/www.zunoticia.com\/noticias-de-hidalgo\/wp-json\/wp\/v2\/posts\/498720","targetHints":{"allow":["GET"]}}],"collection":[{"href":"https:\/\/www.zunoticia.com\/noticias-de-hidalgo\/wp-json\/wp\/v2\/posts"}],"about":[{"href":"https:\/\/www.zunoticia.com\/noticias-de-hidalgo\/wp-json\/wp\/v2\/types\/post"}],"author":[{"embeddable":true,"href":"https:\/\/www.zunoticia.com\/noticias-de-hidalgo\/wp-json\/wp\/v2\/users\/12"}],"replies":[{"embeddable":true,"href":"https:\/\/www.zunoticia.com\/noticias-de-hidalgo\/wp-json\/wp\/v2\/comments?post=498720"}],"version-history":[{"count":1,"href":"https:\/\/www.zunoticia.com\/noticias-de-hidalgo\/wp-json\/wp\/v2\/posts\/498720\/revisions"}],"predecessor-version":[{"id":498723,"href":"https:\/\/www.zunoticia.com\/noticias-de-hidalgo\/wp-json\/wp\/v2\/posts\/498720\/revisions\/498723"}],"wp:featuredmedia":[{"embeddable":true,"href":"https:\/\/www.zunoticia.com\/noticias-de-hidalgo\/wp-json\/wp\/v2\/media\/498721"}],"wp:attachment":[{"href":"https:\/\/www.zunoticia.com\/noticias-de-hidalgo\/wp-json\/wp\/v2\/media?parent=498720"}],"wp:term":[{"taxonomy":"category","embeddable":true,"href":"https:\/\/www.zunoticia.com\/noticias-de-hidalgo\/wp-json\/wp\/v2\/categories?post=498720"},{"taxonomy":"post_tag","embeddable":true,"href":"https:\/\/www.zunoticia.com\/noticias-de-hidalgo\/wp-json\/wp\/v2\/tags?post=498720"}],"curies":[{"name":"wp","href":"https:\/\/api.w.org\/{rel}","templated":true}]}}