{"id":498724,"date":"2023-08-14T20:42:44","date_gmt":"2023-08-15T02:42:44","guid":{"rendered":"https:\/\/www.zunoticia.com\/noticias-de-hidalgo\/?p=498724"},"modified":"2023-08-14T20:42:45","modified_gmt":"2023-08-15T02:42:45","slug":"dif-subsidiara-el-75-del-calzado-escolar","status":"publish","type":"post","link":"https:\/\/www.zunoticia.com\/noticias-de-hidalgo\/2023\/08\/14\/dif-subsidiara-el-75-del-calzado-escolar\/","title":{"rendered":"DIF subsidiar\u00e1 el 75% del calzado escolar"},"content":{"rendered":"<aside class=\"mashsb-container mashsb-main mashsb-stretched\"><div class=\"mashsb-box\"><div class=\"mashsb-count mash-large\" style=\"float:left\"><div class=\"counts mashsbcount\">21<\/div><span class=\"mashsb-sharetext\">SHARES<\/span><\/div><div class=\"mashsb-buttons\"><a class=\"mashicon-facebook mash-large mash-center mashsb-noshadow\" href=\"https:\/\/www.facebook.com\/sharer.php?u=https%3A%2F%2Fwww.zunoticia.com%2Fnoticias-de-hidalgo%2F2023%2F08%2F14%2Fdif-subsidiara-el-75-del-calzado-escolar%2F\" target=\"_top\" rel=\"nofollow\"><span class=\"icon\"><\/span><span class=\"text\">Share<\/span><\/a><a class=\"mashicon-twitter mash-large mash-center mashsb-noshadow\" href=\"https:\/\/twitter.com\/intent\/tweet?text=&amp;url=https:\/\/www.zunoticia.com\/noticias-de-hidalgo\/2023\/08\/14\/dif-subsidiara-el-75-del-calzado-escolar\/\" target=\"_top\" rel=\"nofollow\"><span class=\"icon\"><\/span><span class=\"text\">Tweet<\/span><\/a><div class=\"onoffswitch2 mash-large mashsb-noshadow\" style=\"display:none\"><\/div><\/div>\n            <\/div>\n                <div style=\"clear:both\"><\/div><div class=\"mashsb-toggle-container\"><\/div><\/aside>\n            <!-- Share buttons by mashshare.net - Version: 4.0.47-->\n<p><em>Por Karen Rivera\/Zunoticia<\/em><\/p>\n\n\n\n<p><strong>Huejutla de Reyes, Hgo.-<\/strong> Con la finalidad de aminorar los gastos por el pr\u00f3ximo ciclo escolar, la presidente del Sistema DIF Municipal, Carol Guadalupe Lara Flores, hace un atenta invitaci\u00f3n para que participen en la convocatoria \u201cCalzando de Coraz\u00f3n\u201d.<\/p>\n\n\n\n<p>Este programa consiste en el subsidio del 75% de calzado escolar, de nivel preescolar a primaria; apoyo que solo ser\u00e1 entregado a personas de escasos recursos.<\/p>\n\n\n\n<p>Los interesados deber\u00e1n presentarse con la documentaci\u00f3n completa en el \u00e1rea de Trabajo Social los d\u00edas 14, 15 y 16 de agosto, de 8:30 a.m. a 4:30 p.m.<\/p>\n\n\n\n<p>Cabe mencionar que se llevar\u00e1 a cabo un proceso de selecci\u00f3n de los beneficiarios para este programa.<\/p>\n\n\n\n<p>Los requisitos son: comprobante de domicilio, acta de nacimiento y CURP de la madre, padre o tutor, as\u00ed como del menor, comprobante de estudios y la aplicaci\u00f3n de un estudio socioecon\u00f3mico.<\/p>\n","protected":false},"excerpt":{"rendered":"<p>Por Karen Rivera\/Zunoticia Huejutla de Reyes, Hgo.- Con la finalidad de aminorar los gastos por el pr\u00f3ximo ciclo escolar, la presidente del Sistema DIF Municipal, Carol Guadalupe Lara Flores, hace un atenta invitaci\u00f3n para que participen en la convocatoria \u201cCalzando de Coraz\u00f3n\u201d. Este programa consiste en el subsidio del 75% de calzado escolar, de nivel&hellip; <a class=\"more-link\" href=\"https:\/\/www.zunoticia.com\/noticias-de-hidalgo\/2023\/08\/14\/dif-subsidiara-el-75-del-calzado-escolar\/\">Seguir leyendo <span class=\"screen-reader-text\">DIF subsidiar\u00e1 el 75% del calzado escolar<\/span><\/a><\/p>\n","protected":false},"author":12,"featured_media":498722,"comment_status":"closed","ping_status":"open","sticky":false,"template":"","format":"standard","meta":{"rop_custom_images_group":[],"rop_custom_messages_group":[],"rop_publish_now":"initial","rop_publish_now_accounts":{"facebook_10159540855086992_322828327761733":""},"rop_publish_now_history":[],"rop_publish_now_status":"pending","footnotes":""},"categories":[181],"tags":[121],"class_list":["post-498724","post","type-post","status-publish","format-standard","has-post-thumbnail","hentry","category-huejutla","tag-huejutla","entry"],"_links":{"self":[{"href":"https:\/\/www.zunoticia.com\/noticias-de-hidalgo\/wp-json\/wp\/v2\/posts\/498724","targetHints":{"allow":["GET"]}}],"collection":[{"href":"https:\/\/www.zunoticia.com\/noticias-de-hidalgo\/wp-json\/wp\/v2\/posts"}],"about":[{"href":"https:\/\/www.zunoticia.com\/noticias-de-hidalgo\/wp-json\/wp\/v2\/types\/post"}],"author":[{"embeddable":true,"href":"https:\/\/www.zunoticia.com\/noticias-de-hidalgo\/wp-json\/wp\/v2\/users\/12"}],"replies":[{"embeddable":true,"href":"https:\/\/www.zunoticia.com\/noticias-de-hidalgo\/wp-json\/wp\/v2\/comments?post=498724"}],"version-history":[{"count":1,"href":"https:\/\/www.zunoticia.com\/noticias-de-hidalgo\/wp-json\/wp\/v2\/posts\/498724\/revisions"}],"predecessor-version":[{"id":498725,"href":"https:\/\/www.zunoticia.com\/noticias-de-hidalgo\/wp-json\/wp\/v2\/posts\/498724\/revisions\/498725"}],"wp:featuredmedia":[{"embeddable":true,"href":"https:\/\/www.zunoticia.com\/noticias-de-hidalgo\/wp-json\/wp\/v2\/media\/498722"}],"wp:attachment":[{"href":"https:\/\/www.zunoticia.com\/noticias-de-hidalgo\/wp-json\/wp\/v2\/media?parent=498724"}],"wp:term":[{"taxonomy":"category","embeddable":true,"href":"https:\/\/www.zunoticia.com\/noticias-de-hidalgo\/wp-json\/wp\/v2\/categories?post=498724"},{"taxonomy":"post_tag","embeddable":true,"href":"https:\/\/www.zunoticia.com\/noticias-de-hidalgo\/wp-json\/wp\/v2\/tags?post=498724"}],"curies":[{"name":"wp","href":"https:\/\/api.w.org\/{rel}","templated":true}]}}