{"id":498741,"date":"2023-08-14T23:57:04","date_gmt":"2023-08-15T05:57:04","guid":{"rendered":"https:\/\/www.zunoticia.com\/noticias-de-hidalgo\/?p=498741"},"modified":"2023-08-14T23:57:06","modified_gmt":"2023-08-15T05:57:06","slug":"agenda-deportiva-153","status":"publish","type":"post","link":"https:\/\/www.zunoticia.com\/noticias-de-hidalgo\/2023\/08\/14\/agenda-deportiva-153\/","title":{"rendered":"Agenda Deportiva"},"content":{"rendered":"<aside class=\"mashsb-container mashsb-main mashsb-stretched\"><div class=\"mashsb-box\"><div class=\"mashsb-count mash-large\" style=\"float:left\"><div class=\"counts mashsbcount\">7<\/div><span class=\"mashsb-sharetext\">SHARES<\/span><\/div><div class=\"mashsb-buttons\"><a class=\"mashicon-facebook mash-large mash-center mashsb-noshadow\" href=\"https:\/\/www.facebook.com\/sharer.php?u=https%3A%2F%2Fwww.zunoticia.com%2Fnoticias-de-hidalgo%2F2023%2F08%2F14%2Fagenda-deportiva-153%2F\" target=\"_top\" rel=\"nofollow\"><span class=\"icon\"><\/span><span class=\"text\">Share<\/span><\/a><a class=\"mashicon-twitter mash-large mash-center mashsb-noshadow\" href=\"https:\/\/twitter.com\/intent\/tweet?text=&amp;url=https:\/\/www.zunoticia.com\/noticias-de-hidalgo\/2023\/08\/14\/agenda-deportiva-153\/\" target=\"_top\" rel=\"nofollow\"><span class=\"icon\"><\/span><span class=\"text\">Tweet<\/span><\/a><div class=\"onoffswitch2 mash-large mashsb-noshadow\" style=\"display:none\"><\/div><\/div>\n            <\/div>\n                <div style=\"clear:both\"><\/div><div class=\"mashsb-toggle-container\"><\/div><\/aside>\n            <!-- Share buttons by mashshare.net - Version: 4.0.47-->\n<p><em>Por Jos\u00e9 Luis Romero Ruiz\/Zunoticia<\/em><\/p>\n\n\n\n<p><strong><em>Curso de verano<\/em><\/strong><\/p>\n\n\n\n<p><strong>Huejutla, Hgo.-<\/strong> Contin\u00faa por cuarta semana consecutiva el 1er curso de verano de voleibol en el auditorio municipal de esta ciudad, impartido por el jugador profesional Javier Alejandro Melo Mares y del instructor Rafael Manuel Gaspar.<\/p>\n\n\n\n<p><strong><em>Arrancar\u00e1 J8 de la LMFV<\/em><\/strong><\/p>\n\n\n\n<p>El presidente de la Liga Municipal de F\u00fatbol de Veteranos (LMFV), Octavio Torres Mart\u00ednez inform\u00f3 que, el martes 15 de agosto del presente a\u00f1o, retomar\u00e1n la actividad de la jornada 8, tras las vacaciones de verano.<\/p>\n\n\n\n<p>Torres Mart\u00ednez present\u00f3 el rol de la jornada 8: en el corral blanco 1: A las 17:00 horas Deportivo Telesecundarias vs. Tecnol\u00f3gico de Huejutla, en el corral blanco 2: A las 17:00 horas Rancho Viejo vs.\u00a0 Abarrotes San Judas Tadeo, y en el corral blanco 3: a las 17:00 horas 84 Batall\u00f3n vs.\u00a0 Deportivo Colalambre, finaliz\u00f3.<\/p>\n","protected":false},"excerpt":{"rendered":"<p>Por Jos\u00e9 Luis Romero Ruiz\/Zunoticia Curso de verano Huejutla, Hgo.- Contin\u00faa por cuarta semana consecutiva el 1er curso de verano de voleibol en el auditorio municipal de esta ciudad, impartido por el jugador profesional Javier Alejandro Melo Mares y del instructor Rafael Manuel Gaspar. Arrancar\u00e1 J8 de la LMFV El presidente de la Liga Municipal&hellip; <a class=\"more-link\" href=\"https:\/\/www.zunoticia.com\/noticias-de-hidalgo\/2023\/08\/14\/agenda-deportiva-153\/\">Seguir leyendo <span class=\"screen-reader-text\">Agenda Deportiva<\/span><\/a><\/p>\n","protected":false},"author":12,"featured_media":498731,"comment_status":"closed","ping_status":"open","sticky":false,"template":"","format":"standard","meta":{"rop_custom_images_group":[],"rop_custom_messages_group":[],"rop_publish_now":"initial","rop_publish_now_accounts":{"facebook_10159540855086992_322828327761733":""},"rop_publish_now_history":[],"rop_publish_now_status":"pending","footnotes":""},"categories":[177],"tags":[215],"class_list":["post-498741","post","type-post","status-publish","format-standard","has-post-thumbnail","hentry","category-deportes","tag-deportes","entry"],"_links":{"self":[{"href":"https:\/\/www.zunoticia.com\/noticias-de-hidalgo\/wp-json\/wp\/v2\/posts\/498741","targetHints":{"allow":["GET"]}}],"collection":[{"href":"https:\/\/www.zunoticia.com\/noticias-de-hidalgo\/wp-json\/wp\/v2\/posts"}],"about":[{"href":"https:\/\/www.zunoticia.com\/noticias-de-hidalgo\/wp-json\/wp\/v2\/types\/post"}],"author":[{"embeddable":true,"href":"https:\/\/www.zunoticia.com\/noticias-de-hidalgo\/wp-json\/wp\/v2\/users\/12"}],"replies":[{"embeddable":true,"href":"https:\/\/www.zunoticia.com\/noticias-de-hidalgo\/wp-json\/wp\/v2\/comments?post=498741"}],"version-history":[{"count":1,"href":"https:\/\/www.zunoticia.com\/noticias-de-hidalgo\/wp-json\/wp\/v2\/posts\/498741\/revisions"}],"predecessor-version":[{"id":498742,"href":"https:\/\/www.zunoticia.com\/noticias-de-hidalgo\/wp-json\/wp\/v2\/posts\/498741\/revisions\/498742"}],"wp:featuredmedia":[{"embeddable":true,"href":"https:\/\/www.zunoticia.com\/noticias-de-hidalgo\/wp-json\/wp\/v2\/media\/498731"}],"wp:attachment":[{"href":"https:\/\/www.zunoticia.com\/noticias-de-hidalgo\/wp-json\/wp\/v2\/media?parent=498741"}],"wp:term":[{"taxonomy":"category","embeddable":true,"href":"https:\/\/www.zunoticia.com\/noticias-de-hidalgo\/wp-json\/wp\/v2\/categories?post=498741"},{"taxonomy":"post_tag","embeddable":true,"href":"https:\/\/www.zunoticia.com\/noticias-de-hidalgo\/wp-json\/wp\/v2\/tags?post=498741"}],"curies":[{"name":"wp","href":"https:\/\/api.w.org\/{rel}","templated":true}]}}