{"id":498920,"date":"2023-08-16T13:07:51","date_gmt":"2023-08-16T19:07:51","guid":{"rendered":"https:\/\/www.zunoticia.com\/noticias-de-hidalgo\/?p=498920"},"modified":"2023-08-16T13:07:52","modified_gmt":"2023-08-16T19:07:52","slug":"ieeh-y-cecultah-inauguran-exposicion-yo-mis-derechos-y-los-valores-de-la-democracia","status":"publish","type":"post","link":"https:\/\/www.zunoticia.com\/noticias-de-hidalgo\/2023\/08\/16\/ieeh-y-cecultah-inauguran-exposicion-yo-mis-derechos-y-los-valores-de-la-democracia\/","title":{"rendered":"IEEH y CECULTAH inauguran exposici\u00f3n \u201cYo, mis Derechos y los Valores de la Democracia\u201d"},"content":{"rendered":"<aside class=\"mashsb-container mashsb-main mashsb-stretched\"><div class=\"mashsb-box\"><div class=\"mashsb-count mash-large\" style=\"float:left\"><div class=\"counts mashsbcount\">1<\/div><span class=\"mashsb-sharetext\">SHARES<\/span><\/div><div class=\"mashsb-buttons\"><a class=\"mashicon-facebook mash-large mash-center mashsb-noshadow\" href=\"https:\/\/www.facebook.com\/sharer.php?u=https%3A%2F%2Fwww.zunoticia.com%2Fnoticias-de-hidalgo%2F2023%2F08%2F16%2Fieeh-y-cecultah-inauguran-exposicion-yo-mis-derechos-y-los-valores-de-la-democracia%2F\" target=\"_top\" rel=\"nofollow\"><span class=\"icon\"><\/span><span class=\"text\">Share<\/span><\/a><a class=\"mashicon-twitter mash-large mash-center mashsb-noshadow\" href=\"https:\/\/twitter.com\/intent\/tweet?text=&amp;url=https:\/\/www.zunoticia.com\/noticias-de-hidalgo\/2023\/08\/16\/ieeh-y-cecultah-inauguran-exposicion-yo-mis-derechos-y-los-valores-de-la-democracia\/\" target=\"_top\" rel=\"nofollow\"><span class=\"icon\"><\/span><span class=\"text\">Tweet<\/span><\/a><div class=\"onoffswitch2 mash-large mashsb-noshadow\" style=\"display:none\"><\/div><\/div>\n            <\/div>\n                <div style=\"clear:both\"><\/div><div class=\"mashsb-toggle-container\"><\/div><\/aside>\n            <!-- Share buttons by mashshare.net - Version: 4.0.47-->\n<p><em>Por Redacci\u00f3n\/Zunoticia<\/em><\/p>\n\n\n\n<p><strong>Pachuca de Soto, Hgo.-<\/strong> En el marco del Convenio de Responsabilidad entre el Instituto Estatal Electoral de Hidalgo (IEEH) y el Consejo Estatal para la Cultura y las Artes de Hidalgo (CECULTAH) para la exposici\u00f3n de carteles infantiles denominada \u201cYo, mis Derechos y los Valores de la Democracia\u201d, fue inaugurada dicha exposici\u00f3n por ambas instituciones en las instalaciones de la Galer\u00eda del Centro de las Artes del Estado de Hidalgo.<\/p>\n\n\n\n<p>Esta colecci\u00f3n cuenta con 70 piezas de arte pertenecientes a ni\u00f1as, ni\u00f1os y adolescentes de 10 a 13 a\u00f1os de edad originarios de 13 municipios de la entidad, quienes, a trav\u00e9s de sus trabajos, resultaron ser los m\u00e1s votados en el Primer Concurso de Cartel Infantil \u201cViviendo los Valores de la Democracia\u201d, organizado por este Instituto en el marco del D\u00eda de la Ni\u00f1ez, y el cual tuvo la finalidad de promover los valores de la democracia y la construcci\u00f3n de ciudadan\u00eda en las infancias.<\/p>\n\n\n\n<p>Derivado de lo anterior y como resultado de las alianzas estrat\u00e9gicas que se establecieron entre el IEEH y el CECULTAH, se acord\u00f3 coadyuvar en conjunto para el desarrollo de la exposici\u00f3n de los carteles con el fin de ampliar el alcance de los resultados del mencionado Concurso, mediante acciones que coadyuven a contrarrestar la baja participaci\u00f3n del alumnado en actividades de Cultura C\u00edvica a trav\u00e9s de la expresi\u00f3n art\u00edstica, como uno de los recursos fundamentales para conocer los pensamientos, sentimientos y necesidades en las infancias y las adolescencias.<\/p>\n\n\n\n<p>Durante la ceremonia de inauguraci\u00f3n, la consejera presidenta Mar\u00eda Magdalena Gonz\u00e1lez Escalona, reconoci\u00f3 la participaci\u00f3n de las ni\u00f1as y ni\u00f1os que a trav\u00e9s de dibujos reflejaron los valores de la democracia como una herramienta para visualizar la cultura c\u00edvica, invit\u00e1ndoles a que contin\u00faen formando parte de los espacios de participaci\u00f3n para la construcci\u00f3n de sociedades en las que todas las voces sean escuchadas.<\/p>\n\n\n\n<p>En el mismo sentido, Diana Rangel Z\u00fa\u00f1iga, directora del Centro de las Artes de Hidalgo, destac\u00f3 que con esta colaboraci\u00f3n se busca incentivar a las infancias para acercarse a las artes, en esta ocasi\u00f3n mostrando sus trabajos, los cuales abordan desde sus puntos de vista el significado y los valores que conlleva el ejercicio de la democracia.<\/p>\n\n\n\n<p>La apropiaci\u00f3n de los valores democr\u00e1ticos es un camino para realizarse como personas, ya que proporcionan pautas para desarrollar metas y prop\u00f3sitos tanto personales como colectivos, adem\u00e1s, reflejan intereses, sentimientos y convicciones, por lo que son la base para vivir en comunidad y relacionarse con las dem\u00e1s personas, es as\u00ed que plasmar en un cartel un tema tan complejo como los valores de la democracia permite conocer que la expresi\u00f3n art\u00edstica es tambi\u00e9n un elemento imprescindible durante la madurez intelectual y emocional de las infancias.<\/p>\n\n\n\n<p>Esta actividad estuvo acompa\u00f1ada por las Consejer\u00edas Electorales de este Instituto; de Mar\u00eda Guadalupe Alvarado Garc\u00eda, secretaria ejecutiva Sistema Integral de Protecci\u00f3n de Ni\u00f1as, Ni\u00f1os y Adolescentes en el Estado de Hidalgo (SIPINNA HIDALGO) y de la representaci\u00f3n de la Comisi\u00f3n de Derechos Humanos del Estado de Hidalgo (CDHEH). La exposici\u00f3n estar\u00e1 disponible hasta el 28 de agosto de 2023 en la Galer\u00eda del Centro de Las Artes del Estado de Hidalgo.<\/p>\n\n\n\n<figure class=\"wp-block-image size-full\"><img fetchpriority=\"high\" decoding=\"async\" width=\"940\" height=\"788\" src=\"https:\/\/www.zunoticia.com\/noticias-de-hidalgo\/wp-content\/uploads\/2023\/08\/Diseno-sin-titulo-180.png\" alt=\"\" class=\"wp-image-498922\" srcset=\"https:\/\/www.zunoticia.com\/noticias-de-hidalgo\/wp-content\/uploads\/2023\/08\/Diseno-sin-titulo-180.png 940w, https:\/\/www.zunoticia.com\/noticias-de-hidalgo\/wp-content\/uploads\/2023\/08\/Diseno-sin-titulo-180-300x251.png 300w, https:\/\/www.zunoticia.com\/noticias-de-hidalgo\/wp-content\/uploads\/2023\/08\/Diseno-sin-titulo-180-768x644.png 768w\" sizes=\"(max-width: 940px) 100vw, 940px\" \/><\/figure>\n","protected":false},"excerpt":{"rendered":"<p>Por Redacci\u00f3n\/Zunoticia Pachuca de Soto, Hgo.- En el marco del Convenio de Responsabilidad entre el Instituto Estatal Electoral de Hidalgo (IEEH) y el Consejo Estatal para la Cultura y las Artes de Hidalgo (CECULTAH) para la exposici\u00f3n de carteles infantiles denominada \u201cYo, mis Derechos y los Valores de la Democracia\u201d, fue inaugurada dicha exposici\u00f3n por&hellip; <a class=\"more-link\" href=\"https:\/\/www.zunoticia.com\/noticias-de-hidalgo\/2023\/08\/16\/ieeh-y-cecultah-inauguran-exposicion-yo-mis-derechos-y-los-valores-de-la-democracia\/\">Seguir leyendo <span class=\"screen-reader-text\">IEEH y CECULTAH inauguran exposici\u00f3n \u201cYo, mis Derechos y los Valores de la Democracia\u201d<\/span><\/a><\/p>\n","protected":false},"author":20,"featured_media":498921,"comment_status":"closed","ping_status":"open","sticky":false,"template":"","format":"standard","meta":{"rop_custom_images_group":[],"rop_custom_messages_group":[],"rop_publish_now":"initial","rop_publish_now_accounts":{"facebook_10159540855086992_322828327761733":""},"rop_publish_now_history":[],"rop_publish_now_status":"pending","footnotes":""},"categories":[208],"tags":[214],"class_list":["post-498920","post","type-post","status-publish","format-standard","has-post-thumbnail","hentry","category-estado","tag-estado","entry"],"_links":{"self":[{"href":"https:\/\/www.zunoticia.com\/noticias-de-hidalgo\/wp-json\/wp\/v2\/posts\/498920","targetHints":{"allow":["GET"]}}],"collection":[{"href":"https:\/\/www.zunoticia.com\/noticias-de-hidalgo\/wp-json\/wp\/v2\/posts"}],"about":[{"href":"https:\/\/www.zunoticia.com\/noticias-de-hidalgo\/wp-json\/wp\/v2\/types\/post"}],"author":[{"embeddable":true,"href":"https:\/\/www.zunoticia.com\/noticias-de-hidalgo\/wp-json\/wp\/v2\/users\/20"}],"replies":[{"embeddable":true,"href":"https:\/\/www.zunoticia.com\/noticias-de-hidalgo\/wp-json\/wp\/v2\/comments?post=498920"}],"version-history":[{"count":1,"href":"https:\/\/www.zunoticia.com\/noticias-de-hidalgo\/wp-json\/wp\/v2\/posts\/498920\/revisions"}],"predecessor-version":[{"id":498923,"href":"https:\/\/www.zunoticia.com\/noticias-de-hidalgo\/wp-json\/wp\/v2\/posts\/498920\/revisions\/498923"}],"wp:featuredmedia":[{"embeddable":true,"href":"https:\/\/www.zunoticia.com\/noticias-de-hidalgo\/wp-json\/wp\/v2\/media\/498921"}],"wp:attachment":[{"href":"https:\/\/www.zunoticia.com\/noticias-de-hidalgo\/wp-json\/wp\/v2\/media?parent=498920"}],"wp:term":[{"taxonomy":"category","embeddable":true,"href":"https:\/\/www.zunoticia.com\/noticias-de-hidalgo\/wp-json\/wp\/v2\/categories?post=498920"},{"taxonomy":"post_tag","embeddable":true,"href":"https:\/\/www.zunoticia.com\/noticias-de-hidalgo\/wp-json\/wp\/v2\/tags?post=498920"}],"curies":[{"name":"wp","href":"https:\/\/api.w.org\/{rel}","templated":true}]}}