{"id":498924,"date":"2023-08-16T13:29:03","date_gmt":"2023-08-16T19:29:03","guid":{"rendered":"https:\/\/www.zunoticia.com\/noticias-de-hidalgo\/?p=498924"},"modified":"2023-08-16T13:29:04","modified_gmt":"2023-08-16T19:29:04","slug":"huitzitzilingo-y-ahuatitla-sin-energia-electrica-y-sin-senal","status":"publish","type":"post","link":"https:\/\/www.zunoticia.com\/noticias-de-hidalgo\/2023\/08\/16\/huitzitzilingo-y-ahuatitla-sin-energia-electrica-y-sin-senal\/","title":{"rendered":"Huitzitzilingo y Ahuatitla sin energ\u00eda el\u00e9ctrica y sin se\u00f1al"},"content":{"rendered":"<aside class=\"mashsb-container mashsb-main mashsb-stretched\"><div class=\"mashsb-box\"><div class=\"mashsb-count mash-large\" style=\"float:left\"><div class=\"counts mashsbcount\">63<\/div><span class=\"mashsb-sharetext\">SHARES<\/span><\/div><div class=\"mashsb-buttons\"><a class=\"mashicon-facebook mash-large mash-center mashsb-noshadow\" href=\"https:\/\/www.facebook.com\/sharer.php?u=https%3A%2F%2Fwww.zunoticia.com%2Fnoticias-de-hidalgo%2F2023%2F08%2F16%2Fhuitzitzilingo-y-ahuatitla-sin-energia-electrica-y-sin-senal%2F\" target=\"_top\" rel=\"nofollow\"><span class=\"icon\"><\/span><span class=\"text\">Share<\/span><\/a><a class=\"mashicon-twitter mash-large mash-center mashsb-noshadow\" href=\"https:\/\/twitter.com\/intent\/tweet?text=&amp;url=https:\/\/www.zunoticia.com\/noticias-de-hidalgo\/2023\/08\/16\/huitzitzilingo-y-ahuatitla-sin-energia-electrica-y-sin-senal\/\" target=\"_top\" rel=\"nofollow\"><span class=\"icon\"><\/span><span class=\"text\">Tweet<\/span><\/a><div class=\"onoffswitch2 mash-large mashsb-noshadow\" style=\"display:none\"><\/div><\/div>\n            <\/div>\n                <div style=\"clear:both\"><\/div><div class=\"mashsb-toggle-container\"><\/div><\/aside>\n            <!-- Share buttons by mashshare.net - Version: 4.0.47-->\n<p><em>Por \u00c1ngel Silverio\/Zunoticia<\/em><\/p>\n\n\n\n<p><strong>San Felipe Orizatl\u00e1n, Hgo<\/strong>.-&nbsp; Luego de la tromba registrada el pasado martes por la tarde en la delegaci\u00f3n de Huitzitzilingo y Ahuatitla, estas quedaron sin el servicio de energ\u00eda el\u00e9ctrica, sin se\u00f1al de celular y telefon\u00eda, por lo que piden a la Comisi\u00f3n Federal de Electricidad (CFE) que atiendan esta situaci\u00f3n, ya que comienzan a tener p\u00e9rdidas en sus hogares.<\/p>\n\n\n\n<p>Luego del ventarr\u00f3n registrado, ocasion\u00f3 la ca\u00edda de \u00e1rboles en la calle principal, cayendo sobre los cables de energ\u00eda el\u00e9ctrica, reventando y ocasionando que se quedar\u00e1n sin el servicio, teniendo ya varias horas sin energ\u00eda y hasta el momento no ha acudido personal de la paraestatal.<\/p>\n\n\n\n<p>Debido a ello, la molestia de los usuarios ha comenzado a presentarse ya que, tras varias horas sin energ\u00eda el\u00e9ctrica, se han echado a perder los alimentos y medicamentos que necesitan estar en refrigeraci\u00f3n, aunado a que algunos electrodom\u00e9sticos se han descompuesto, pues previo al ventarr\u00f3n se registraron apagones continuos.<\/p>\n\n\n\n<p>Cabe mencionar que, tambi\u00e9n en la delegaci\u00f3n de Ahuatitla, se vive el mismo problema adem\u00e1s de que ambas comunidades se encuentran sin se\u00f1al de telefon\u00eda m\u00f3vil y sin internet, haci\u00e9ndose imposible comunicarse.<\/p>\n","protected":false},"excerpt":{"rendered":"<p>Por \u00c1ngel Silverio\/Zunoticia San Felipe Orizatl\u00e1n, Hgo.-&nbsp; Luego de la tromba registrada el pasado martes por la tarde en la delegaci\u00f3n de Huitzitzilingo y Ahuatitla, estas quedaron sin el servicio de energ\u00eda el\u00e9ctrica, sin se\u00f1al de celular y telefon\u00eda, por lo que piden a la Comisi\u00f3n Federal de Electricidad (CFE) que atiendan esta situaci\u00f3n, ya&hellip; <a class=\"more-link\" href=\"https:\/\/www.zunoticia.com\/noticias-de-hidalgo\/2023\/08\/16\/huitzitzilingo-y-ahuatitla-sin-energia-electrica-y-sin-senal\/\">Seguir leyendo <span class=\"screen-reader-text\">Huitzitzilingo y Ahuatitla sin energ\u00eda el\u00e9ctrica y sin se\u00f1al<\/span><\/a><\/p>\n","protected":false},"author":20,"featured_media":498925,"comment_status":"closed","ping_status":"open","sticky":false,"template":"","format":"standard","meta":{"rop_custom_images_group":[],"rop_custom_messages_group":[],"rop_publish_now":"initial","rop_publish_now_accounts":{"facebook_10159540855086992_322828327761733":""},"rop_publish_now_history":[],"rop_publish_now_status":"pending","footnotes":""},"categories":[180],"tags":[129],"class_list":["post-498924","post","type-post","status-publish","format-standard","has-post-thumbnail","hentry","category-orizatlan","tag-orizatlan","entry"],"_links":{"self":[{"href":"https:\/\/www.zunoticia.com\/noticias-de-hidalgo\/wp-json\/wp\/v2\/posts\/498924","targetHints":{"allow":["GET"]}}],"collection":[{"href":"https:\/\/www.zunoticia.com\/noticias-de-hidalgo\/wp-json\/wp\/v2\/posts"}],"about":[{"href":"https:\/\/www.zunoticia.com\/noticias-de-hidalgo\/wp-json\/wp\/v2\/types\/post"}],"author":[{"embeddable":true,"href":"https:\/\/www.zunoticia.com\/noticias-de-hidalgo\/wp-json\/wp\/v2\/users\/20"}],"replies":[{"embeddable":true,"href":"https:\/\/www.zunoticia.com\/noticias-de-hidalgo\/wp-json\/wp\/v2\/comments?post=498924"}],"version-history":[{"count":1,"href":"https:\/\/www.zunoticia.com\/noticias-de-hidalgo\/wp-json\/wp\/v2\/posts\/498924\/revisions"}],"predecessor-version":[{"id":498926,"href":"https:\/\/www.zunoticia.com\/noticias-de-hidalgo\/wp-json\/wp\/v2\/posts\/498924\/revisions\/498926"}],"wp:featuredmedia":[{"embeddable":true,"href":"https:\/\/www.zunoticia.com\/noticias-de-hidalgo\/wp-json\/wp\/v2\/media\/498925"}],"wp:attachment":[{"href":"https:\/\/www.zunoticia.com\/noticias-de-hidalgo\/wp-json\/wp\/v2\/media?parent=498924"}],"wp:term":[{"taxonomy":"category","embeddable":true,"href":"https:\/\/www.zunoticia.com\/noticias-de-hidalgo\/wp-json\/wp\/v2\/categories?post=498924"},{"taxonomy":"post_tag","embeddable":true,"href":"https:\/\/www.zunoticia.com\/noticias-de-hidalgo\/wp-json\/wp\/v2\/tags?post=498924"}],"curies":[{"name":"wp","href":"https:\/\/api.w.org\/{rel}","templated":true}]}}