{"id":498939,"date":"2023-08-16T14:37:22","date_gmt":"2023-08-16T20:37:22","guid":{"rendered":"https:\/\/www.zunoticia.com\/noticias-de-hidalgo\/?p=498939"},"modified":"2023-08-16T14:37:23","modified_gmt":"2023-08-16T20:37:23","slug":"comerciantes-huejutlenses-esperan-con-ansias-el-inicio-del-ciclo-escolar","status":"publish","type":"post","link":"https:\/\/www.zunoticia.com\/noticias-de-hidalgo\/2023\/08\/16\/comerciantes-huejutlenses-esperan-con-ansias-el-inicio-del-ciclo-escolar\/","title":{"rendered":"Comerciantes huejutlenses esperan con ansias el inicio del Ciclo Escolar"},"content":{"rendered":"<aside class=\"mashsb-container mashsb-main mashsb-stretched\"><div class=\"mashsb-box\"><div class=\"mashsb-count mash-large\" style=\"float:left\"><div class=\"counts mashsbcount\">12<\/div><span class=\"mashsb-sharetext\">SHARES<\/span><\/div><div class=\"mashsb-buttons\"><a class=\"mashicon-facebook mash-large mash-center mashsb-noshadow\" href=\"https:\/\/www.facebook.com\/sharer.php?u=https%3A%2F%2Fwww.zunoticia.com%2Fnoticias-de-hidalgo%2F2023%2F08%2F16%2Fcomerciantes-huejutlenses-esperan-con-ansias-el-inicio-del-ciclo-escolar%2F\" target=\"_top\" rel=\"nofollow\"><span class=\"icon\"><\/span><span class=\"text\">Share<\/span><\/a><a class=\"mashicon-twitter mash-large mash-center mashsb-noshadow\" href=\"https:\/\/twitter.com\/intent\/tweet?text=&amp;url=https:\/\/www.zunoticia.com\/noticias-de-hidalgo\/2023\/08\/16\/comerciantes-huejutlenses-esperan-con-ansias-el-inicio-del-ciclo-escolar\/\" target=\"_top\" rel=\"nofollow\"><span class=\"icon\"><\/span><span class=\"text\">Tweet<\/span><\/a><div class=\"onoffswitch2 mash-large mashsb-noshadow\" style=\"display:none\"><\/div><\/div>\n            <\/div>\n                <div style=\"clear:both\"><\/div><div class=\"mashsb-toggle-container\"><\/div><\/aside>\n            <!-- Share buttons by mashshare.net - Version: 4.0.47-->\n<p><em>Por Enedino Hern\u00e1ndez\/Zunoticia<\/em><\/p>\n\n\n\n<p><strong>Huejutla, Hgo<\/strong>.- \u201cTodos los comerciantes de Huejutla esperan con muchas ansias el inicio del siguiente Ciclo Escolar 2023-2024, pues con el regreso a clases de las diversas instituciones educativas se traduce en mayor actividad comercial\u201d, as\u00ed lo expone el representante de los comerciantes Locatarios del Centro, Emanuel Hern\u00e1ndez.<\/p>\n\n\n\n<p>Dijo que, el inicio de clases representa un buen incremento en las ventas, pues todos los padres de familia con hijos en los diferentes niveles educativos, salen a comprar lo que se les requiere en las escuelas, ropa, calzado, \u00fatiles escolares y dem\u00e1s art\u00edculos que son lo m\u00e1s importante por estas fechas y que podr\u00e1n encontrar en la ciudad de Huejutla.<\/p>\n\n\n\n<p>Reconoci\u00f3 que, ya se pas\u00f3 \u201cese trago amargo\u201d de la pandemia, ahora se espera una normalizaci\u00f3n y una buena alza en las ventas, por lo que recomend\u00f3 a los clientes que tengan la preferencia para poder comprar sus productos en los establecimientos comerciales locales, para que la econom\u00eda vuelva a reactivarse como anteriormente estaba.<\/p>\n\n\n\n<p>Adelant\u00f3 que, se tiene la confianza de poder reactivar la actividad comercial y por lo menos llegar de un 70% al 100%, m\u00e1s de lo que actualmente se maneja, ya que despu\u00e9s del periodo de clausuras se \u201capag\u00f3\u201d pr\u00e1cticamente la actividad comercial, que conf\u00edan se pueda reactivar en los d\u00edas siguientes.<\/p>\n\n\n\n<p>Concluy\u00f3 que, para la temporada del inicio del ciclo escolar se espera un mayor movimiento comercial en los establecimientos dedicados a la venta de \u00fatiles escolares como son papeler\u00edas, zapater\u00edas, tiendas de uniformes, entre otros.<\/p>\n\n\n\n<p><\/p>\n","protected":false},"excerpt":{"rendered":"<p>Por Enedino Hern\u00e1ndez\/Zunoticia Huejutla, Hgo.- \u201cTodos los comerciantes de Huejutla esperan con muchas ansias el inicio del siguiente Ciclo Escolar 2023-2024, pues con el regreso a clases de las diversas instituciones educativas se traduce en mayor actividad comercial\u201d, as\u00ed lo expone el representante de los comerciantes Locatarios del Centro, Emanuel Hern\u00e1ndez. Dijo que, el inicio&hellip; <a class=\"more-link\" href=\"https:\/\/www.zunoticia.com\/noticias-de-hidalgo\/2023\/08\/16\/comerciantes-huejutlenses-esperan-con-ansias-el-inicio-del-ciclo-escolar\/\">Seguir leyendo <span class=\"screen-reader-text\">Comerciantes huejutlenses esperan con ansias el inicio del Ciclo Escolar<\/span><\/a><\/p>\n","protected":false},"author":20,"featured_media":498940,"comment_status":"closed","ping_status":"open","sticky":false,"template":"","format":"standard","meta":{"rop_custom_images_group":[],"rop_custom_messages_group":[],"rop_publish_now":"initial","rop_publish_now_accounts":{"facebook_10159540855086992_322828327761733":""},"rop_publish_now_history":[],"rop_publish_now_status":"pending","footnotes":""},"categories":[181],"tags":[121],"class_list":["post-498939","post","type-post","status-publish","format-standard","has-post-thumbnail","hentry","category-huejutla","tag-huejutla","entry"],"_links":{"self":[{"href":"https:\/\/www.zunoticia.com\/noticias-de-hidalgo\/wp-json\/wp\/v2\/posts\/498939","targetHints":{"allow":["GET"]}}],"collection":[{"href":"https:\/\/www.zunoticia.com\/noticias-de-hidalgo\/wp-json\/wp\/v2\/posts"}],"about":[{"href":"https:\/\/www.zunoticia.com\/noticias-de-hidalgo\/wp-json\/wp\/v2\/types\/post"}],"author":[{"embeddable":true,"href":"https:\/\/www.zunoticia.com\/noticias-de-hidalgo\/wp-json\/wp\/v2\/users\/20"}],"replies":[{"embeddable":true,"href":"https:\/\/www.zunoticia.com\/noticias-de-hidalgo\/wp-json\/wp\/v2\/comments?post=498939"}],"version-history":[{"count":1,"href":"https:\/\/www.zunoticia.com\/noticias-de-hidalgo\/wp-json\/wp\/v2\/posts\/498939\/revisions"}],"predecessor-version":[{"id":498941,"href":"https:\/\/www.zunoticia.com\/noticias-de-hidalgo\/wp-json\/wp\/v2\/posts\/498939\/revisions\/498941"}],"wp:featuredmedia":[{"embeddable":true,"href":"https:\/\/www.zunoticia.com\/noticias-de-hidalgo\/wp-json\/wp\/v2\/media\/498940"}],"wp:attachment":[{"href":"https:\/\/www.zunoticia.com\/noticias-de-hidalgo\/wp-json\/wp\/v2\/media?parent=498939"}],"wp:term":[{"taxonomy":"category","embeddable":true,"href":"https:\/\/www.zunoticia.com\/noticias-de-hidalgo\/wp-json\/wp\/v2\/categories?post=498939"},{"taxonomy":"post_tag","embeddable":true,"href":"https:\/\/www.zunoticia.com\/noticias-de-hidalgo\/wp-json\/wp\/v2\/tags?post=498939"}],"curies":[{"name":"wp","href":"https:\/\/api.w.org\/{rel}","templated":true}]}}