{"id":498979,"date":"2023-08-16T18:16:13","date_gmt":"2023-08-17T00:16:13","guid":{"rendered":"https:\/\/www.zunoticia.com\/noticias-de-hidalgo\/?p=498979"},"modified":"2023-08-16T18:16:14","modified_gmt":"2023-08-17T00:16:14","slug":"se-desprendio-una-lamina-del-techo-de-la-nave-central-del-mercado-municipal","status":"publish","type":"post","link":"https:\/\/www.zunoticia.com\/noticias-de-hidalgo\/2023\/08\/16\/se-desprendio-una-lamina-del-techo-de-la-nave-central-del-mercado-municipal\/","title":{"rendered":"Se desprendi\u00f3 una l\u00e1mina del techo de la nave central del mercado municipal"},"content":{"rendered":"<aside class=\"mashsb-container mashsb-main mashsb-stretched\"><div class=\"mashsb-box\"><div class=\"mashsb-count mash-large\" style=\"float:left\"><div class=\"counts mashsbcount\">31<\/div><span class=\"mashsb-sharetext\">SHARES<\/span><\/div><div class=\"mashsb-buttons\"><a class=\"mashicon-facebook mash-large mash-center mashsb-noshadow\" href=\"https:\/\/www.facebook.com\/sharer.php?u=https%3A%2F%2Fwww.zunoticia.com%2Fnoticias-de-hidalgo%2F2023%2F08%2F16%2Fse-desprendio-una-lamina-del-techo-de-la-nave-central-del-mercado-municipal%2F\" target=\"_top\" rel=\"nofollow\"><span class=\"icon\"><\/span><span class=\"text\">Share<\/span><\/a><a class=\"mashicon-twitter mash-large mash-center mashsb-noshadow\" href=\"https:\/\/twitter.com\/intent\/tweet?text=&amp;url=https:\/\/www.zunoticia.com\/noticias-de-hidalgo\/2023\/08\/16\/se-desprendio-una-lamina-del-techo-de-la-nave-central-del-mercado-municipal\/\" target=\"_top\" rel=\"nofollow\"><span class=\"icon\"><\/span><span class=\"text\">Tweet<\/span><\/a><div class=\"onoffswitch2 mash-large mashsb-noshadow\" style=\"display:none\"><\/div><\/div>\n            <\/div>\n                <div style=\"clear:both\"><\/div><div class=\"mashsb-toggle-container\"><\/div><\/aside>\n            <!-- Share buttons by mashshare.net - Version: 4.0.47-->\n<p><em>Por Salvador Altamirano\/Zunoticia<\/em><\/p>\n\n\n\n<p><strong>Huejutla, Hgo<\/strong>.- Locatarios establecidos en la nave central del mercado municipal, manifestaron que la noche del pasado martes, durante los fuertes vientos que acompa\u00f1aron un fugaz aguacero, se desprendi\u00f3 una l\u00e1mina del techo de la nave central.<\/p>\n\n\n\n<p>Agregaron que, con lo anterior, una vez m\u00e1s queda demostrada la mala calidad de algunas obras que en administraciones pasadas, estatal y municipal, se han cristalizado en la huasteca; en este caso, en la cabecera municipal.<\/p>\n\n\n\n<p>Para evitar que se sigan &#8220;volando&#8221; las l\u00e1minas -dijeron-, exhortamos a quien corresponda, administradora del mercado municipal o dirigente de la Uni\u00f3n de Comerciantes Locatarios y Ambulantes (UCLA), Lidia Vite Cruz y Jorge Lara Garc\u00eda, respectivamente, que a la brevedad posible se vuelva a colocar la l\u00e1mina.<\/p>\n\n\n\n<p>As\u00ed mismo, opinaron que, ser\u00eda pertinente que se supervise en pleno el estado f\u00edsico del domo de la nave central, si las dem\u00e1s l\u00e1minas est\u00e1n debidamente afianzadas, de no ser as\u00ed, es latente el riesgo que durante un hurac\u00e1n se vuelen cual &#8220;papalotes&#8221;, ironizaron.<\/p>\n\n\n\n<p>Para finalizar, comentaron que esta, aunque peque\u00f1a, s\u00ed se quiere, \u201ces una muestra m\u00e1s del mal estado, de lo enclenque que se encuentra el mercado municipal de Huejutla, por lo que se requiere uno moderno, c\u00f3modo y seguro\u201d.<\/p>\n\n\n\n<p><\/p>\n","protected":false},"excerpt":{"rendered":"<p>Por Salvador Altamirano\/Zunoticia Huejutla, Hgo.- Locatarios establecidos en la nave central del mercado municipal, manifestaron que la noche del pasado martes, durante los fuertes vientos que acompa\u00f1aron un fugaz aguacero, se desprendi\u00f3 una l\u00e1mina del techo de la nave central. Agregaron que, con lo anterior, una vez m\u00e1s queda demostrada la mala calidad de algunas&hellip; <a class=\"more-link\" href=\"https:\/\/www.zunoticia.com\/noticias-de-hidalgo\/2023\/08\/16\/se-desprendio-una-lamina-del-techo-de-la-nave-central-del-mercado-municipal\/\">Seguir leyendo <span class=\"screen-reader-text\">Se desprendi\u00f3 una l\u00e1mina del techo de la nave central del mercado municipal<\/span><\/a><\/p>\n","protected":false},"author":20,"featured_media":498980,"comment_status":"closed","ping_status":"open","sticky":false,"template":"","format":"standard","meta":{"rop_custom_images_group":[],"rop_custom_messages_group":[],"rop_publish_now":"initial","rop_publish_now_accounts":{"facebook_10159540855086992_322828327761733":""},"rop_publish_now_history":[],"rop_publish_now_status":"pending","footnotes":""},"categories":[181],"tags":[121],"class_list":["post-498979","post","type-post","status-publish","format-standard","has-post-thumbnail","hentry","category-huejutla","tag-huejutla","entry"],"_links":{"self":[{"href":"https:\/\/www.zunoticia.com\/noticias-de-hidalgo\/wp-json\/wp\/v2\/posts\/498979","targetHints":{"allow":["GET"]}}],"collection":[{"href":"https:\/\/www.zunoticia.com\/noticias-de-hidalgo\/wp-json\/wp\/v2\/posts"}],"about":[{"href":"https:\/\/www.zunoticia.com\/noticias-de-hidalgo\/wp-json\/wp\/v2\/types\/post"}],"author":[{"embeddable":true,"href":"https:\/\/www.zunoticia.com\/noticias-de-hidalgo\/wp-json\/wp\/v2\/users\/20"}],"replies":[{"embeddable":true,"href":"https:\/\/www.zunoticia.com\/noticias-de-hidalgo\/wp-json\/wp\/v2\/comments?post=498979"}],"version-history":[{"count":1,"href":"https:\/\/www.zunoticia.com\/noticias-de-hidalgo\/wp-json\/wp\/v2\/posts\/498979\/revisions"}],"predecessor-version":[{"id":498981,"href":"https:\/\/www.zunoticia.com\/noticias-de-hidalgo\/wp-json\/wp\/v2\/posts\/498979\/revisions\/498981"}],"wp:featuredmedia":[{"embeddable":true,"href":"https:\/\/www.zunoticia.com\/noticias-de-hidalgo\/wp-json\/wp\/v2\/media\/498980"}],"wp:attachment":[{"href":"https:\/\/www.zunoticia.com\/noticias-de-hidalgo\/wp-json\/wp\/v2\/media?parent=498979"}],"wp:term":[{"taxonomy":"category","embeddable":true,"href":"https:\/\/www.zunoticia.com\/noticias-de-hidalgo\/wp-json\/wp\/v2\/categories?post=498979"},{"taxonomy":"post_tag","embeddable":true,"href":"https:\/\/www.zunoticia.com\/noticias-de-hidalgo\/wp-json\/wp\/v2\/tags?post=498979"}],"curies":[{"name":"wp","href":"https:\/\/api.w.org\/{rel}","templated":true}]}}