{"id":498994,"date":"2023-08-16T18:51:38","date_gmt":"2023-08-17T00:51:38","guid":{"rendered":"https:\/\/www.zunoticia.com\/noticias-de-hidalgo\/?p=498994"},"modified":"2023-08-16T18:51:39","modified_gmt":"2023-08-17T00:51:39","slug":"locatarios-del-laminado-agradecen-al-dirigente-de-la-ucla-la-rehabilitacion-del-alumbrado","status":"publish","type":"post","link":"https:\/\/www.zunoticia.com\/noticias-de-hidalgo\/2023\/08\/16\/locatarios-del-laminado-agradecen-al-dirigente-de-la-ucla-la-rehabilitacion-del-alumbrado\/","title":{"rendered":"Locatarios del laminado agradecen al dirigente de la UCLA la rehabilitaci\u00f3n del alumbrado"},"content":{"rendered":"<aside class=\"mashsb-container mashsb-main mashsb-stretched\"><div class=\"mashsb-box\"><div class=\"mashsb-count mash-large\" style=\"float:left\"><div class=\"counts mashsbcount\">6<\/div><span class=\"mashsb-sharetext\">SHARES<\/span><\/div><div class=\"mashsb-buttons\"><a class=\"mashicon-facebook mash-large mash-center mashsb-noshadow\" href=\"https:\/\/www.facebook.com\/sharer.php?u=https%3A%2F%2Fwww.zunoticia.com%2Fnoticias-de-hidalgo%2F2023%2F08%2F16%2Flocatarios-del-laminado-agradecen-al-dirigente-de-la-ucla-la-rehabilitacion-del-alumbrado%2F\" target=\"_top\" rel=\"nofollow\"><span class=\"icon\"><\/span><span class=\"text\">Share<\/span><\/a><a class=\"mashicon-twitter mash-large mash-center mashsb-noshadow\" href=\"https:\/\/twitter.com\/intent\/tweet?text=&amp;url=https:\/\/www.zunoticia.com\/noticias-de-hidalgo\/2023\/08\/16\/locatarios-del-laminado-agradecen-al-dirigente-de-la-ucla-la-rehabilitacion-del-alumbrado\/\" target=\"_top\" rel=\"nofollow\"><span class=\"icon\"><\/span><span class=\"text\">Tweet<\/span><\/a><div class=\"onoffswitch2 mash-large mashsb-noshadow\" style=\"display:none\"><\/div><\/div>\n            <\/div>\n                <div style=\"clear:both\"><\/div><div class=\"mashsb-toggle-container\"><\/div><\/aside>\n            <!-- Share buttons by mashshare.net - Version: 4.0.47-->\n<p><em>Por Salvador Altamirano\/Zunoticia<\/em><\/p>\n\n\n\n<p><strong>Huejutla, Hgo<\/strong>.- \u201cAgradecemos al dirigente de la Uni\u00f3n de Comerciantes Locatarios y Ambulantes (UCLA), Jorge Lara Garc\u00eda, por haber rehabilitado el sistema de alumbrado p\u00fablico en algunos pasillos del sector, los cuales estaban por las noches a oscuras\u201d.<\/p>\n\n\n\n<p>Lo anterior, fue expresado por propietarios de negocios ubicados en la zona del laminado, sector del mercado municipal, quienes explicaron que desde hace varios meses en algunos pasillos no hab\u00eda luz, lo que generaba que por las noches amparados en la oscuridad personas realizaran necesidades fisiol\u00f3gicas en los mismos, por lo que, en el d\u00eda y m\u00e1s al incrementar el calor la pestilencia era evidente.<\/p>\n\n\n\n<p>A\u00f1adieron que, de igual manera, acud\u00edan parejitas a dar rienda suelta a su fogosidad, pero lo que era peor, que estaban a merced de la delincuencia, lo que en realidad los preocupaba, ya que estaba en riesgo su patrimonio y por ende el de sus familias.<\/p>\n\n\n\n<p>Para finalizar, reiteraron su agradecimiento al dirigente de la UCLA, ya que ahora el sector comercial est\u00e1 plenamente iluminado, por lo que podr\u00e1n dormir en sus casas m\u00e1s tranquilos, sin estar temiendo un \u201ccortinazo\u201d en sus negocios.<\/p>\n\n\n\n<p><\/p>\n","protected":false},"excerpt":{"rendered":"<p>Por Salvador Altamirano\/Zunoticia Huejutla, Hgo.- \u201cAgradecemos al dirigente de la Uni\u00f3n de Comerciantes Locatarios y Ambulantes (UCLA), Jorge Lara Garc\u00eda, por haber rehabilitado el sistema de alumbrado p\u00fablico en algunos pasillos del sector, los cuales estaban por las noches a oscuras\u201d. Lo anterior, fue expresado por propietarios de negocios ubicados en la zona del laminado,&hellip; <a class=\"more-link\" href=\"https:\/\/www.zunoticia.com\/noticias-de-hidalgo\/2023\/08\/16\/locatarios-del-laminado-agradecen-al-dirigente-de-la-ucla-la-rehabilitacion-del-alumbrado\/\">Seguir leyendo <span class=\"screen-reader-text\">Locatarios del laminado agradecen al dirigente de la UCLA la rehabilitaci\u00f3n del alumbrado<\/span><\/a><\/p>\n","protected":false},"author":20,"featured_media":498995,"comment_status":"closed","ping_status":"open","sticky":false,"template":"","format":"standard","meta":{"rop_custom_images_group":[],"rop_custom_messages_group":[],"rop_publish_now":"initial","rop_publish_now_accounts":{"facebook_10159540855086992_322828327761733":""},"rop_publish_now_history":[],"rop_publish_now_status":"pending","footnotes":""},"categories":[181],"tags":[121],"class_list":["post-498994","post","type-post","status-publish","format-standard","has-post-thumbnail","hentry","category-huejutla","tag-huejutla","entry"],"_links":{"self":[{"href":"https:\/\/www.zunoticia.com\/noticias-de-hidalgo\/wp-json\/wp\/v2\/posts\/498994","targetHints":{"allow":["GET"]}}],"collection":[{"href":"https:\/\/www.zunoticia.com\/noticias-de-hidalgo\/wp-json\/wp\/v2\/posts"}],"about":[{"href":"https:\/\/www.zunoticia.com\/noticias-de-hidalgo\/wp-json\/wp\/v2\/types\/post"}],"author":[{"embeddable":true,"href":"https:\/\/www.zunoticia.com\/noticias-de-hidalgo\/wp-json\/wp\/v2\/users\/20"}],"replies":[{"embeddable":true,"href":"https:\/\/www.zunoticia.com\/noticias-de-hidalgo\/wp-json\/wp\/v2\/comments?post=498994"}],"version-history":[{"count":2,"href":"https:\/\/www.zunoticia.com\/noticias-de-hidalgo\/wp-json\/wp\/v2\/posts\/498994\/revisions"}],"predecessor-version":[{"id":498997,"href":"https:\/\/www.zunoticia.com\/noticias-de-hidalgo\/wp-json\/wp\/v2\/posts\/498994\/revisions\/498997"}],"wp:featuredmedia":[{"embeddable":true,"href":"https:\/\/www.zunoticia.com\/noticias-de-hidalgo\/wp-json\/wp\/v2\/media\/498995"}],"wp:attachment":[{"href":"https:\/\/www.zunoticia.com\/noticias-de-hidalgo\/wp-json\/wp\/v2\/media?parent=498994"}],"wp:term":[{"taxonomy":"category","embeddable":true,"href":"https:\/\/www.zunoticia.com\/noticias-de-hidalgo\/wp-json\/wp\/v2\/categories?post=498994"},{"taxonomy":"post_tag","embeddable":true,"href":"https:\/\/www.zunoticia.com\/noticias-de-hidalgo\/wp-json\/wp\/v2\/tags?post=498994"}],"curies":[{"name":"wp","href":"https:\/\/api.w.org\/{rel}","templated":true}]}}