{"id":499833,"date":"2023-08-22T16:42:49","date_gmt":"2023-08-22T22:42:49","guid":{"rendered":"https:\/\/www.zunoticia.com\/noticias-de-hidalgo\/?p=499833"},"modified":"2023-08-22T16:42:50","modified_gmt":"2023-08-22T22:42:50","slug":"1ra-reunion-para-preparar-el-festival-internacional-del-folklor-latinoamericano","status":"publish","type":"post","link":"https:\/\/www.zunoticia.com\/noticias-de-hidalgo\/2023\/08\/22\/1ra-reunion-para-preparar-el-festival-internacional-del-folklor-latinoamericano\/","title":{"rendered":"1ra. reuni\u00f3n para preparar el Festival Internacional del Folklor Latinoamericano"},"content":{"rendered":"<aside class=\"mashsb-container mashsb-main mashsb-stretched\"><div class=\"mashsb-box\"><div class=\"mashsb-count mash-large\" style=\"float:left\"><div class=\"counts mashsbcount\">7<\/div><span class=\"mashsb-sharetext\">SHARES<\/span><\/div><div class=\"mashsb-buttons\"><a class=\"mashicon-facebook mash-large mash-center mashsb-noshadow\" href=\"https:\/\/www.facebook.com\/sharer.php?u=https%3A%2F%2Fwww.zunoticia.com%2Fnoticias-de-hidalgo%2F2023%2F08%2F22%2F1ra-reunion-para-preparar-el-festival-internacional-del-folklor-latinoamericano%2F\" target=\"_top\" rel=\"nofollow\"><span class=\"icon\"><\/span><span class=\"text\">Share<\/span><\/a><a class=\"mashicon-twitter mash-large mash-center mashsb-noshadow\" href=\"https:\/\/twitter.com\/intent\/tweet?text=&amp;url=https:\/\/www.zunoticia.com\/noticias-de-hidalgo\/2023\/08\/22\/1ra-reunion-para-preparar-el-festival-internacional-del-folklor-latinoamericano\/\" target=\"_top\" rel=\"nofollow\"><span class=\"icon\"><\/span><span class=\"text\">Tweet<\/span><\/a><div class=\"onoffswitch2 mash-large mashsb-noshadow\" style=\"display:none\"><\/div><\/div>\n            <\/div>\n                <div style=\"clear:both\"><\/div><div class=\"mashsb-toggle-container\"><\/div><\/aside>\n            <!-- Share buttons by mashshare.net - Version: 4.0.47-->\n<p><em>Por Redacci\u00f3n\/Zunoticia<\/em><\/p>\n\n\n\n<p><strong>Orizatl\u00e1n, Hgo<\/strong>.- La tarde de este martes se llev\u00f3 a cabo la primera reuni\u00f3n de planeaci\u00f3n para el &#8220;Festival Internacional de Folklor Latinoamericano&#8221;, que se realizar\u00e1 por segunda ocasi\u00f3n en este municipio, como un evento cultural que busca reunir a cientos de familias, que puedan conocer la cultura de otros pa\u00edses.<\/p>\n\n\n\n<p>Ser\u00e1 el pr\u00f3ximo 8 y 9 de septiembre cuando se presenten en San Felipe Orizatl\u00e1n las delegaciones de pa\u00edses como Polonia, Per\u00fa, Costa Rica, Ecuador, El Salvador y M\u00e9xico, que a trav\u00e9s de sus danzas dar\u00e1n a conocer su cultura y tradici\u00f3n.<\/p>\n\n\n\n<p>En dicha reuni\u00f3n estuvieron presentes Camilo Melo Rivera, secretario general Municipal; Noel Rivera Herverth oficial mayor; Rosalba Nevenka Camargo Hern\u00e1ndez, directora de Educaci\u00f3n y Cultura y Stephany Saldiera Cisneros, directora de Turismo. Esto con la finalidad de organizar y planear las diversas actividades y comisiones para que el evento sea todo un \u00e9xito y deje un buen sabor de boca a los orizatlenses.<\/p>\n\n\n\n<p>Por lo que se hace una atenta invitaci\u00f3n a todas y todos a acudir a este gran evento internacional, que sin duda dejar\u00e1 una gran riqueza cultural.<\/p>\n","protected":false},"excerpt":{"rendered":"<p>Por Redacci\u00f3n\/Zunoticia Orizatl\u00e1n, Hgo.- La tarde de este martes se llev\u00f3 a cabo la primera reuni\u00f3n de planeaci\u00f3n para el &#8220;Festival Internacional de Folklor Latinoamericano&#8221;, que se realizar\u00e1 por segunda ocasi\u00f3n en este municipio, como un evento cultural que busca reunir a cientos de familias, que puedan conocer la cultura de otros pa\u00edses. Ser\u00e1 el&hellip; <a class=\"more-link\" href=\"https:\/\/www.zunoticia.com\/noticias-de-hidalgo\/2023\/08\/22\/1ra-reunion-para-preparar-el-festival-internacional-del-folklor-latinoamericano\/\">Seguir leyendo <span class=\"screen-reader-text\">1ra. reuni\u00f3n para preparar el Festival Internacional del Folklor Latinoamericano<\/span><\/a><\/p>\n","protected":false},"author":20,"featured_media":499834,"comment_status":"closed","ping_status":"open","sticky":false,"template":"","format":"standard","meta":{"rop_custom_images_group":[],"rop_custom_messages_group":[],"rop_publish_now":"initial","rop_publish_now_accounts":{"facebook_10159540855086992_322828327761733":""},"rop_publish_now_history":[],"rop_publish_now_status":"pending","footnotes":""},"categories":[180],"tags":[129],"class_list":["post-499833","post","type-post","status-publish","format-standard","has-post-thumbnail","hentry","category-orizatlan","tag-orizatlan","entry"],"_links":{"self":[{"href":"https:\/\/www.zunoticia.com\/noticias-de-hidalgo\/wp-json\/wp\/v2\/posts\/499833","targetHints":{"allow":["GET"]}}],"collection":[{"href":"https:\/\/www.zunoticia.com\/noticias-de-hidalgo\/wp-json\/wp\/v2\/posts"}],"about":[{"href":"https:\/\/www.zunoticia.com\/noticias-de-hidalgo\/wp-json\/wp\/v2\/types\/post"}],"author":[{"embeddable":true,"href":"https:\/\/www.zunoticia.com\/noticias-de-hidalgo\/wp-json\/wp\/v2\/users\/20"}],"replies":[{"embeddable":true,"href":"https:\/\/www.zunoticia.com\/noticias-de-hidalgo\/wp-json\/wp\/v2\/comments?post=499833"}],"version-history":[{"count":1,"href":"https:\/\/www.zunoticia.com\/noticias-de-hidalgo\/wp-json\/wp\/v2\/posts\/499833\/revisions"}],"predecessor-version":[{"id":499835,"href":"https:\/\/www.zunoticia.com\/noticias-de-hidalgo\/wp-json\/wp\/v2\/posts\/499833\/revisions\/499835"}],"wp:featuredmedia":[{"embeddable":true,"href":"https:\/\/www.zunoticia.com\/noticias-de-hidalgo\/wp-json\/wp\/v2\/media\/499834"}],"wp:attachment":[{"href":"https:\/\/www.zunoticia.com\/noticias-de-hidalgo\/wp-json\/wp\/v2\/media?parent=499833"}],"wp:term":[{"taxonomy":"category","embeddable":true,"href":"https:\/\/www.zunoticia.com\/noticias-de-hidalgo\/wp-json\/wp\/v2\/categories?post=499833"},{"taxonomy":"post_tag","embeddable":true,"href":"https:\/\/www.zunoticia.com\/noticias-de-hidalgo\/wp-json\/wp\/v2\/tags?post=499833"}],"curies":[{"name":"wp","href":"https:\/\/api.w.org\/{rel}","templated":true}]}}