{"id":499991,"date":"2023-08-23T14:06:39","date_gmt":"2023-08-23T20:06:39","guid":{"rendered":"https:\/\/www.zunoticia.com\/noticias-de-hidalgo\/?p=499991"},"modified":"2023-08-23T14:06:40","modified_gmt":"2023-08-23T20:06:40","slug":"camion-de-carga-choco-contra-cerro","status":"publish","type":"post","link":"https:\/\/www.zunoticia.com\/noticias-de-hidalgo\/2023\/08\/23\/camion-de-carga-choco-contra-cerro\/","title":{"rendered":"Cami\u00f3n de carga choc\u00f3 contra cerro"},"content":{"rendered":"<aside class=\"mashsb-container mashsb-main mashsb-stretched\"><div class=\"mashsb-box\"><div class=\"mashsb-count mash-large\" style=\"float:left\"><div class=\"counts mashsbcount\">36<\/div><span class=\"mashsb-sharetext\">SHARES<\/span><\/div><div class=\"mashsb-buttons\"><a class=\"mashicon-facebook mash-large mash-center mashsb-noshadow\" href=\"https:\/\/www.facebook.com\/sharer.php?u=https%3A%2F%2Fwww.zunoticia.com%2Fnoticias-de-hidalgo%2F2023%2F08%2F23%2Fcamion-de-carga-choco-contra-cerro%2F\" target=\"_top\" rel=\"nofollow\"><span class=\"icon\"><\/span><span class=\"text\">Share<\/span><\/a><a class=\"mashicon-twitter mash-large mash-center mashsb-noshadow\" href=\"https:\/\/twitter.com\/intent\/tweet?text=&amp;url=https:\/\/www.zunoticia.com\/noticias-de-hidalgo\/2023\/08\/23\/camion-de-carga-choco-contra-cerro\/\" target=\"_top\" rel=\"nofollow\"><span class=\"icon\"><\/span><span class=\"text\">Tweet<\/span><\/a><div class=\"onoffswitch2 mash-large mashsb-noshadow\" style=\"display:none\"><\/div><\/div>\n            <\/div>\n                <div style=\"clear:both\"><\/div><div class=\"mashsb-toggle-container\"><\/div><\/aside>\n            <!-- Share buttons by mashshare.net - Version: 4.0.47-->\n<p><em>Por Francisco Rosas\/Zunoticia<\/em><\/p>\n\n\n\n<p><strong>Tlanchinol, Hgo<\/strong>.- La ma\u00f1ana de este mi\u00e9rcoles, un cami\u00f3n de carga que circulaba sobre la v\u00eda federal M\u00e9xico &#8211; Tampico, se sali\u00f3 de la cinta asf\u00e1ltica y choc\u00f3 contra un cerro en la sierra hidalguense.<\/p>\n\n\n\n<p>De acuerdo con el reporte de las autoridades, el accidente ocurri\u00f3 a la altura del lugar conocido como El Cantil, ubicado en el kil\u00f3metro 155 + 500.<\/p>\n\n\n\n<p>Al sitio acudieron elementos de Seguridad P\u00fablica Municipal y personal de Protecci\u00f3n Civil Municipal, quienes auxiliaron al operador de la unidad motora, quien afortunadamente result\u00f3 ileso; no obstante, el cami\u00f3n qued\u00f3 varado en la cuneta, tras varios minutos de maniobras, lograron sacarlo y llevarlo a un lugar seguro para su reparaci\u00f3n.<\/p>\n\n\n\n<p><\/p>\n","protected":false},"excerpt":{"rendered":"<p>Por Francisco Rosas\/Zunoticia Tlanchinol, Hgo.- La ma\u00f1ana de este mi\u00e9rcoles, un cami\u00f3n de carga que circulaba sobre la v\u00eda federal M\u00e9xico &#8211; Tampico, se sali\u00f3 de la cinta asf\u00e1ltica y choc\u00f3 contra un cerro en la sierra hidalguense. De acuerdo con el reporte de las autoridades, el accidente ocurri\u00f3 a la altura del lugar conocido&hellip; <a class=\"more-link\" href=\"https:\/\/www.zunoticia.com\/noticias-de-hidalgo\/2023\/08\/23\/camion-de-carga-choco-contra-cerro\/\">Seguir leyendo <span class=\"screen-reader-text\">Cami\u00f3n de carga choc\u00f3 contra cerro<\/span><\/a><\/p>\n","protected":false},"author":20,"featured_media":499992,"comment_status":"closed","ping_status":"open","sticky":false,"template":"","format":"standard","meta":{"rop_custom_images_group":[],"rop_custom_messages_group":[],"rop_publish_now":"initial","rop_publish_now_accounts":{"facebook_10159540855086992_322828327761733":""},"rop_publish_now_history":[],"rop_publish_now_status":"pending","footnotes":""},"categories":[178,201],"tags":[259,127],"class_list":["post-499991","post","type-post","status-publish","format-standard","has-post-thumbnail","hentry","category-policiaca","category-tlanchinol","tag-policiaca","tag-tlanchinol","entry"],"_links":{"self":[{"href":"https:\/\/www.zunoticia.com\/noticias-de-hidalgo\/wp-json\/wp\/v2\/posts\/499991","targetHints":{"allow":["GET"]}}],"collection":[{"href":"https:\/\/www.zunoticia.com\/noticias-de-hidalgo\/wp-json\/wp\/v2\/posts"}],"about":[{"href":"https:\/\/www.zunoticia.com\/noticias-de-hidalgo\/wp-json\/wp\/v2\/types\/post"}],"author":[{"embeddable":true,"href":"https:\/\/www.zunoticia.com\/noticias-de-hidalgo\/wp-json\/wp\/v2\/users\/20"}],"replies":[{"embeddable":true,"href":"https:\/\/www.zunoticia.com\/noticias-de-hidalgo\/wp-json\/wp\/v2\/comments?post=499991"}],"version-history":[{"count":1,"href":"https:\/\/www.zunoticia.com\/noticias-de-hidalgo\/wp-json\/wp\/v2\/posts\/499991\/revisions"}],"predecessor-version":[{"id":499993,"href":"https:\/\/www.zunoticia.com\/noticias-de-hidalgo\/wp-json\/wp\/v2\/posts\/499991\/revisions\/499993"}],"wp:featuredmedia":[{"embeddable":true,"href":"https:\/\/www.zunoticia.com\/noticias-de-hidalgo\/wp-json\/wp\/v2\/media\/499992"}],"wp:attachment":[{"href":"https:\/\/www.zunoticia.com\/noticias-de-hidalgo\/wp-json\/wp\/v2\/media?parent=499991"}],"wp:term":[{"taxonomy":"category","embeddable":true,"href":"https:\/\/www.zunoticia.com\/noticias-de-hidalgo\/wp-json\/wp\/v2\/categories?post=499991"},{"taxonomy":"post_tag","embeddable":true,"href":"https:\/\/www.zunoticia.com\/noticias-de-hidalgo\/wp-json\/wp\/v2\/tags?post=499991"}],"curies":[{"name":"wp","href":"https:\/\/api.w.org\/{rel}","templated":true}]}}