{"id":499994,"date":"2023-08-23T14:41:51","date_gmt":"2023-08-23T20:41:51","guid":{"rendered":"https:\/\/www.zunoticia.com\/noticias-de-hidalgo\/?p=499994"},"modified":"2023-08-23T14:41:52","modified_gmt":"2023-08-23T20:41:52","slug":"el-mercado-municipal-no-es-propiedad-de-nadie-planilla-roja","status":"publish","type":"post","link":"https:\/\/www.zunoticia.com\/noticias-de-hidalgo\/2023\/08\/23\/el-mercado-municipal-no-es-propiedad-de-nadie-planilla-roja\/","title":{"rendered":"El mercado municipal no es propiedad de nadie: Planilla Roja"},"content":{"rendered":"<aside class=\"mashsb-container mashsb-main mashsb-stretched\"><div class=\"mashsb-box\"><div class=\"mashsb-count mash-large\" style=\"float:left\"><div class=\"counts mashsbcount\">36<\/div><span class=\"mashsb-sharetext\">SHARES<\/span><\/div><div class=\"mashsb-buttons\"><a class=\"mashicon-facebook mash-large mash-center mashsb-noshadow\" href=\"https:\/\/www.facebook.com\/sharer.php?u=https%3A%2F%2Fwww.zunoticia.com%2Fnoticias-de-hidalgo%2F2023%2F08%2F23%2Fel-mercado-municipal-no-es-propiedad-de-nadie-planilla-roja%2F\" target=\"_top\" rel=\"nofollow\"><span class=\"icon\"><\/span><span class=\"text\">Share<\/span><\/a><a class=\"mashicon-twitter mash-large mash-center mashsb-noshadow\" href=\"https:\/\/twitter.com\/intent\/tweet?text=&amp;url=https:\/\/www.zunoticia.com\/noticias-de-hidalgo\/2023\/08\/23\/el-mercado-municipal-no-es-propiedad-de-nadie-planilla-roja\/\" target=\"_top\" rel=\"nofollow\"><span class=\"icon\"><\/span><span class=\"text\">Tweet<\/span><\/a><div class=\"onoffswitch2 mash-large mashsb-noshadow\" style=\"display:none\"><\/div><\/div>\n            <\/div>\n                <div style=\"clear:both\"><\/div><div class=\"mashsb-toggle-container\"><\/div><\/aside>\n            <!-- Share buttons by mashshare.net - Version: 4.0.47-->\n<p>* &#8220;Que Genaro Mart\u00ednez y su grupo saquen las manos&#8221;, pide Pr\u00f3spero Hern\u00e1ndez.<\/p>\n\n\n\n<p><em>Por Salvador Altamirano\/Zunoticia<\/em><\/p>\n\n\n\n<p><strong>Huejutla, Hgo<\/strong>.- Entrevistado en torno a los recientes acontecimientos que violentaron el proceso del nuevo secretario general de la Uni\u00f3n de Comerciantes Locatarios y Ambulantes (UCLA), Pr\u00f3spero Hern\u00e1ndez Hern\u00e1ndez, integrante de la &#8220;Planilla Roja&#8221;, manifest\u00f3 que la actitud de Genaro Mart\u00ednez Hern\u00e1ndez y su grupo, no est\u00e1 mal&#8230; \u00a1esta re mal!<\/p>\n\n\n\n<p>Refiri\u00f3 que, nadie es due\u00f1o del mercado municipal, por lo que al terminar Jorge Lara Garc\u00eda pr\u00e1cticamente su periodo, debe de haber elecciones para designar por asamblea general al nuevo dirigente, y Genaro Mart\u00ednez no tiene ning\u00fan derecho de formar un grupo para seguir \u201cmanoseando\u201d los intereses de los comerciantes en general.<\/p>\n\n\n\n<p>Si Genaro Mart\u00ednez -agreg\u00f3-, le interesa que tengamos un mercado digno, con una convivencia en armon\u00eda, que junto con los otros ex &#8211; secretarios, que est\u00e1n en la pugna, emitan la convocatoria para que haya elecciones y no deben de &#8220;meter mano ellos&#8221;, que sea de manera democr\u00e1tica. Y mucho menos, que integren sus grupitos a conveniencia -a\u00f1adi\u00f3-, porque nunca han funcionado, como el que acaba de disolver seg\u00fan por mal manejo de las finanzas. \u00a1Vaya iron\u00eda! -remarc\u00f3-, \u00e9l tambi\u00e9n lo impuso, igual por medios violentos.<\/p>\n\n\n\n<p>Subray\u00f3, todos los ex &#8211; secretarios de la UCLA, nadie nos lo va a contar -dijo-, lo hemos visto con nuestros propios ojos, no han rendido cuentas financieras como debe de ser, ni tampoco han otorgado ayuda a los agremiados, es lamentable pero as\u00ed ha pasado.<\/p>\n\n\n\n<p>Agreg\u00f3 que, ahora resulta que quiere imponer un comit\u00e9 y alguien que lleve la contabilidad de los ingresos y egresos, \u00bfQui\u00e9n le va a pagar? -cuestion\u00f3-, no va a ganar $200.00 o $300.00 pesos al d\u00eda, y despu\u00e9s cuando entreguen cuentas digan que le pagaron un mill\u00f3n de pesos; para evitar eso es necesario que el pr\u00f3ximo secretario sea gente nueva, que sea capaz y honrado, que los hay en el mercado, entre los comerciantes.<\/p>\n\n\n\n<p>Para finalizar, Hern\u00e1ndez Hern\u00e1ndez reiter\u00f3 que, se saque la convocatoria para que participe quien quiera, que no sea impuesto por ex &#8211; secretario alguno, pero que sea gente nueva, para que vea por las necesidades del mercado, ya que nadie lo ha hecho, por lo que se est\u00e1 cayendo a pedazos y en riesgo de incendio u otra tragedia.<\/p>\n\n\n\n<p><\/p>\n","protected":false},"excerpt":{"rendered":"<p>* &#8220;Que Genaro Mart\u00ednez y su grupo saquen las manos&#8221;, pide Pr\u00f3spero Hern\u00e1ndez. Por Salvador Altamirano\/Zunoticia Huejutla, Hgo.- Entrevistado en torno a los recientes acontecimientos que violentaron el proceso del nuevo secretario general de la Uni\u00f3n de Comerciantes Locatarios y Ambulantes (UCLA), Pr\u00f3spero Hern\u00e1ndez Hern\u00e1ndez, integrante de la &#8220;Planilla Roja&#8221;, manifest\u00f3 que la actitud de&hellip; <a class=\"more-link\" href=\"https:\/\/www.zunoticia.com\/noticias-de-hidalgo\/2023\/08\/23\/el-mercado-municipal-no-es-propiedad-de-nadie-planilla-roja\/\">Seguir leyendo <span class=\"screen-reader-text\">El mercado municipal no es propiedad de nadie: Planilla Roja<\/span><\/a><\/p>\n","protected":false},"author":20,"featured_media":499995,"comment_status":"closed","ping_status":"open","sticky":false,"template":"","format":"standard","meta":{"rop_custom_images_group":[],"rop_custom_messages_group":[],"rop_publish_now":"initial","rop_publish_now_accounts":{"facebook_10159540855086992_322828327761733":""},"rop_publish_now_history":[],"rop_publish_now_status":"pending","footnotes":""},"categories":[181],"tags":[121],"class_list":["post-499994","post","type-post","status-publish","format-standard","has-post-thumbnail","hentry","category-huejutla","tag-huejutla","entry"],"_links":{"self":[{"href":"https:\/\/www.zunoticia.com\/noticias-de-hidalgo\/wp-json\/wp\/v2\/posts\/499994","targetHints":{"allow":["GET"]}}],"collection":[{"href":"https:\/\/www.zunoticia.com\/noticias-de-hidalgo\/wp-json\/wp\/v2\/posts"}],"about":[{"href":"https:\/\/www.zunoticia.com\/noticias-de-hidalgo\/wp-json\/wp\/v2\/types\/post"}],"author":[{"embeddable":true,"href":"https:\/\/www.zunoticia.com\/noticias-de-hidalgo\/wp-json\/wp\/v2\/users\/20"}],"replies":[{"embeddable":true,"href":"https:\/\/www.zunoticia.com\/noticias-de-hidalgo\/wp-json\/wp\/v2\/comments?post=499994"}],"version-history":[{"count":1,"href":"https:\/\/www.zunoticia.com\/noticias-de-hidalgo\/wp-json\/wp\/v2\/posts\/499994\/revisions"}],"predecessor-version":[{"id":499996,"href":"https:\/\/www.zunoticia.com\/noticias-de-hidalgo\/wp-json\/wp\/v2\/posts\/499994\/revisions\/499996"}],"wp:featuredmedia":[{"embeddable":true,"href":"https:\/\/www.zunoticia.com\/noticias-de-hidalgo\/wp-json\/wp\/v2\/media\/499995"}],"wp:attachment":[{"href":"https:\/\/www.zunoticia.com\/noticias-de-hidalgo\/wp-json\/wp\/v2\/media?parent=499994"}],"wp:term":[{"taxonomy":"category","embeddable":true,"href":"https:\/\/www.zunoticia.com\/noticias-de-hidalgo\/wp-json\/wp\/v2\/categories?post=499994"},{"taxonomy":"post_tag","embeddable":true,"href":"https:\/\/www.zunoticia.com\/noticias-de-hidalgo\/wp-json\/wp\/v2\/tags?post=499994"}],"curies":[{"name":"wp","href":"https:\/\/api.w.org\/{rel}","templated":true}]}}