{"id":500029,"date":"2023-08-23T17:50:02","date_gmt":"2023-08-23T23:50:02","guid":{"rendered":"https:\/\/www.zunoticia.com\/noticias-de-hidalgo\/?p=500029"},"modified":"2023-08-23T17:50:03","modified_gmt":"2023-08-23T23:50:03","slug":"dif-de-orizatlan-capacita-sobre-programas-alimentarios-en-las-piedras-y-huitzitzilingo","status":"publish","type":"post","link":"https:\/\/www.zunoticia.com\/noticias-de-hidalgo\/2023\/08\/23\/dif-de-orizatlan-capacita-sobre-programas-alimentarios-en-las-piedras-y-huitzitzilingo\/","title":{"rendered":"DIF de Orizatl\u00e1n capacita sobre programas alimentarios, en Las Piedras y Huitzitzilingo"},"content":{"rendered":"<aside class=\"mashsb-container mashsb-main mashsb-stretched\"><div class=\"mashsb-box\"><div class=\"mashsb-count mash-large\" style=\"float:left\"><div class=\"counts mashsbcount\">24<\/div><span class=\"mashsb-sharetext\">SHARES<\/span><\/div><div class=\"mashsb-buttons\"><a class=\"mashicon-facebook mash-large mash-center mashsb-noshadow\" href=\"https:\/\/www.facebook.com\/sharer.php?u=https%3A%2F%2Fwww.zunoticia.com%2Fnoticias-de-hidalgo%2F2023%2F08%2F23%2Fdif-de-orizatlan-capacita-sobre-programas-alimentarios-en-las-piedras-y-huitzitzilingo%2F\" target=\"_top\" rel=\"nofollow\"><span class=\"icon\"><\/span><span class=\"text\">Share<\/span><\/a><a class=\"mashicon-twitter mash-large mash-center mashsb-noshadow\" href=\"https:\/\/twitter.com\/intent\/tweet?text=&amp;url=https:\/\/www.zunoticia.com\/noticias-de-hidalgo\/2023\/08\/23\/dif-de-orizatlan-capacita-sobre-programas-alimentarios-en-las-piedras-y-huitzitzilingo\/\" target=\"_top\" rel=\"nofollow\"><span class=\"icon\"><\/span><span class=\"text\">Tweet<\/span><\/a><div class=\"onoffswitch2 mash-large mashsb-noshadow\" style=\"display:none\"><\/div><\/div>\n            <\/div>\n                <div style=\"clear:both\"><\/div><div class=\"mashsb-toggle-container\"><\/div><\/aside>\n            <!-- Share buttons by mashshare.net - Version: 4.0.47-->\n<p><em>Por Redacci\u00f3n\/Zunoticia<\/em><\/p>\n\n\n\n<p><strong>San Felipe Orizatl\u00e1n, Hgo<\/strong>.- A trav\u00e9s del Programa de &#8220;Orientaci\u00f3n y Educaci\u00f3n Alimentaria&#8221;, perteneciente al Sistema DIF Municipal de San Felipe Orizatl\u00e1n, se realiz\u00f3 un taller en la comunidad de Las Piedras con las mujeres beneficiarias del Programa &#8220;Asistencia Social Alimentaria en los Primeros 1000 d\u00edas de Vida, que tiene la finalidad de otorgar una alimentaci\u00f3n correcta, sana y adecuada en los m\u00e1s peque\u00f1os de las familias.<\/p>\n\n\n\n<p>En donde hizo el uso de las dotaciones que reciben, para aprender a incorporarlas en su uso correcto, siguiendo las recomendaciones del Plato del bien comer.<\/p>\n\n\n\n<p>Tambi\u00e9n se realiz\u00f3 una capacitaci\u00f3n en la comunidad de Huitzizilingo, con las encargadas del programa \u201cEspacios de Alimentaci\u00f3n Encuentro y Desarrollo\u201d, en las escuelas Ignacio Zaragoza y Teodomiro Manzano; el objetivo primordial, es contribuir en un estado nutricional adecuado y balanceado para las ni\u00f1as y ni\u00f1os.<\/p>\n\n\n\n<p>Sistema DIF Municipal, que dirige C\u00e9sar Ra\u00fal Becerra Hern\u00e1ndez, contin\u00faa trabajando a trav\u00e9s de estos programas para combatir la desnutrici\u00f3n y malos h\u00e1bitos alimenticios en Orizatl\u00e1n, por la salud de todas y todos.<\/p>\n\n\n\n<figure class=\"wp-block-gallery has-nested-images columns-default is-cropped wp-block-gallery-1 is-layout-flex wp-block-gallery-is-layout-flex\">\n<figure class=\"wp-block-image size-large\"><img fetchpriority=\"high\" decoding=\"async\" width=\"940\" height=\"788\" data-id=\"500032\" src=\"https:\/\/www.zunoticia.com\/noticias-de-hidalgo\/wp-content\/uploads\/2023\/08\/Zunoticia-5-1.png\" alt=\"\" class=\"wp-image-500032\" srcset=\"https:\/\/www.zunoticia.com\/noticias-de-hidalgo\/wp-content\/uploads\/2023\/08\/Zunoticia-5-1.png 940w, https:\/\/www.zunoticia.com\/noticias-de-hidalgo\/wp-content\/uploads\/2023\/08\/Zunoticia-5-1-300x251.png 300w, https:\/\/www.zunoticia.com\/noticias-de-hidalgo\/wp-content\/uploads\/2023\/08\/Zunoticia-5-1-768x644.png 768w\" sizes=\"(max-width: 940px) 100vw, 940px\" \/><\/figure>\n\n\n\n<figure class=\"wp-block-image size-large\"><img decoding=\"async\" width=\"940\" height=\"788\" data-id=\"500031\" src=\"https:\/\/www.zunoticia.com\/noticias-de-hidalgo\/wp-content\/uploads\/2023\/08\/Zunoticia-4-1.png\" alt=\"\" class=\"wp-image-500031\" srcset=\"https:\/\/www.zunoticia.com\/noticias-de-hidalgo\/wp-content\/uploads\/2023\/08\/Zunoticia-4-1.png 940w, https:\/\/www.zunoticia.com\/noticias-de-hidalgo\/wp-content\/uploads\/2023\/08\/Zunoticia-4-1-300x251.png 300w, https:\/\/www.zunoticia.com\/noticias-de-hidalgo\/wp-content\/uploads\/2023\/08\/Zunoticia-4-1-768x644.png 768w\" sizes=\"(max-width: 940px) 100vw, 940px\" \/><\/figure>\n<\/figure>\n","protected":false},"excerpt":{"rendered":"<p>Por Redacci\u00f3n\/Zunoticia San Felipe Orizatl\u00e1n, Hgo.- A trav\u00e9s del Programa de &#8220;Orientaci\u00f3n y Educaci\u00f3n Alimentaria&#8221;, perteneciente al Sistema DIF Municipal de San Felipe Orizatl\u00e1n, se realiz\u00f3 un taller en la comunidad de Las Piedras con las mujeres beneficiarias del Programa &#8220;Asistencia Social Alimentaria en los Primeros 1000 d\u00edas de Vida, que tiene la finalidad de&hellip; <a class=\"more-link\" href=\"https:\/\/www.zunoticia.com\/noticias-de-hidalgo\/2023\/08\/23\/dif-de-orizatlan-capacita-sobre-programas-alimentarios-en-las-piedras-y-huitzitzilingo\/\">Seguir leyendo <span class=\"screen-reader-text\">DIF de Orizatl\u00e1n capacita sobre programas alimentarios, en Las Piedras y Huitzitzilingo<\/span><\/a><\/p>\n","protected":false},"author":20,"featured_media":500030,"comment_status":"closed","ping_status":"open","sticky":false,"template":"","format":"standard","meta":{"rop_custom_images_group":[],"rop_custom_messages_group":[],"rop_publish_now":"initial","rop_publish_now_accounts":{"facebook_10159540855086992_322828327761733":""},"rop_publish_now_history":[],"rop_publish_now_status":"pending","footnotes":""},"categories":[180],"tags":[129],"class_list":["post-500029","post","type-post","status-publish","format-standard","has-post-thumbnail","hentry","category-orizatlan","tag-orizatlan","entry"],"_links":{"self":[{"href":"https:\/\/www.zunoticia.com\/noticias-de-hidalgo\/wp-json\/wp\/v2\/posts\/500029","targetHints":{"allow":["GET"]}}],"collection":[{"href":"https:\/\/www.zunoticia.com\/noticias-de-hidalgo\/wp-json\/wp\/v2\/posts"}],"about":[{"href":"https:\/\/www.zunoticia.com\/noticias-de-hidalgo\/wp-json\/wp\/v2\/types\/post"}],"author":[{"embeddable":true,"href":"https:\/\/www.zunoticia.com\/noticias-de-hidalgo\/wp-json\/wp\/v2\/users\/20"}],"replies":[{"embeddable":true,"href":"https:\/\/www.zunoticia.com\/noticias-de-hidalgo\/wp-json\/wp\/v2\/comments?post=500029"}],"version-history":[{"count":1,"href":"https:\/\/www.zunoticia.com\/noticias-de-hidalgo\/wp-json\/wp\/v2\/posts\/500029\/revisions"}],"predecessor-version":[{"id":500033,"href":"https:\/\/www.zunoticia.com\/noticias-de-hidalgo\/wp-json\/wp\/v2\/posts\/500029\/revisions\/500033"}],"wp:featuredmedia":[{"embeddable":true,"href":"https:\/\/www.zunoticia.com\/noticias-de-hidalgo\/wp-json\/wp\/v2\/media\/500030"}],"wp:attachment":[{"href":"https:\/\/www.zunoticia.com\/noticias-de-hidalgo\/wp-json\/wp\/v2\/media?parent=500029"}],"wp:term":[{"taxonomy":"category","embeddable":true,"href":"https:\/\/www.zunoticia.com\/noticias-de-hidalgo\/wp-json\/wp\/v2\/categories?post=500029"},{"taxonomy":"post_tag","embeddable":true,"href":"https:\/\/www.zunoticia.com\/noticias-de-hidalgo\/wp-json\/wp\/v2\/tags?post=500029"}],"curies":[{"name":"wp","href":"https:\/\/api.w.org\/{rel}","templated":true}]}}