{"id":500052,"date":"2023-08-23T18:43:13","date_gmt":"2023-08-24T00:43:13","guid":{"rendered":"https:\/\/www.zunoticia.com\/noticias-de-hidalgo\/?p=500052"},"modified":"2023-08-23T18:43:14","modified_gmt":"2023-08-24T00:43:14","slug":"recomienda-subsecretario-fortalecer-el-dialogo-para-solucionar-problemas-en-la-huasteca","status":"publish","type":"post","link":"https:\/\/www.zunoticia.com\/noticias-de-hidalgo\/2023\/08\/23\/recomienda-subsecretario-fortalecer-el-dialogo-para-solucionar-problemas-en-la-huasteca\/","title":{"rendered":"Recomienda subsecretario fortalecer el di\u00e1logo para solucionar problemas en la huasteca"},"content":{"rendered":"<aside class=\"mashsb-container mashsb-main mashsb-stretched\"><div class=\"mashsb-box\"><div class=\"mashsb-count mash-large\" style=\"float:left\"><div class=\"counts mashsbcount\">21<\/div><span class=\"mashsb-sharetext\">SHARES<\/span><\/div><div class=\"mashsb-buttons\"><a class=\"mashicon-facebook mash-large mash-center mashsb-noshadow\" href=\"https:\/\/www.facebook.com\/sharer.php?u=https%3A%2F%2Fwww.zunoticia.com%2Fnoticias-de-hidalgo%2F2023%2F08%2F23%2Frecomienda-subsecretario-fortalecer-el-dialogo-para-solucionar-problemas-en-la-huasteca%2F\" target=\"_top\" rel=\"nofollow\"><span class=\"icon\"><\/span><span class=\"text\">Share<\/span><\/a><a class=\"mashicon-twitter mash-large mash-center mashsb-noshadow\" href=\"https:\/\/twitter.com\/intent\/tweet?text=&amp;url=https:\/\/www.zunoticia.com\/noticias-de-hidalgo\/2023\/08\/23\/recomienda-subsecretario-fortalecer-el-dialogo-para-solucionar-problemas-en-la-huasteca\/\" target=\"_top\" rel=\"nofollow\"><span class=\"icon\"><\/span><span class=\"text\">Tweet<\/span><\/a><div class=\"onoffswitch2 mash-large mashsb-noshadow\" style=\"display:none\"><\/div><\/div>\n            <\/div>\n                <div style=\"clear:both\"><\/div><div class=\"mashsb-toggle-container\"><\/div><\/aside>\n            <!-- Share buttons by mashshare.net - Version: 4.0.47-->\n<p><em>Por Enedino Hern\u00e1ndez\/Zunoticia<\/em><\/p>\n\n\n\n<p><strong>Huejutla, Hgo<\/strong>.- El subsecretario de Gobierno en la huasteca hidalguense, Marco Antonio Ramos Moguel, recomienda a la poblaci\u00f3n en general, fortalecer la v\u00eda del di\u00e1logo para buscar la soluci\u00f3n a los problemas que se pudieran tener en los n\u00facleos poblacionales de esta zona de Hidalgo.<\/p>\n\n\n\n<p>Dijo que, el Licenciado Guillermo Olivares Reyna, titular de la Secretar\u00eda de Gobierno en Hidalgo, les ha instruido para fortalecer el di\u00e1logo \u201cnos ha pedido que estemos cercanos al pueblo, que escuchemos sus peticiones, que los asesoremos y los vinculemos con las instancias correspondientes para que de forma f\u00e1cil se le pueda dar atenci\u00f3n a todas sus demandas\u201d.<\/p>\n\n\n\n<p>Reconoci\u00f3 que, en la huasteca se tienen varios asuntos por atender \u201cpor lo general tocamos situaciones relativas a la Comisi\u00f3n Federal de Electricidad, se ha estado en mesas de trabajo entre comunidades de los diversos municipios y los alcaldes, junto con personal de la CFE a efecto de que haya comunicaci\u00f3n y di\u00e1logo se fortalezcan; as\u00ed poder evitar contratiempos, como es la toma de carreteras por la falta de suministro el\u00e9ctrico\u201d.<\/p>\n\n\n\n<p>Se\u00f1al\u00f3 que, en las oficinas tambi\u00e9n se atienden otro tipo de situaciones \u201caqu\u00ed escuchamos asuntos de educaci\u00f3n, salud, cuestiones internas de las comunidades, de delegados y buscamos los contactos con las dependencias, siempre escuchando a la ciudadan\u00eda y la vinculaci\u00f3n interinstitucional con los presidentes municipales de la regi\u00f3n\u201d.<\/p>\n\n\n\n<p>Subray\u00f3 que, es recomendable fortalecer la v\u00eda del di\u00e1logo, pues nunca hay que agotarlo \u201csiempre por la v\u00eda de la raz\u00f3n, la ciudadan\u00eda ha ido comprendiendo y est\u00e1 en este tenor por la v\u00eda del di\u00e1logo, aportando ideas, ser propositivos, ya que con el di\u00e1logo se llegan a muchos acuerdos que pueden dar la soluci\u00f3n a estos problemas\u201d.<\/p>\n\n\n\n<p>Marco Antonio Ramos Moguel, concluy\u00f3 que, en la subsecretar\u00eda de Gobierno en la huasteca se trabaja de \u201cpuertas abiertas\u201d y se atiende cualquier situaci\u00f3n, pues esa es la instrucci\u00f3n que se tiene del secretario de Gobierno, Guillermo Olivares Reyna.<\/p>\n\n\n\n<p><\/p>\n","protected":false},"excerpt":{"rendered":"<p>Por Enedino Hern\u00e1ndez\/Zunoticia Huejutla, Hgo.- El subsecretario de Gobierno en la huasteca hidalguense, Marco Antonio Ramos Moguel, recomienda a la poblaci\u00f3n en general, fortalecer la v\u00eda del di\u00e1logo para buscar la soluci\u00f3n a los problemas que se pudieran tener en los n\u00facleos poblacionales de esta zona de Hidalgo. Dijo que, el Licenciado Guillermo Olivares Reyna,&hellip; <a class=\"more-link\" href=\"https:\/\/www.zunoticia.com\/noticias-de-hidalgo\/2023\/08\/23\/recomienda-subsecretario-fortalecer-el-dialogo-para-solucionar-problemas-en-la-huasteca\/\">Seguir leyendo <span class=\"screen-reader-text\">Recomienda subsecretario fortalecer el di\u00e1logo para solucionar problemas en la huasteca<\/span><\/a><\/p>\n","protected":false},"author":20,"featured_media":500053,"comment_status":"closed","ping_status":"open","sticky":false,"template":"","format":"standard","meta":{"rop_custom_images_group":[],"rop_custom_messages_group":[],"rop_publish_now":"initial","rop_publish_now_accounts":{"facebook_10159540855086992_322828327761733":""},"rop_publish_now_history":[],"rop_publish_now_status":"pending","footnotes":""},"categories":[181],"tags":[121],"class_list":["post-500052","post","type-post","status-publish","format-standard","has-post-thumbnail","hentry","category-huejutla","tag-huejutla","entry"],"_links":{"self":[{"href":"https:\/\/www.zunoticia.com\/noticias-de-hidalgo\/wp-json\/wp\/v2\/posts\/500052","targetHints":{"allow":["GET"]}}],"collection":[{"href":"https:\/\/www.zunoticia.com\/noticias-de-hidalgo\/wp-json\/wp\/v2\/posts"}],"about":[{"href":"https:\/\/www.zunoticia.com\/noticias-de-hidalgo\/wp-json\/wp\/v2\/types\/post"}],"author":[{"embeddable":true,"href":"https:\/\/www.zunoticia.com\/noticias-de-hidalgo\/wp-json\/wp\/v2\/users\/20"}],"replies":[{"embeddable":true,"href":"https:\/\/www.zunoticia.com\/noticias-de-hidalgo\/wp-json\/wp\/v2\/comments?post=500052"}],"version-history":[{"count":1,"href":"https:\/\/www.zunoticia.com\/noticias-de-hidalgo\/wp-json\/wp\/v2\/posts\/500052\/revisions"}],"predecessor-version":[{"id":500054,"href":"https:\/\/www.zunoticia.com\/noticias-de-hidalgo\/wp-json\/wp\/v2\/posts\/500052\/revisions\/500054"}],"wp:featuredmedia":[{"embeddable":true,"href":"https:\/\/www.zunoticia.com\/noticias-de-hidalgo\/wp-json\/wp\/v2\/media\/500053"}],"wp:attachment":[{"href":"https:\/\/www.zunoticia.com\/noticias-de-hidalgo\/wp-json\/wp\/v2\/media?parent=500052"}],"wp:term":[{"taxonomy":"category","embeddable":true,"href":"https:\/\/www.zunoticia.com\/noticias-de-hidalgo\/wp-json\/wp\/v2\/categories?post=500052"},{"taxonomy":"post_tag","embeddable":true,"href":"https:\/\/www.zunoticia.com\/noticias-de-hidalgo\/wp-json\/wp\/v2\/tags?post=500052"}],"curies":[{"name":"wp","href":"https:\/\/api.w.org\/{rel}","templated":true}]}}