{"id":500058,"date":"2023-08-23T18:56:12","date_gmt":"2023-08-24T00:56:12","guid":{"rendered":"https:\/\/www.zunoticia.com\/noticias-de-hidalgo\/?p=500058"},"modified":"2023-08-23T18:56:13","modified_gmt":"2023-08-24T00:56:13","slug":"exigen-reparacion-de-danos-a-vecino-de-ahuatitla","status":"publish","type":"post","link":"https:\/\/www.zunoticia.com\/noticias-de-hidalgo\/2023\/08\/23\/exigen-reparacion-de-danos-a-vecino-de-ahuatitla\/","title":{"rendered":"Exigen reparaci\u00f3n de da\u00f1os a vecino de Ahuatitla"},"content":{"rendered":"<aside class=\"mashsb-container mashsb-main mashsb-stretched\"><div class=\"mashsb-box\"><div class=\"mashsb-count mash-large\" style=\"float:left\"><div class=\"counts mashsbcount\">23<\/div><span class=\"mashsb-sharetext\">SHARES<\/span><\/div><div class=\"mashsb-buttons\"><a class=\"mashicon-facebook mash-large mash-center mashsb-noshadow\" href=\"https:\/\/www.facebook.com\/sharer.php?u=https%3A%2F%2Fwww.zunoticia.com%2Fnoticias-de-hidalgo%2F2023%2F08%2F23%2Fexigen-reparacion-de-danos-a-vecino-de-ahuatitla%2F\" target=\"_top\" rel=\"nofollow\"><span class=\"icon\"><\/span><span class=\"text\">Share<\/span><\/a><a class=\"mashicon-twitter mash-large mash-center mashsb-noshadow\" href=\"https:\/\/twitter.com\/intent\/tweet?text=&amp;url=https:\/\/www.zunoticia.com\/noticias-de-hidalgo\/2023\/08\/23\/exigen-reparacion-de-danos-a-vecino-de-ahuatitla\/\" target=\"_top\" rel=\"nofollow\"><span class=\"icon\"><\/span><span class=\"text\">Tweet<\/span><\/a><div class=\"onoffswitch2 mash-large mashsb-noshadow\" style=\"display:none\"><\/div><\/div>\n            <\/div>\n                <div style=\"clear:both\"><\/div><div class=\"mashsb-toggle-container\"><\/div><\/aside>\n            <!-- Share buttons by mashshare.net - Version: 4.0.47-->\n<p><em>Por \u00c1ngel Silverio\/Zunoticia<\/em><\/p>\n\n\n\n<p><strong>San Felipe Orizatl\u00e1n, Hgo<\/strong>.- Vecinos y autoridades de la delegaci\u00f3n de Ahuatitla, llevaron a cabo la ma\u00f1ana de este mi\u00e9rcoles, en las afueras del CERESO en La Lima, una manifestaci\u00f3n pac\u00edfica para pedir que se le haga justicia a Benjam\u00edn Antonio Clemente, quien resultara agredido el pasado 17 de marzo en donde el se\u00f1or Nicol\u00e1s Pedro, mejor conocido como &#8220;Toro&#8221;, lo lesion\u00f3 con un machete en varias ocasiones, dej\u00e1ndolo grave.<\/p>\n\n\n\n<p>Desde muy temprana hora, familiares, vecinos y autoridades de la comunidad se congregaron en las afueras del CERESO, para ejercer presi\u00f3n y se le d\u00e9 una pronta soluci\u00f3n a este caso, ya que aseguran, se ha venido postergando por parte de la parte defensora del acusado, a pesar de que ya se hizo entrega de las pruebas desde que se inici\u00f3 la carpeta de investigaci\u00f3n.<\/p>\n\n\n\n<p>Los manifestantes piden la reparaci\u00f3n de los da\u00f1os y c\u00e1rcel para el agresor, tambi\u00e9n se\u00f1alan que, esta audiencia estaba programada desde hace dos meses, pero se pospuso, debido a que la fecha en que se hab\u00eda anunciado, el acusado apenas hab\u00eda conseguido un abogado, por lo que se aplaz\u00f3 dos meses.<\/p>\n\n\n\n<p>Cabe mencionar que, hasta el momento, Nicol\u00e1s Pedro no ha pagado los gastos de curaciones e incluso aseguran que se pasea por el pueblo de manera altanera, diciendo que la autoridad no le hace nada.<\/p>\n","protected":false},"excerpt":{"rendered":"<p>Por \u00c1ngel Silverio\/Zunoticia San Felipe Orizatl\u00e1n, Hgo.- Vecinos y autoridades de la delegaci\u00f3n de Ahuatitla, llevaron a cabo la ma\u00f1ana de este mi\u00e9rcoles, en las afueras del CERESO en La Lima, una manifestaci\u00f3n pac\u00edfica para pedir que se le haga justicia a Benjam\u00edn Antonio Clemente, quien resultara agredido el pasado 17 de marzo en donde&hellip; <a class=\"more-link\" href=\"https:\/\/www.zunoticia.com\/noticias-de-hidalgo\/2023\/08\/23\/exigen-reparacion-de-danos-a-vecino-de-ahuatitla\/\">Seguir leyendo <span class=\"screen-reader-text\">Exigen reparaci\u00f3n de da\u00f1os a vecino de Ahuatitla<\/span><\/a><\/p>\n","protected":false},"author":20,"featured_media":500059,"comment_status":"closed","ping_status":"open","sticky":false,"template":"","format":"standard","meta":{"rop_custom_images_group":[],"rop_custom_messages_group":[],"rop_publish_now":"initial","rop_publish_now_accounts":{"facebook_10159540855086992_322828327761733":""},"rop_publish_now_history":[],"rop_publish_now_status":"pending","footnotes":""},"categories":[180],"tags":[129],"class_list":["post-500058","post","type-post","status-publish","format-standard","has-post-thumbnail","hentry","category-orizatlan","tag-orizatlan","entry"],"_links":{"self":[{"href":"https:\/\/www.zunoticia.com\/noticias-de-hidalgo\/wp-json\/wp\/v2\/posts\/500058","targetHints":{"allow":["GET"]}}],"collection":[{"href":"https:\/\/www.zunoticia.com\/noticias-de-hidalgo\/wp-json\/wp\/v2\/posts"}],"about":[{"href":"https:\/\/www.zunoticia.com\/noticias-de-hidalgo\/wp-json\/wp\/v2\/types\/post"}],"author":[{"embeddable":true,"href":"https:\/\/www.zunoticia.com\/noticias-de-hidalgo\/wp-json\/wp\/v2\/users\/20"}],"replies":[{"embeddable":true,"href":"https:\/\/www.zunoticia.com\/noticias-de-hidalgo\/wp-json\/wp\/v2\/comments?post=500058"}],"version-history":[{"count":1,"href":"https:\/\/www.zunoticia.com\/noticias-de-hidalgo\/wp-json\/wp\/v2\/posts\/500058\/revisions"}],"predecessor-version":[{"id":500060,"href":"https:\/\/www.zunoticia.com\/noticias-de-hidalgo\/wp-json\/wp\/v2\/posts\/500058\/revisions\/500060"}],"wp:featuredmedia":[{"embeddable":true,"href":"https:\/\/www.zunoticia.com\/noticias-de-hidalgo\/wp-json\/wp\/v2\/media\/500059"}],"wp:attachment":[{"href":"https:\/\/www.zunoticia.com\/noticias-de-hidalgo\/wp-json\/wp\/v2\/media?parent=500058"}],"wp:term":[{"taxonomy":"category","embeddable":true,"href":"https:\/\/www.zunoticia.com\/noticias-de-hidalgo\/wp-json\/wp\/v2\/categories?post=500058"},{"taxonomy":"post_tag","embeddable":true,"href":"https:\/\/www.zunoticia.com\/noticias-de-hidalgo\/wp-json\/wp\/v2\/tags?post=500058"}],"curies":[{"name":"wp","href":"https:\/\/api.w.org\/{rel}","templated":true}]}}