{"id":500334,"date":"2023-08-25T16:27:33","date_gmt":"2023-08-25T22:27:33","guid":{"rendered":"https:\/\/www.zunoticia.com\/noticias-de-hidalgo\/?p=500334"},"modified":"2023-08-25T22:01:47","modified_gmt":"2023-08-26T04:01:47","slug":"aprehenden-a-exdirector-deradio-y-television-de-hidalgo","status":"publish","type":"post","link":"https:\/\/www.zunoticia.com\/noticias-de-hidalgo\/2023\/08\/25\/aprehenden-a-exdirector-deradio-y-television-de-hidalgo\/","title":{"rendered":"Aprehenden e investigan por peculado a exdirector de Radio y Televisi\u00f3n de Hidalgo"},"content":{"rendered":"<aside class=\"mashsb-container mashsb-main mashsb-stretched\"><div class=\"mashsb-box\"><div class=\"mashsb-count mash-large\" style=\"float:left\"><div class=\"counts mashsbcount\">42<\/div><span class=\"mashsb-sharetext\">SHARES<\/span><\/div><div class=\"mashsb-buttons\"><a class=\"mashicon-facebook mash-large mash-center mashsb-noshadow\" href=\"https:\/\/www.facebook.com\/sharer.php?u=https%3A%2F%2Fwww.zunoticia.com%2Fnoticias-de-hidalgo%2F2023%2F08%2F25%2Faprehenden-a-exdirector-deradio-y-television-de-hidalgo%2F\" target=\"_top\" rel=\"nofollow\"><span class=\"icon\"><\/span><span class=\"text\">Share<\/span><\/a><a class=\"mashicon-twitter mash-large mash-center mashsb-noshadow\" href=\"https:\/\/twitter.com\/intent\/tweet?text=&amp;url=https:\/\/www.zunoticia.com\/noticias-de-hidalgo\/2023\/08\/25\/aprehenden-a-exdirector-deradio-y-television-de-hidalgo\/\" target=\"_top\" rel=\"nofollow\"><span class=\"icon\"><\/span><span class=\"text\">Tweet<\/span><\/a><div class=\"onoffswitch2 mash-large mashsb-noshadow\" style=\"display:none\"><\/div><\/div>\n            <\/div>\n                <div style=\"clear:both\"><\/div><div class=\"mashsb-toggle-container\"><\/div><\/aside>\n            <!-- Share buttons by mashshare.net - Version: 4.0.47-->\n<p>*Es investigado por peculado en agravio de la administraci\u00f3n p\u00fablica.<\/p>\n\n\n\n<p><em>Por Francisco Rosas\/Zunoticia<\/em><\/p>\n\n\n\n<p><strong>Pachuca de Soto, Hgo<\/strong>.- La madrugada de este viernes, en acciones coordinadas, la Procuradur\u00eda General de Justicia del Estado de Hidalgo (PGJEH), la Fiscal\u00eda General de la Rep\u00fablica y Secretar\u00eda de Marina, aprehendieron al exdirector general de Radio y Televisi\u00f3n de Hidalgo, identificado con las iniciales S. I. O., investigado por peculado en agravio de la administraci\u00f3n p\u00fablica por un monto superior a los 242 millones de pesos.<\/p>\n\n\n\n<p>La detenci\u00f3n de esta persona fue realizada en Tecamachalco, estado de M\u00e9xico y los hechos que se investigan ocurrieron durante el periodo en el que el imputado se desempe\u00f1\u00f3 como director general de Radio y Televisi\u00f3n de Hidalgo, lapso en el que fueron celebrados contratos millonarios, caus\u00e1ndole un detrimento patrimonial a la instituci\u00f3n por un monto de 242 millones 492 mil 793 pesos.<\/p>\n\n\n\n<p>Derivado de lo ocurrido, esta representaci\u00f3n social inici\u00f3 las indagatorias y con base en los datos de prueba se solicit\u00f3 la orden de aprehensi\u00f3n correspondiente, sin embargo, el imputado se mantuvo sustra\u00eddo de la justicia hasta hoy, que con el apoyo de fuerzas federales, la PGJEH ejecut\u00f3 el mandamiento judicial en el estado de M\u00e9xico.<\/p>\n\n\n\n<p>Fue trasladado a Hidalgo, donde qued\u00f3 a disposici\u00f3n de la autoridad judicial, quien fij\u00f3 las 12:00 horas para que se lleve a cabo la audiencia inicial en la que agentes del Ministerio P\u00fablico adscritos a la Fiscal\u00eda Especializada en Delitos de Corrupci\u00f3n, formular\u00e1n la imputaci\u00f3n y solicitar\u00e1n la vinculaci\u00f3n a proceso del exfuncionario p\u00fablico.<\/p>\n\n\n\n<p><\/p>\n\n\n\n<p><\/p>\n","protected":false},"excerpt":{"rendered":"<p>*Es investigado por peculado en agravio de la administraci\u00f3n p\u00fablica. Por Francisco Rosas\/Zunoticia Pachuca de Soto, Hgo.- La madrugada de este viernes, en acciones coordinadas, la Procuradur\u00eda General de Justicia del Estado de Hidalgo (PGJEH), la Fiscal\u00eda General de la Rep\u00fablica y Secretar\u00eda de Marina, aprehendieron al exdirector general de Radio y Televisi\u00f3n de Hidalgo,&hellip; <a class=\"more-link\" href=\"https:\/\/www.zunoticia.com\/noticias-de-hidalgo\/2023\/08\/25\/aprehenden-a-exdirector-deradio-y-television-de-hidalgo\/\">Seguir leyendo <span class=\"screen-reader-text\">Aprehenden e investigan por peculado a exdirector de Radio y Televisi\u00f3n de Hidalgo<\/span><\/a><\/p>\n","protected":false},"author":20,"featured_media":500338,"comment_status":"closed","ping_status":"open","sticky":false,"template":"","format":"standard","meta":{"rop_custom_images_group":[],"rop_custom_messages_group":[],"rop_publish_now":"initial","rop_publish_now_accounts":{"facebook_10159540855086992_322828327761733":""},"rop_publish_now_history":[],"rop_publish_now_status":"pending","footnotes":""},"categories":[178],"tags":[259],"class_list":["post-500334","post","type-post","status-publish","format-standard","has-post-thumbnail","hentry","category-policiaca","tag-policiaca","entry"],"_links":{"self":[{"href":"https:\/\/www.zunoticia.com\/noticias-de-hidalgo\/wp-json\/wp\/v2\/posts\/500334","targetHints":{"allow":["GET"]}}],"collection":[{"href":"https:\/\/www.zunoticia.com\/noticias-de-hidalgo\/wp-json\/wp\/v2\/posts"}],"about":[{"href":"https:\/\/www.zunoticia.com\/noticias-de-hidalgo\/wp-json\/wp\/v2\/types\/post"}],"author":[{"embeddable":true,"href":"https:\/\/www.zunoticia.com\/noticias-de-hidalgo\/wp-json\/wp\/v2\/users\/20"}],"replies":[{"embeddable":true,"href":"https:\/\/www.zunoticia.com\/noticias-de-hidalgo\/wp-json\/wp\/v2\/comments?post=500334"}],"version-history":[{"count":3,"href":"https:\/\/www.zunoticia.com\/noticias-de-hidalgo\/wp-json\/wp\/v2\/posts\/500334\/revisions"}],"predecessor-version":[{"id":500411,"href":"https:\/\/www.zunoticia.com\/noticias-de-hidalgo\/wp-json\/wp\/v2\/posts\/500334\/revisions\/500411"}],"wp:featuredmedia":[{"embeddable":true,"href":"https:\/\/www.zunoticia.com\/noticias-de-hidalgo\/wp-json\/wp\/v2\/media\/500338"}],"wp:attachment":[{"href":"https:\/\/www.zunoticia.com\/noticias-de-hidalgo\/wp-json\/wp\/v2\/media?parent=500334"}],"wp:term":[{"taxonomy":"category","embeddable":true,"href":"https:\/\/www.zunoticia.com\/noticias-de-hidalgo\/wp-json\/wp\/v2\/categories?post=500334"},{"taxonomy":"post_tag","embeddable":true,"href":"https:\/\/www.zunoticia.com\/noticias-de-hidalgo\/wp-json\/wp\/v2\/tags?post=500334"}],"curies":[{"name":"wp","href":"https:\/\/api.w.org\/{rel}","templated":true}]}}