{"id":500363,"date":"2023-08-25T18:06:33","date_gmt":"2023-08-26T00:06:33","guid":{"rendered":"https:\/\/www.zunoticia.com\/noticias-de-hidalgo\/?p=500363"},"modified":"2023-08-25T18:06:34","modified_gmt":"2023-08-26T00:06:34","slug":"inicia-ihm-foro-de-debate-prospectivo-en-temas-de-igualdad","status":"publish","type":"post","link":"https:\/\/www.zunoticia.com\/noticias-de-hidalgo\/2023\/08\/25\/inicia-ihm-foro-de-debate-prospectivo-en-temas-de-igualdad\/","title":{"rendered":"Inicia IHM foro de debate prospectivo en temas de igualdad"},"content":{"rendered":"<aside class=\"mashsb-container mashsb-main mashsb-stretched\"><div class=\"mashsb-box\"><div class=\"mashsb-count mash-large\" style=\"float:left\"><div class=\"counts mashsbcount\">26<\/div><span class=\"mashsb-sharetext\">SHARES<\/span><\/div><div class=\"mashsb-buttons\"><a class=\"mashicon-facebook mash-large mash-center mashsb-noshadow\" href=\"https:\/\/www.facebook.com\/sharer.php?u=https%3A%2F%2Fwww.zunoticia.com%2Fnoticias-de-hidalgo%2F2023%2F08%2F25%2Finicia-ihm-foro-de-debate-prospectivo-en-temas-de-igualdad%2F\" target=\"_top\" rel=\"nofollow\"><span class=\"icon\"><\/span><span class=\"text\">Share<\/span><\/a><a class=\"mashicon-twitter mash-large mash-center mashsb-noshadow\" href=\"https:\/\/twitter.com\/intent\/tweet?text=&amp;url=https:\/\/www.zunoticia.com\/noticias-de-hidalgo\/2023\/08\/25\/inicia-ihm-foro-de-debate-prospectivo-en-temas-de-igualdad\/\" target=\"_top\" rel=\"nofollow\"><span class=\"icon\"><\/span><span class=\"text\">Tweet<\/span><\/a><div class=\"onoffswitch2 mash-large mashsb-noshadow\" style=\"display:none\"><\/div><\/div>\n            <\/div>\n                <div style=\"clear:both\"><\/div><div class=\"mashsb-toggle-container\"><\/div><\/aside>\n            <!-- Share buttons by mashshare.net - Version: 4.0.47-->\n<p>*Secretarias, acad\u00e9micas e integrantes de OSC, participaron en este primer grupo focal<\/p>\n\n\n\n<p><em>Por Redacci\u00f3n\/Zunoticia<\/em><\/p>\n\n\n\n<p><strong>Pachuca de Soto, Hgo.-<\/strong> Para plantear una visi\u00f3n a futuro en materia de igualdad sustantiva entre mujeres y hombres y establecer estrategias de prevenci\u00f3n y atenci\u00f3n de la violencia contra las mujeres, el Instituto Hidalguense de las Mujeres (IHM), convoc\u00f3 y coordin\u00f3 la primera mesa del \u201cForo de Debate Prospectivo para el Hidalgo que Queremos\u201d.<\/p>\n\n\n\n<p>Lo anterior, con dependencias gubernamentales, academia, sector privado, periodistas y organizaciones de la sociedad civil.<\/p>\n\n\n\n<p>En su mensaje, la directora general, Bertha Miranda Rodr\u00edguez, record\u00f3 la pol\u00edtica del titular del Ejecutivo, Julio Menchaca, de gobernar con y para el pueblo.<\/p>\n\n\n\n<p>Por lo tanto, enfatiz\u00f3, es imprescindible escuchar las opiniones de las personas expertas en el tema y en especial a la ciudadan\u00eda, para generar estrategias que garanticen el derecho de las mujeres de vivir libres de violencia y erradicar pr\u00e1cticas de discriminaci\u00f3n que limiten su bienestar.&nbsp;<\/p>\n\n\n\n<p>Durante el foro, las secretarias Lizbeth Robles Guti\u00e9rrez, de Movilidad y Transporte, y M\u00f3nica Mixtega Trejo, de Medio Ambiente; as\u00ed como Neyda Naranjo, subsecretaria de Bienestar e Inclusi\u00f3n Social, y representantes de otras dependencias gubernamentales, coincidieron en que es a partir de la coordinaci\u00f3n como se seguir\u00e1 impulsando el potencial de las mujeres, erradicando pr\u00e1cticas que vulneran sus derechos, incluso en el \u00e1mbito institucional.&nbsp;<\/p>\n\n\n\n<p>Se abordaron acciones para fortalecer la transversalidad de la perspectiva de g\u00e9nero en la administraci\u00f3n p\u00fablica estatal y municipal; reforzar las estrategias para disminuir el embarazo adolescente y erradicar el embarazo infantil, mirando esta problem\u00e1tica desde el enfoque de violencia sexual, como una obligaci\u00f3n prioritaria; se pronunciaron por una movilidad segura para las mujeres y la participaci\u00f3n de \u00e9stas en temas ambientales.<\/p>\n\n\n\n<p>Acad\u00e9micas como Silvia Mendoza Mendoza, y Josefina Hern\u00e1ndez T\u00e9llez, de la UAEH, y representantes de la sociedad civil como Ana Lara Vargas, de la Colectiva de Mujeres contra la Violencia y Rafael Castel\u00e1n, director ejecutivo de SEIINAC, presentaron cifras desde su propia postura y plantearon el tema desde sus perspectivas.&nbsp;<\/p>\n\n\n\n<p>Anotaron que el avance logrado en materia de igualdad y atenci\u00f3n de la violencia de g\u00e9nero, se estanc\u00f3, e incluso retrocedi\u00f3 10 a\u00f1os, luego del Covid 19.&nbsp;<\/p>\n\n\n\n<p>Recordaron que la implementaci\u00f3n efectiva de un Sistema de Cuidados que disminuya la carga reproductiva de las mujeres, es esencial para que puedan aprovechar las oportunidades de desarrollo en igualdad de condiciones.&nbsp;<\/p>\n\n\n\n<p>Cabe mencionar que las conclusiones de este grupo focal, y de las siguientes mesas que se realizar\u00e1n, ser\u00e1n referencia para el redise\u00f1o de la pol\u00edtica p\u00fablica de igualdad y la elaboraci\u00f3n del Programa Institucional de Desarrollo del IHM.&nbsp;<\/p>\n\n\n\n<figure class=\"wp-block-image size-full\"><img fetchpriority=\"high\" decoding=\"async\" width=\"940\" height=\"788\" src=\"https:\/\/www.zunoticia.com\/noticias-de-hidalgo\/wp-content\/uploads\/2023\/08\/Zunoticia-1-35.png\" alt=\"\" class=\"wp-image-500365\" srcset=\"https:\/\/www.zunoticia.com\/noticias-de-hidalgo\/wp-content\/uploads\/2023\/08\/Zunoticia-1-35.png 940w, https:\/\/www.zunoticia.com\/noticias-de-hidalgo\/wp-content\/uploads\/2023\/08\/Zunoticia-1-35-300x251.png 300w, https:\/\/www.zunoticia.com\/noticias-de-hidalgo\/wp-content\/uploads\/2023\/08\/Zunoticia-1-35-768x644.png 768w\" sizes=\"(max-width: 940px) 100vw, 940px\" \/><\/figure>\n","protected":false},"excerpt":{"rendered":"<p>*Secretarias, acad\u00e9micas e integrantes de OSC, participaron en este primer grupo focal Por Redacci\u00f3n\/Zunoticia Pachuca de Soto, Hgo.- Para plantear una visi\u00f3n a futuro en materia de igualdad sustantiva entre mujeres y hombres y establecer estrategias de prevenci\u00f3n y atenci\u00f3n de la violencia contra las mujeres, el Instituto Hidalguense de las Mujeres (IHM), convoc\u00f3 y&hellip; <a class=\"more-link\" href=\"https:\/\/www.zunoticia.com\/noticias-de-hidalgo\/2023\/08\/25\/inicia-ihm-foro-de-debate-prospectivo-en-temas-de-igualdad\/\">Seguir leyendo <span class=\"screen-reader-text\">Inicia IHM foro de debate prospectivo en temas de igualdad<\/span><\/a><\/p>\n","protected":false},"author":20,"featured_media":500364,"comment_status":"closed","ping_status":"open","sticky":false,"template":"","format":"standard","meta":{"rop_custom_images_group":[],"rop_custom_messages_group":[],"rop_publish_now":"initial","rop_publish_now_accounts":{"facebook_10159540855086992_322828327761733":""},"rop_publish_now_history":[],"rop_publish_now_status":"pending","footnotes":""},"categories":[208],"tags":[214],"class_list":["post-500363","post","type-post","status-publish","format-standard","has-post-thumbnail","hentry","category-estado","tag-estado","entry"],"_links":{"self":[{"href":"https:\/\/www.zunoticia.com\/noticias-de-hidalgo\/wp-json\/wp\/v2\/posts\/500363","targetHints":{"allow":["GET"]}}],"collection":[{"href":"https:\/\/www.zunoticia.com\/noticias-de-hidalgo\/wp-json\/wp\/v2\/posts"}],"about":[{"href":"https:\/\/www.zunoticia.com\/noticias-de-hidalgo\/wp-json\/wp\/v2\/types\/post"}],"author":[{"embeddable":true,"href":"https:\/\/www.zunoticia.com\/noticias-de-hidalgo\/wp-json\/wp\/v2\/users\/20"}],"replies":[{"embeddable":true,"href":"https:\/\/www.zunoticia.com\/noticias-de-hidalgo\/wp-json\/wp\/v2\/comments?post=500363"}],"version-history":[{"count":1,"href":"https:\/\/www.zunoticia.com\/noticias-de-hidalgo\/wp-json\/wp\/v2\/posts\/500363\/revisions"}],"predecessor-version":[{"id":500366,"href":"https:\/\/www.zunoticia.com\/noticias-de-hidalgo\/wp-json\/wp\/v2\/posts\/500363\/revisions\/500366"}],"wp:featuredmedia":[{"embeddable":true,"href":"https:\/\/www.zunoticia.com\/noticias-de-hidalgo\/wp-json\/wp\/v2\/media\/500364"}],"wp:attachment":[{"href":"https:\/\/www.zunoticia.com\/noticias-de-hidalgo\/wp-json\/wp\/v2\/media?parent=500363"}],"wp:term":[{"taxonomy":"category","embeddable":true,"href":"https:\/\/www.zunoticia.com\/noticias-de-hidalgo\/wp-json\/wp\/v2\/categories?post=500363"},{"taxonomy":"post_tag","embeddable":true,"href":"https:\/\/www.zunoticia.com\/noticias-de-hidalgo\/wp-json\/wp\/v2\/tags?post=500363"}],"curies":[{"name":"wp","href":"https:\/\/api.w.org\/{rel}","templated":true}]}}