{"id":500371,"date":"2023-08-25T18:18:41","date_gmt":"2023-08-26T00:18:41","guid":{"rendered":"https:\/\/www.zunoticia.com\/noticias-de-hidalgo\/?p=500371"},"modified":"2023-08-25T18:18:42","modified_gmt":"2023-08-26T00:18:42","slug":"celebra-edda-vite-dia-nacional-de-las-personas-mayores-en-casa-de-descanso-y-de-la-tercera-edad","status":"publish","type":"post","link":"https:\/\/www.zunoticia.com\/noticias-de-hidalgo\/2023\/08\/25\/celebra-edda-vite-dia-nacional-de-las-personas-mayores-en-casa-de-descanso-y-de-la-tercera-edad\/","title":{"rendered":"Celebra Edda Vite, D\u00eda Nacional de las Personas Mayores en Casa de Descanso y de la Tercera Edad"},"content":{"rendered":"<aside class=\"mashsb-container mashsb-main mashsb-stretched\"><div class=\"mashsb-box\"><div class=\"mashsb-count mash-large\" style=\"float:left\"><div class=\"counts mashsbcount\">36<\/div><span class=\"mashsb-sharetext\">SHARES<\/span><\/div><div class=\"mashsb-buttons\"><a class=\"mashicon-facebook mash-large mash-center mashsb-noshadow\" href=\"https:\/\/www.facebook.com\/sharer.php?u=https%3A%2F%2Fwww.zunoticia.com%2Fnoticias-de-hidalgo%2F2023%2F08%2F25%2Fcelebra-edda-vite-dia-nacional-de-las-personas-mayores-en-casa-de-descanso-y-de-la-tercera-edad%2F\" target=\"_top\" rel=\"nofollow\"><span class=\"icon\"><\/span><span class=\"text\">Share<\/span><\/a><a class=\"mashicon-twitter mash-large mash-center mashsb-noshadow\" href=\"https:\/\/twitter.com\/intent\/tweet?text=&amp;url=https:\/\/www.zunoticia.com\/noticias-de-hidalgo\/2023\/08\/25\/celebra-edda-vite-dia-nacional-de-las-personas-mayores-en-casa-de-descanso-y-de-la-tercera-edad\/\" target=\"_top\" rel=\"nofollow\"><span class=\"icon\"><\/span><span class=\"text\">Tweet<\/span><\/a><div class=\"onoffswitch2 mash-large mashsb-noshadow\" style=\"display:none\"><\/div><\/div>\n            <\/div>\n                <div style=\"clear:both\"><\/div><div class=\"mashsb-toggle-container\"><\/div><\/aside>\n            <!-- Share buttons by mashshare.net - Version: 4.0.47-->\n<p>*La presidenta del Patronato del DIFH, visit\u00f3 a las personas mayores de ambos lugares, para acompa\u00f1arlas en sus festejos.<\/p>\n\n\n\n<p><em>Por Redacci\u00f3n\/Zunoticia<\/em><\/p>\n\n\n\n<p><strong>Pachuca de Soto, Hgo.-<\/strong> En el marco del mes de las Personas Mayores, Edda Vite, presidenta del Patronato del Sistema DIFH, puso en marcha diversas actividades gerontol\u00f3gicas en Casa de la Tercera Edad, adem\u00e1s de inaugurar tres huertos terap\u00e9uticos en la Casa de Descanso \u201cMar\u00eda Elena Ram\u00edrez de Lozano\u201d.<\/p>\n\n\n\n<p>Las acciones comenzaron con el arranque de los talleres de Arteterapia, Divertibaile, Huerto \u2013 Terap\u00e9utico, Juegos de Estimulaci\u00f3n, Masajes de Relajaci\u00f3n y un \u00e1rea de Salud y Belleza.<\/p>\n\n\n\n<p>En la Casa de la Tercera Edad, la presidenta del Patronato llam\u00f3 a reconocer que el entorno social de cada hidalguense cuenta con la presencia de una persona mayor que puede representar un c\u00famulo de experiencia, sabidur\u00eda y aprendizaje, que debe valorarse, reconocerse y respetarse.&nbsp;<\/p>\n\n\n\n<p>De igual forma, Edda Vite destac\u00f3 la ayuda de 51 voluntarios provenientes de los Servicios de Belleza del Centro de Desarrollo Comunitario Urbano (CDCU) del DIFH, de la Universidad de Chapingo y de organizaciones del sector privado, quienes apoyaron a los festejados durante su desenvolvimiento en los talleres.<\/p>\n\n\n\n<p>\u201cAgradecemos a todos ustedes el legado que han dejado para las nuevas generaciones, sigamos creando comunidades inclusivas, estamos trabajando, s\u00e9 que falta mucho por hacer, pero lo estamos haciendo por el estado que nos merecemos, porque en Hidalgo lo importante es nuestra gente de la tercera edad\u201d.&nbsp;<\/p>\n\n\n\n<p>M\u00e1s tarde, la presidenta del Patronato acompa\u00f1\u00f3 a las y los usuarios de la Casa de Descanso \u201cMar\u00eda Elena Ram\u00edrez de Lozano\u201d, a la ansiada inauguraci\u00f3n de tres huertos org\u00e1nicos completamente elaborados por las personas mayores, quienes les pusieron por nombre \u201cJard\u00edn de los Sue\u00f1os\u201d, \u201cSembramos Amor por las Plantas\u201d y \u201cEl Arte de Curar con Hierbas\u201d.&nbsp;&nbsp;<\/p>\n\n\n\n<p>En ese contexto, la Familia DIFH hizo entrega de reconocimientos a las y los usuarios por su empe\u00f1o y dedicaci\u00f3n para utilizar los espacios destinados al est\u00edmulo de sus sentidos, memoria, motricidad y su esparcimiento.<\/p>\n\n\n\n<p>Todo ello, enmarcado en una colorida convivencia en que se coron\u00f3 a las reinas, reyes, princesas y pr\u00edncipes de la Casa, con la finalidad de disfrutar de un fabuloso programa de cuentos alusivos a la sabidur\u00eda y respeto por la vejez, as\u00ed como de interpretaciones de cl\u00e1sicos musicales.<\/p>\n\n\n\n<p>Finalmente, se entregaron obsequios y se realiz\u00f3 un emotivo recorrido por las instalaciones de esta instituci\u00f3n.&nbsp;<\/p>\n\n\n\n<p>Estas acciones corresponden al preludio del evento estatal que tendr\u00e1 lugar el d\u00eda lunes 28 de agosto, dedicado a celebrar esta fecha tan importante para el reconocimiento de las personas mayores, como parte fundamental de la sociedad hidalguense.&nbsp;&nbsp;<\/p>\n\n\n\n<p>As\u00ed, la administraci\u00f3n de Edda Vite contin\u00faa firme en su marcha por lograr un Hidalgo con una fuerte cultura de respeto y dignidad hacia la poblaci\u00f3n geri\u00e1trica.<\/p>\n\n\n\n<figure class=\"wp-block-image size-full\"><img fetchpriority=\"high\" decoding=\"async\" width=\"940\" height=\"788\" src=\"https:\/\/www.zunoticia.com\/noticias-de-hidalgo\/wp-content\/uploads\/2023\/08\/Zunoticia-1-37.png\" alt=\"\" class=\"wp-image-500373\" srcset=\"https:\/\/www.zunoticia.com\/noticias-de-hidalgo\/wp-content\/uploads\/2023\/08\/Zunoticia-1-37.png 940w, https:\/\/www.zunoticia.com\/noticias-de-hidalgo\/wp-content\/uploads\/2023\/08\/Zunoticia-1-37-300x251.png 300w, https:\/\/www.zunoticia.com\/noticias-de-hidalgo\/wp-content\/uploads\/2023\/08\/Zunoticia-1-37-768x644.png 768w\" sizes=\"(max-width: 940px) 100vw, 940px\" \/><\/figure>\n","protected":false},"excerpt":{"rendered":"<p>*La presidenta del Patronato del DIFH, visit\u00f3 a las personas mayores de ambos lugares, para acompa\u00f1arlas en sus festejos. Por Redacci\u00f3n\/Zunoticia Pachuca de Soto, Hgo.- En el marco del mes de las Personas Mayores, Edda Vite, presidenta del Patronato del Sistema DIFH, puso en marcha diversas actividades gerontol\u00f3gicas en Casa de la Tercera Edad, adem\u00e1s&hellip; <a class=\"more-link\" href=\"https:\/\/www.zunoticia.com\/noticias-de-hidalgo\/2023\/08\/25\/celebra-edda-vite-dia-nacional-de-las-personas-mayores-en-casa-de-descanso-y-de-la-tercera-edad\/\">Seguir leyendo <span class=\"screen-reader-text\">Celebra Edda Vite, D\u00eda Nacional de las Personas Mayores en Casa de Descanso y de la Tercera Edad<\/span><\/a><\/p>\n","protected":false},"author":20,"featured_media":500372,"comment_status":"closed","ping_status":"open","sticky":false,"template":"","format":"standard","meta":{"rop_custom_images_group":[],"rop_custom_messages_group":[],"rop_publish_now":"initial","rop_publish_now_accounts":{"facebook_10159540855086992_322828327761733":""},"rop_publish_now_history":[],"rop_publish_now_status":"pending","footnotes":""},"categories":[208],"tags":[214],"class_list":["post-500371","post","type-post","status-publish","format-standard","has-post-thumbnail","hentry","category-estado","tag-estado","entry"],"_links":{"self":[{"href":"https:\/\/www.zunoticia.com\/noticias-de-hidalgo\/wp-json\/wp\/v2\/posts\/500371","targetHints":{"allow":["GET"]}}],"collection":[{"href":"https:\/\/www.zunoticia.com\/noticias-de-hidalgo\/wp-json\/wp\/v2\/posts"}],"about":[{"href":"https:\/\/www.zunoticia.com\/noticias-de-hidalgo\/wp-json\/wp\/v2\/types\/post"}],"author":[{"embeddable":true,"href":"https:\/\/www.zunoticia.com\/noticias-de-hidalgo\/wp-json\/wp\/v2\/users\/20"}],"replies":[{"embeddable":true,"href":"https:\/\/www.zunoticia.com\/noticias-de-hidalgo\/wp-json\/wp\/v2\/comments?post=500371"}],"version-history":[{"count":1,"href":"https:\/\/www.zunoticia.com\/noticias-de-hidalgo\/wp-json\/wp\/v2\/posts\/500371\/revisions"}],"predecessor-version":[{"id":500374,"href":"https:\/\/www.zunoticia.com\/noticias-de-hidalgo\/wp-json\/wp\/v2\/posts\/500371\/revisions\/500374"}],"wp:featuredmedia":[{"embeddable":true,"href":"https:\/\/www.zunoticia.com\/noticias-de-hidalgo\/wp-json\/wp\/v2\/media\/500372"}],"wp:attachment":[{"href":"https:\/\/www.zunoticia.com\/noticias-de-hidalgo\/wp-json\/wp\/v2\/media?parent=500371"}],"wp:term":[{"taxonomy":"category","embeddable":true,"href":"https:\/\/www.zunoticia.com\/noticias-de-hidalgo\/wp-json\/wp\/v2\/categories?post=500371"},{"taxonomy":"post_tag","embeddable":true,"href":"https:\/\/www.zunoticia.com\/noticias-de-hidalgo\/wp-json\/wp\/v2\/tags?post=500371"}],"curies":[{"name":"wp","href":"https:\/\/api.w.org\/{rel}","templated":true}]}}