{"id":500378,"date":"2023-08-25T18:31:32","date_gmt":"2023-08-26T00:31:32","guid":{"rendered":"https:\/\/www.zunoticia.com\/noticias-de-hidalgo\/?p=500378"},"modified":"2023-08-25T18:31:33","modified_gmt":"2023-08-26T00:31:33","slug":"asignatura-de-la-upp-es-reconocida-a-nivel-nacional","status":"publish","type":"post","link":"https:\/\/www.zunoticia.com\/noticias-de-hidalgo\/2023\/08\/25\/asignatura-de-la-upp-es-reconocida-a-nivel-nacional\/","title":{"rendered":"Asignatura de la UPP&nbsp;es reconocida a nivel nacional"},"content":{"rendered":"<aside class=\"mashsb-container mashsb-main mashsb-stretched\"><div class=\"mashsb-box\"><div class=\"mashsb-count mash-large\" style=\"float:left\"><div class=\"counts mashsbcount\">9<\/div><span class=\"mashsb-sharetext\">SHARES<\/span><\/div><div class=\"mashsb-buttons\"><a class=\"mashicon-facebook mash-large mash-center mashsb-noshadow\" href=\"https:\/\/www.facebook.com\/sharer.php?u=https%3A%2F%2Fwww.zunoticia.com%2Fnoticias-de-hidalgo%2F2023%2F08%2F25%2Fasignatura-de-la-upp-es-reconocida-a-nivel-nacional%2F\" target=\"_top\" rel=\"nofollow\"><span class=\"icon\"><\/span><span class=\"text\">Share<\/span><\/a><a class=\"mashicon-twitter mash-large mash-center mashsb-noshadow\" href=\"https:\/\/twitter.com\/intent\/tweet?text=&amp;url=https:\/\/www.zunoticia.com\/noticias-de-hidalgo\/2023\/08\/25\/asignatura-de-la-upp-es-reconocida-a-nivel-nacional\/\" target=\"_top\" rel=\"nofollow\"><span class=\"icon\"><\/span><span class=\"text\">Tweet<\/span><\/a><div class=\"onoffswitch2 mash-large mashsb-noshadow\" style=\"display:none\"><\/div><\/div>\n            <\/div>\n                <div style=\"clear:both\"><\/div><div class=\"mashsb-toggle-container\"><\/div><\/aside>\n            <!-- Share buttons by mashshare.net - Version: 4.0.47-->\n<ul class=\"wp-block-list\">\n<li>Por su calidad, la maestr\u00eda en Finanzas y Gesti\u00f3n ingresa al Sistema Nacional de Posgrados<\/li>\n<\/ul>\n\n\n\n<p><em>Por Redacci\u00f3n\/Zunoticia<\/em><\/p>\n\n\n\n<p>Pachuca de Soto, Hgo.- La maestr\u00eda en Finanzas y Gesti\u00f3n de la Universidad Polit\u00e9cnica de Pachuca (UPP), se integra al Sistema Nacional de Posgrados (SNP) del Consejo Nacional de Humanidades, Ciencias y Tecnolog\u00edas (CONAHCYT), gracias a la calidad y exigencia educativa que caracteriza a los programas de esta instituci\u00f3n.&nbsp;<\/p>\n\n\n\n<p>El dictamen aprobatorio de ingreso a este sistema fue recibido recientemente, se\u00f1al\u00f3 la coordinadora acad\u00e9mica de dicho posgrado, Elizabeth Olmos Blanquel, quien tambi\u00e9n indic\u00f3 que bajo la direcci\u00f3n del rector Francisco Marroqu\u00edn Guti\u00e9rrez, se ha hecho hincapi\u00e9 en la mejora de los procesos educativos.<\/p>\n\n\n\n<p>As\u00ed, esta maestr\u00eda se suma a los posgrados de la UPP que forma parte del SNP, el cual tiene como objetivo contribuir al crecimiento del pa\u00eds, a trav\u00e9s de la formaci\u00f3n de recursos humanos altamente especializados.<\/p>\n\n\n\n<p>Destac\u00f3 que la maestr\u00eda en Finanzas y Gesti\u00f3n es todav\u00eda muy joven, pues se constituy\u00f3 en 2019, lo que resalta el reci\u00e9n nombramiento, debido a que el proceso es de car\u00e1cter cualitativo-cuantitativo y eval\u00faa est\u00e1ndares de pertinencia cient\u00edfica y social.<\/p>\n\n\n\n<p>\u201cDise\u00f1amos estrategias econ\u00f3micas y financieras para la soluci\u00f3n de problemas; hoy somos promotores en el desarrollo de la econom\u00eda social y sustentable de nuestro estado y contribuimos as\u00ed al crecimiento del pa\u00eds\u201d, coment\u00f3.<\/p>\n\n\n\n<p><br>Quienes estudian este posgrado son capaces de establecer y participar en el dise\u00f1o de estrategias econ\u00f3micas, pol\u00edticas y sociales, una de las premisas del gobernador Julio Menchaca Salazar, con las que coincide el titular de la Secretar\u00eda de Educaci\u00f3n P\u00fablica de Hidalgo (SEPH), Natividad Castrej\u00f3n Valdez, para llevar a la entidad a su m\u00e1ximo potencial y avanzar al Hidalgo que queremos.<\/p>\n\n\n\n<p>La acad\u00e9mica revel\u00f3 que la Polit\u00e9cnica de Pachuca busca contribuir en la consolidaci\u00f3n de estrategias en el crecimiento del conocimiento y la cooperaci\u00f3n regional y nacional, pues entre sus objetivos est\u00e1 formar a profesionales con una visi\u00f3n transformadora, con inter\u00e9s por el desarrollo econ\u00f3mico del estado, con un alto nivel de \u00e9tica, que den respuesta a las diferentes demandas de la sociedad.<\/p>\n\n\n\n<p>Asimismo, Olmos Blanquel invit\u00f3 a las y los interesados a sumarse a este posgrado que se cursa los viernes y s\u00e1bados, con duraci\u00f3n de seis cuatrimestres; el pr\u00f3ximo mes de septiembre est\u00e1 por iniciar el proceso de ingreso.<\/p>\n\n\n\n<figure class=\"wp-block-image size-full\"><img fetchpriority=\"high\" decoding=\"async\" width=\"940\" height=\"788\" src=\"https:\/\/www.zunoticia.com\/noticias-de-hidalgo\/wp-content\/uploads\/2023\/08\/Zunoticia-46.png\" alt=\"\" class=\"wp-image-500380\" srcset=\"https:\/\/www.zunoticia.com\/noticias-de-hidalgo\/wp-content\/uploads\/2023\/08\/Zunoticia-46.png 940w, https:\/\/www.zunoticia.com\/noticias-de-hidalgo\/wp-content\/uploads\/2023\/08\/Zunoticia-46-300x251.png 300w, https:\/\/www.zunoticia.com\/noticias-de-hidalgo\/wp-content\/uploads\/2023\/08\/Zunoticia-46-768x644.png 768w\" sizes=\"(max-width: 940px) 100vw, 940px\" \/><\/figure>\n","protected":false},"excerpt":{"rendered":"<p>Por Redacci\u00f3n\/Zunoticia Pachuca de Soto, Hgo.- La maestr\u00eda en Finanzas y Gesti\u00f3n de la Universidad Polit\u00e9cnica de Pachuca (UPP), se integra al Sistema Nacional de Posgrados (SNP) del Consejo Nacional de Humanidades, Ciencias y Tecnolog\u00edas (CONAHCYT), gracias a la calidad y exigencia educativa que caracteriza a los programas de esta instituci\u00f3n.&nbsp; El dictamen aprobatorio de&hellip; <a class=\"more-link\" href=\"https:\/\/www.zunoticia.com\/noticias-de-hidalgo\/2023\/08\/25\/asignatura-de-la-upp-es-reconocida-a-nivel-nacional\/\">Seguir leyendo <span class=\"screen-reader-text\">Asignatura de la UPP&nbsp;es reconocida a nivel nacional<\/span><\/a><\/p>\n","protected":false},"author":20,"featured_media":500379,"comment_status":"closed","ping_status":"open","sticky":false,"template":"","format":"standard","meta":{"rop_custom_images_group":[],"rop_custom_messages_group":[],"rop_publish_now":"initial","rop_publish_now_accounts":{"facebook_10159540855086992_322828327761733":""},"rop_publish_now_history":[],"rop_publish_now_status":"pending","footnotes":""},"categories":[208],"tags":[214],"class_list":["post-500378","post","type-post","status-publish","format-standard","has-post-thumbnail","hentry","category-estado","tag-estado","entry"],"_links":{"self":[{"href":"https:\/\/www.zunoticia.com\/noticias-de-hidalgo\/wp-json\/wp\/v2\/posts\/500378","targetHints":{"allow":["GET"]}}],"collection":[{"href":"https:\/\/www.zunoticia.com\/noticias-de-hidalgo\/wp-json\/wp\/v2\/posts"}],"about":[{"href":"https:\/\/www.zunoticia.com\/noticias-de-hidalgo\/wp-json\/wp\/v2\/types\/post"}],"author":[{"embeddable":true,"href":"https:\/\/www.zunoticia.com\/noticias-de-hidalgo\/wp-json\/wp\/v2\/users\/20"}],"replies":[{"embeddable":true,"href":"https:\/\/www.zunoticia.com\/noticias-de-hidalgo\/wp-json\/wp\/v2\/comments?post=500378"}],"version-history":[{"count":1,"href":"https:\/\/www.zunoticia.com\/noticias-de-hidalgo\/wp-json\/wp\/v2\/posts\/500378\/revisions"}],"predecessor-version":[{"id":500381,"href":"https:\/\/www.zunoticia.com\/noticias-de-hidalgo\/wp-json\/wp\/v2\/posts\/500378\/revisions\/500381"}],"wp:featuredmedia":[{"embeddable":true,"href":"https:\/\/www.zunoticia.com\/noticias-de-hidalgo\/wp-json\/wp\/v2\/media\/500379"}],"wp:attachment":[{"href":"https:\/\/www.zunoticia.com\/noticias-de-hidalgo\/wp-json\/wp\/v2\/media?parent=500378"}],"wp:term":[{"taxonomy":"category","embeddable":true,"href":"https:\/\/www.zunoticia.com\/noticias-de-hidalgo\/wp-json\/wp\/v2\/categories?post=500378"},{"taxonomy":"post_tag","embeddable":true,"href":"https:\/\/www.zunoticia.com\/noticias-de-hidalgo\/wp-json\/wp\/v2\/tags?post=500378"}],"curies":[{"name":"wp","href":"https:\/\/api.w.org\/{rel}","templated":true}]}}