{"id":500413,"date":"2023-08-25T23:31:50","date_gmt":"2023-08-26T05:31:50","guid":{"rendered":"https:\/\/www.zunoticia.com\/noticias-de-hidalgo\/?p=500413"},"modified":"2023-08-25T23:31:52","modified_gmt":"2023-08-26T05:31:52","slug":"espejeando-por-perseo-740","status":"publish","type":"post","link":"https:\/\/www.zunoticia.com\/noticias-de-hidalgo\/2023\/08\/25\/espejeando-por-perseo-740\/","title":{"rendered":"ESPEJEANDO por Perseo"},"content":{"rendered":"<aside class=\"mashsb-container mashsb-main mashsb-stretched\"><div class=\"mashsb-box\"><div class=\"mashsb-count mash-large\" style=\"float:left\"><div class=\"counts mashsbcount\">31<\/div><span class=\"mashsb-sharetext\">SHARES<\/span><\/div><div class=\"mashsb-buttons\"><a class=\"mashicon-facebook mash-large mash-center mashsb-noshadow\" href=\"https:\/\/www.facebook.com\/sharer.php?u=https%3A%2F%2Fwww.zunoticia.com%2Fnoticias-de-hidalgo%2F2023%2F08%2F25%2Fespejeando-por-perseo-740%2F\" target=\"_top\" rel=\"nofollow\"><span class=\"icon\"><\/span><span class=\"text\">Share<\/span><\/a><a class=\"mashicon-twitter mash-large mash-center mashsb-noshadow\" href=\"https:\/\/twitter.com\/intent\/tweet?text=&amp;url=https:\/\/www.zunoticia.com\/noticias-de-hidalgo\/2023\/08\/25\/espejeando-por-perseo-740\/\" target=\"_top\" rel=\"nofollow\"><span class=\"icon\"><\/span><span class=\"text\">Tweet<\/span><\/a><div class=\"onoffswitch2 mash-large mashsb-noshadow\" style=\"display:none\"><\/div><\/div>\n            <\/div>\n                <div style=\"clear:both\"><\/div><div class=\"mashsb-toggle-container\"><\/div><\/aside>\n            <!-- Share buttons by mashshare.net - Version: 4.0.47-->\n<p>\u2022 ESTAMOS A UNOS d\u00edas de finalizar el mes de agosto y con ello nos distan cuatro meses y d\u00edas de que el a\u00f1o 2023 se extinga; lo anterior es significativo porque si bien el presente a\u00f1o se distingui\u00f3 en verano por sus altas temperaturas, tambi\u00e9n el invierno pudiera ser contrastante por bajas temperaturas, lo anterior no fuera as\u00ed de tr\u00e1gico si no entendemos que el Coronavirus o COVID-19 no se ha extinguido.<\/p>\n\n\n\n<p>\u2022 Si bien hemos tenido una pausa gracias a las vacunas y que muchos ya no le dimos importancia en los refuerzos que siguen entregando en las cl\u00ednicas de salud p\u00fablica, debemos entender que esa enfermedad sigue siendo una amenaza en baja escala, pero no por eso el gobierno federal, estatal y municipal puedan bajar la guardia.<\/p>\n\n\n\n<p>\u2022 SIGUE EL MES patrio, septiembre, y hoy que andamos corriendo a artistas &#8220;pochos&#8221; como Yharitza y su Esencia, porque creemos que nos distingue la raza azteca por rencorosos, sentidos, y hasta el uso de redes para crear bullying para hacerle sentir a los dem\u00e1s que somos \u00fanicos, y mientras ese sentimiento err\u00f3neo cultiva violencia social y exhibe una sociedad hueca.<\/p>\n\n\n\n<p>\u2022 LA HUASTECA hidalguense tiene en puerta eventos importantes, tiene la oportunidad de lucir ante el mundo, es cuesti\u00f3n de imaginaci\u00f3n y sentido com\u00fan, de cierta manera se compite en qui\u00e9n tendr\u00e1 la idea que rompa con lo com\u00fan y pueda atraer m\u00e1s visitantes, lo anterior no est\u00e1 sujeto a lo econ\u00f3mico, tampoco a su capacidad de hoteler\u00eda y espacios que alberguen visitantes, es proclive a que esos peque\u00f1os detalles que distingan la diferencia en promover nuestra cultura.<\/p>\n\n\n\n<p>\u2022 Luego algunos creen que Xantolo o el Festival de las Huastecas se distingue por quien gaste m\u00e1s del erario, y si bien es un gasto que se hace, el municipio que logre organizar mejor los sectores productivos como C\u00e1maras de Comercio, sector empresarial hotelero, gastron\u00f3mico, le pueda dar su lugar a la esencia del pueblo, artesanos y su diversidad; el transporte p\u00fablico en modalidad de taxi, combi e incluso el rural debieran ser capacitados.<\/p>\n\n\n\n<p>\u2022 Los cuerpos de Seguridad P\u00fablica Municipal deber\u00e1n mostrar criterio y respeto al visitante al igual que los tianguistas, los comerciantes del mercado UCLA y los ambulantes y locatarios del centro.<\/p>\n\n\n\n<p>\u2022 La atenci\u00f3n al cliente es una de las m\u00e1s grandes necesidades y urgentes, de celebrar capacitaci\u00f3n en todos los rubros del sector productivo.<\/p>\n\n\n\n<p>\u2022 San Felipe Orizatl\u00e1n es un municipio eslab\u00f3n con San Luis Potos\u00ed y Veracruz, sus l\u00edmites territoriales deber\u00e1n ser su fortaleza para conseguir entretenimiento, visita, y por supuesto, que el turismo nacional es una opci\u00f3n, pero el regional tambi\u00e9n lo es.<\/p>\n\n\n\n<p>\u2022 Huejutla inicia con darle una imagen uniforme e institucional al comercio informal del primer cuadro de la ciudad, esperemos que los comerciantes sean conscientes de que est\u00e1n siendo privilegiados en espacios prestados y que deben asumir con responsabilidad el trato al visitante.<\/p>\n\n\n<div class=\"wp-block-image\">\n<figure class=\"aligncenter size-large\"><img fetchpriority=\"high\" decoding=\"async\" width=\"767\" height=\"1024\" src=\"https:\/\/www.zunoticia.com\/noticias-de-hidalgo\/wp-content\/uploads\/2023\/08\/Imagen-de-WhatsApp-2023-08-25-a-las-23.18.47-767x1024.jpg\" alt=\"\" class=\"wp-image-500414\" srcset=\"https:\/\/www.zunoticia.com\/noticias-de-hidalgo\/wp-content\/uploads\/2023\/08\/Imagen-de-WhatsApp-2023-08-25-a-las-23.18.47-767x1024.jpg 767w, https:\/\/www.zunoticia.com\/noticias-de-hidalgo\/wp-content\/uploads\/2023\/08\/Imagen-de-WhatsApp-2023-08-25-a-las-23.18.47-225x300.jpg 225w, https:\/\/www.zunoticia.com\/noticias-de-hidalgo\/wp-content\/uploads\/2023\/08\/Imagen-de-WhatsApp-2023-08-25-a-las-23.18.47-768x1025.jpg 768w, https:\/\/www.zunoticia.com\/noticias-de-hidalgo\/wp-content\/uploads\/2023\/08\/Imagen-de-WhatsApp-2023-08-25-a-las-23.18.47.jpg 1047w\" sizes=\"(max-width: 767px) 100vw, 767px\" \/><\/figure>\n<\/div>","protected":false},"excerpt":{"rendered":"<p>\u2022 ESTAMOS A UNOS d\u00edas de finalizar el mes de agosto y con ello nos distan cuatro meses y d\u00edas de que el a\u00f1o 2023 se extinga; lo anterior es significativo porque si bien el presente a\u00f1o se distingui\u00f3 en verano por sus altas temperaturas, tambi\u00e9n el invierno pudiera ser contrastante por bajas temperaturas, lo&hellip; <a class=\"more-link\" href=\"https:\/\/www.zunoticia.com\/noticias-de-hidalgo\/2023\/08\/25\/espejeando-por-perseo-740\/\">Seguir leyendo <span class=\"screen-reader-text\">ESPEJEANDO por Perseo<\/span><\/a><\/p>\n","protected":false},"author":12,"featured_media":500415,"comment_status":"closed","ping_status":"open","sticky":false,"template":"","format":"standard","meta":{"rop_custom_images_group":[],"rop_custom_messages_group":[],"rop_publish_now":"initial","rop_publish_now_accounts":{"facebook_10159540855086992_322828327761733":""},"rop_publish_now_history":[],"rop_publish_now_status":"pending","footnotes":""},"categories":[176],"tags":[205],"class_list":["post-500413","post","type-post","status-publish","format-standard","has-post-thumbnail","hentry","category-espejeando","tag-espejeando","entry"],"_links":{"self":[{"href":"https:\/\/www.zunoticia.com\/noticias-de-hidalgo\/wp-json\/wp\/v2\/posts\/500413","targetHints":{"allow":["GET"]}}],"collection":[{"href":"https:\/\/www.zunoticia.com\/noticias-de-hidalgo\/wp-json\/wp\/v2\/posts"}],"about":[{"href":"https:\/\/www.zunoticia.com\/noticias-de-hidalgo\/wp-json\/wp\/v2\/types\/post"}],"author":[{"embeddable":true,"href":"https:\/\/www.zunoticia.com\/noticias-de-hidalgo\/wp-json\/wp\/v2\/users\/12"}],"replies":[{"embeddable":true,"href":"https:\/\/www.zunoticia.com\/noticias-de-hidalgo\/wp-json\/wp\/v2\/comments?post=500413"}],"version-history":[{"count":1,"href":"https:\/\/www.zunoticia.com\/noticias-de-hidalgo\/wp-json\/wp\/v2\/posts\/500413\/revisions"}],"predecessor-version":[{"id":500438,"href":"https:\/\/www.zunoticia.com\/noticias-de-hidalgo\/wp-json\/wp\/v2\/posts\/500413\/revisions\/500438"}],"wp:featuredmedia":[{"embeddable":true,"href":"https:\/\/www.zunoticia.com\/noticias-de-hidalgo\/wp-json\/wp\/v2\/media\/500415"}],"wp:attachment":[{"href":"https:\/\/www.zunoticia.com\/noticias-de-hidalgo\/wp-json\/wp\/v2\/media?parent=500413"}],"wp:term":[{"taxonomy":"category","embeddable":true,"href":"https:\/\/www.zunoticia.com\/noticias-de-hidalgo\/wp-json\/wp\/v2\/categories?post=500413"},{"taxonomy":"post_tag","embeddable":true,"href":"https:\/\/www.zunoticia.com\/noticias-de-hidalgo\/wp-json\/wp\/v2\/tags?post=500413"}],"curies":[{"name":"wp","href":"https:\/\/api.w.org\/{rel}","templated":true}]}}