{"id":500419,"date":"2023-08-25T23:27:13","date_gmt":"2023-08-26T05:27:13","guid":{"rendered":"https:\/\/www.zunoticia.com\/noticias-de-hidalgo\/?p=500419"},"modified":"2023-08-25T23:27:16","modified_gmt":"2023-08-26T05:27:16","slug":"uniformaran-el-comercio-del-primer-cuadro-daniel-andrade","status":"publish","type":"post","link":"https:\/\/www.zunoticia.com\/noticias-de-hidalgo\/2023\/08\/25\/uniformaran-el-comercio-del-primer-cuadro-daniel-andrade\/","title":{"rendered":"Uniformar\u00e1n el comercio del primer cuadro: Daniel Andrade"},"content":{"rendered":"<aside class=\"mashsb-container mashsb-main mashsb-stretched\"><div class=\"mashsb-box\"><div class=\"mashsb-count mash-large\" style=\"float:left\"><div class=\"counts mashsbcount\">46<\/div><span class=\"mashsb-sharetext\">SHARES<\/span><\/div><div class=\"mashsb-buttons\"><a class=\"mashicon-facebook mash-large mash-center mashsb-noshadow\" href=\"https:\/\/www.facebook.com\/sharer.php?u=https%3A%2F%2Fwww.zunoticia.com%2Fnoticias-de-hidalgo%2F2023%2F08%2F25%2Funiformaran-el-comercio-del-primer-cuadro-daniel-andrade%2F\" target=\"_top\" rel=\"nofollow\"><span class=\"icon\"><\/span><span class=\"text\">Share<\/span><\/a><a class=\"mashicon-twitter mash-large mash-center mashsb-noshadow\" href=\"https:\/\/twitter.com\/intent\/tweet?text=&amp;url=https:\/\/www.zunoticia.com\/noticias-de-hidalgo\/2023\/08\/25\/uniformaran-el-comercio-del-primer-cuadro-daniel-andrade\/\" target=\"_top\" rel=\"nofollow\"><span class=\"icon\"><\/span><span class=\"text\">Tweet<\/span><\/a><div class=\"onoffswitch2 mash-large mashsb-noshadow\" style=\"display:none\"><\/div><\/div>\n            <\/div>\n                <div style=\"clear:both\"><\/div><div class=\"mashsb-toggle-container\"><\/div><\/aside>\n            <!-- Share buttons by mashshare.net - Version: 4.0.47-->\n<ul class=\"wp-block-list\">\n<li>Proyectar a Huejutla es el objetivo principal en los pr\u00f3ximos eventos culturales del municipio.<\/li>\n<\/ul>\n\n\n\n<p><em>Por Mois\u00e9s Medrano\/Zunoticia<\/em><\/p>\n\n\n\n<p><strong>Huejutla, Hgo.-<\/strong> Las pr\u00f3ximas fiestas de Grito de Independencia, Xantolo, y Festival de las Huastecas tendr\u00e1n en el primer cuadro una transformaci\u00f3n significativa en el comercio local, como uniformidad en los nuevos locales que se instalar\u00e1n, 45 en un inicio, lo que permitir\u00e1 emitir una mejor imagen al Centro de la ciudad.<\/p>\n\n\n\n<p>De acuerdo con la rueda de prensa celebrada este viernes en terrenos de la feria de Huejutla, donde el alcalde Daniel Andrade Zurutuza hizo la presentaci\u00f3n y entrega simb\u00f3lica e inicial del proyecto de mejorar la imagen del primer cuadro de la ciudad, uniformado los locales comerciales con material desmontable y cuyas labores ya van avanzado por \u00e1reas municipales, quienes trabajan a contratiempo.<\/p>\n\n\n\n<figure class=\"wp-block-image size-large\"><img fetchpriority=\"high\" decoding=\"async\" width=\"1024\" height=\"768\" src=\"https:\/\/www.zunoticia.com\/noticias-de-hidalgo\/wp-content\/uploads\/2023\/08\/eZy-Watermark-25-08-2023-10-42-26-1800p.m.-1024x768.jpg\" alt=\"\" class=\"wp-image-500418\" srcset=\"https:\/\/www.zunoticia.com\/noticias-de-hidalgo\/wp-content\/uploads\/2023\/08\/eZy-Watermark-25-08-2023-10-42-26-1800p.m.-1024x768.jpg 1024w, https:\/\/www.zunoticia.com\/noticias-de-hidalgo\/wp-content\/uploads\/2023\/08\/eZy-Watermark-25-08-2023-10-42-26-1800p.m.-300x225.jpg 300w, https:\/\/www.zunoticia.com\/noticias-de-hidalgo\/wp-content\/uploads\/2023\/08\/eZy-Watermark-25-08-2023-10-42-26-1800p.m.-768x576.jpg 768w, https:\/\/www.zunoticia.com\/noticias-de-hidalgo\/wp-content\/uploads\/2023\/08\/eZy-Watermark-25-08-2023-10-42-26-1800p.m.-1536x1152.jpg 1536w, https:\/\/www.zunoticia.com\/noticias-de-hidalgo\/wp-content\/uploads\/2023\/08\/eZy-Watermark-25-08-2023-10-42-26-1800p.m.-1568x1176.jpg 1568w, https:\/\/www.zunoticia.com\/noticias-de-hidalgo\/wp-content\/uploads\/2023\/08\/eZy-Watermark-25-08-2023-10-42-26-1800p.m..jpg 1600w\" sizes=\"(max-width: 1024px) 100vw, 1024px\" \/><\/figure>\n\n\n\n<p>Se inform\u00f3 que, con el consenso interno con los comerciantes y un acuerdo en que el costo de los locales va dividido porcentualmente en partes, ayuntamiento y comerciante.<\/p>\n\n\n\n<p>El objetivo es darle a Huejutla un nuevo rostro para que los visitantes se lleven una buena impresi\u00f3n con estos espacios uniformes y visualmente adecuados para que puedan realizar sus ventas los comerciantes dentro de una imagen&nbsp;agradable.<\/p>\n","protected":false},"excerpt":{"rendered":"<p>Por Mois\u00e9s Medrano\/Zunoticia Huejutla, Hgo.- Las pr\u00f3ximas fiestas de Grito de Independencia, Xantolo, y Festival de las Huastecas tendr\u00e1n en el primer cuadro una transformaci\u00f3n significativa en el comercio local, como uniformidad en los nuevos locales que se instalar\u00e1n, 45 en un inicio, lo que permitir\u00e1 emitir una mejor imagen al Centro de la ciudad.&hellip; <a class=\"more-link\" href=\"https:\/\/www.zunoticia.com\/noticias-de-hidalgo\/2023\/08\/25\/uniformaran-el-comercio-del-primer-cuadro-daniel-andrade\/\">Seguir leyendo <span class=\"screen-reader-text\">Uniformar\u00e1n el comercio del primer cuadro: Daniel Andrade<\/span><\/a><\/p>\n","protected":false},"author":12,"featured_media":500420,"comment_status":"closed","ping_status":"open","sticky":false,"template":"","format":"standard","meta":{"rop_custom_images_group":[],"rop_custom_messages_group":[],"rop_publish_now":"initial","rop_publish_now_accounts":{"facebook_10159540855086992_322828327761733":""},"rop_publish_now_history":[],"rop_publish_now_status":"pending","footnotes":""},"categories":[181],"tags":[121],"class_list":["post-500419","post","type-post","status-publish","format-standard","has-post-thumbnail","hentry","category-huejutla","tag-huejutla","entry"],"_links":{"self":[{"href":"https:\/\/www.zunoticia.com\/noticias-de-hidalgo\/wp-json\/wp\/v2\/posts\/500419","targetHints":{"allow":["GET"]}}],"collection":[{"href":"https:\/\/www.zunoticia.com\/noticias-de-hidalgo\/wp-json\/wp\/v2\/posts"}],"about":[{"href":"https:\/\/www.zunoticia.com\/noticias-de-hidalgo\/wp-json\/wp\/v2\/types\/post"}],"author":[{"embeddable":true,"href":"https:\/\/www.zunoticia.com\/noticias-de-hidalgo\/wp-json\/wp\/v2\/users\/12"}],"replies":[{"embeddable":true,"href":"https:\/\/www.zunoticia.com\/noticias-de-hidalgo\/wp-json\/wp\/v2\/comments?post=500419"}],"version-history":[{"count":1,"href":"https:\/\/www.zunoticia.com\/noticias-de-hidalgo\/wp-json\/wp\/v2\/posts\/500419\/revisions"}],"predecessor-version":[{"id":500432,"href":"https:\/\/www.zunoticia.com\/noticias-de-hidalgo\/wp-json\/wp\/v2\/posts\/500419\/revisions\/500432"}],"wp:featuredmedia":[{"embeddable":true,"href":"https:\/\/www.zunoticia.com\/noticias-de-hidalgo\/wp-json\/wp\/v2\/media\/500420"}],"wp:attachment":[{"href":"https:\/\/www.zunoticia.com\/noticias-de-hidalgo\/wp-json\/wp\/v2\/media?parent=500419"}],"wp:term":[{"taxonomy":"category","embeddable":true,"href":"https:\/\/www.zunoticia.com\/noticias-de-hidalgo\/wp-json\/wp\/v2\/categories?post=500419"},{"taxonomy":"post_tag","embeddable":true,"href":"https:\/\/www.zunoticia.com\/noticias-de-hidalgo\/wp-json\/wp\/v2\/tags?post=500419"}],"curies":[{"name":"wp","href":"https:\/\/api.w.org\/{rel}","templated":true}]}}