{"id":500435,"date":"2023-08-25T23:31:46","date_gmt":"2023-08-26T05:31:46","guid":{"rendered":"https:\/\/www.zunoticia.com\/noticias-de-hidalgo\/?p=500435"},"modified":"2023-08-25T23:31:47","modified_gmt":"2023-08-26T05:31:47","slug":"impartiran-curso-hibrido-de-derecho-indigena","status":"publish","type":"post","link":"https:\/\/www.zunoticia.com\/noticias-de-hidalgo\/2023\/08\/25\/impartiran-curso-hibrido-de-derecho-indigena\/","title":{"rendered":"Impartir\u00e1n Curso H\u00edbrido de Derecho Ind\u00edgena"},"content":{"rendered":"<aside class=\"mashsb-container mashsb-main mashsb-stretched\"><div class=\"mashsb-box\"><div class=\"mashsb-count mash-large\" style=\"float:left\"><div class=\"counts mashsbcount\">1<\/div><span class=\"mashsb-sharetext\">SHARES<\/span><\/div><div class=\"mashsb-buttons\"><a class=\"mashicon-facebook mash-large mash-center mashsb-noshadow\" href=\"https:\/\/www.facebook.com\/sharer.php?u=https%3A%2F%2Fwww.zunoticia.com%2Fnoticias-de-hidalgo%2F2023%2F08%2F25%2Fimpartiran-curso-hibrido-de-derecho-indigena%2F\" target=\"_top\" rel=\"nofollow\"><span class=\"icon\"><\/span><span class=\"text\">Share<\/span><\/a><a class=\"mashicon-twitter mash-large mash-center mashsb-noshadow\" href=\"https:\/\/twitter.com\/intent\/tweet?text=&amp;url=https:\/\/www.zunoticia.com\/noticias-de-hidalgo\/2023\/08\/25\/impartiran-curso-hibrido-de-derecho-indigena\/\" target=\"_top\" rel=\"nofollow\"><span class=\"icon\"><\/span><span class=\"text\">Tweet<\/span><\/a><div class=\"onoffswitch2 mash-large mashsb-noshadow\" style=\"display:none\"><\/div><\/div>\n            <\/div>\n                <div style=\"clear:both\"><\/div><div class=\"mashsb-toggle-container\"><\/div><\/aside>\n            <!-- Share buttons by mashshare.net - Version: 4.0.47-->\n<p><em>Por Enedino Hern\u00e1ndez\/Zunoticia<\/em><\/p>\n\n\n\n<p><strong>Huejutla, Hgo.-<\/strong> Como parte de las acciones enfocadas en ampliar y fortalecer los conocimientos sobre los Usos y Costumbres en la huasteca, antecedentes y el marco legal; durante el mes de septiembre se impartir\u00e1 el Primer Curso H\u00edbrido de Derecho Ind\u00edgena, confirm\u00f3 el Ponente del curso, licenciado Jos\u00e9 Antonio Vital P\u00e9rez.<\/p>\n\n\n\n<p>Indica que el Primer Curso H\u00edbrido de Derecho Ind\u00edgena se impartir\u00e1 durante los s\u00e1bados del mes de septiembre y va dirigido para los estudiosos de derecho y quienes se dediquen a la funci\u00f3n p\u00fablica, as\u00ed como a la poblaci\u00f3n en general interesada en conocer m\u00e1s sobre el tema de los Usos y Costumbres en la huasteca, los antecedentes y el marco legal correspondiente.<\/p>\n\n\n\n<p>Expone que el curso de Derecho Ind\u00edgena se impartir\u00e1 de manera h\u00edbrida, de manera presencial, as\u00ed como de manera virtual, inici\u00e1ndose el s\u00e1bado 2 de septiembre, el curso es durante 4 s\u00e1bados del mes de septiembre.<\/p>\n\n\n\n<p>Considera que el Derecho Ind\u00edgena es una materia que existe en la tira de materias de algunas universidades, pero que no est\u00e1 en varias; por lo que se trata de conocer los antecedentes y el marco legal, pero sobre todo la perspectiva de liderazgo en que se encuentran.<\/p>\n\n\n\n<p>Concluye que, quienes participen en el Primer Curso H\u00edbrido de Derecho Ind\u00edgena, al finalizar recibir\u00e1n una Constancia con valor curricular, por lo que hace extensiva la invitaci\u00f3n a los interesados para que previamente soliciten la informaci\u00f3n correspondiente.<\/p>\n","protected":false},"excerpt":{"rendered":"<p>Por Enedino Hern\u00e1ndez\/Zunoticia Huejutla, Hgo.- Como parte de las acciones enfocadas en ampliar y fortalecer los conocimientos sobre los Usos y Costumbres en la huasteca, antecedentes y el marco legal; durante el mes de septiembre se impartir\u00e1 el Primer Curso H\u00edbrido de Derecho Ind\u00edgena, confirm\u00f3 el Ponente del curso, licenciado Jos\u00e9 Antonio Vital P\u00e9rez. Indica&hellip; <a class=\"more-link\" href=\"https:\/\/www.zunoticia.com\/noticias-de-hidalgo\/2023\/08\/25\/impartiran-curso-hibrido-de-derecho-indigena\/\">Seguir leyendo <span class=\"screen-reader-text\">Impartir\u00e1n Curso H\u00edbrido de Derecho Ind\u00edgena<\/span><\/a><\/p>\n","protected":false},"author":12,"featured_media":500436,"comment_status":"closed","ping_status":"open","sticky":false,"template":"","format":"standard","meta":{"rop_custom_images_group":[],"rop_custom_messages_group":[],"rop_publish_now":"initial","rop_publish_now_accounts":{"facebook_10159540855086992_322828327761733":""},"rop_publish_now_history":[],"rop_publish_now_status":"pending","footnotes":""},"categories":[181],"tags":[121],"class_list":["post-500435","post","type-post","status-publish","format-standard","has-post-thumbnail","hentry","category-huejutla","tag-huejutla","entry"],"_links":{"self":[{"href":"https:\/\/www.zunoticia.com\/noticias-de-hidalgo\/wp-json\/wp\/v2\/posts\/500435","targetHints":{"allow":["GET"]}}],"collection":[{"href":"https:\/\/www.zunoticia.com\/noticias-de-hidalgo\/wp-json\/wp\/v2\/posts"}],"about":[{"href":"https:\/\/www.zunoticia.com\/noticias-de-hidalgo\/wp-json\/wp\/v2\/types\/post"}],"author":[{"embeddable":true,"href":"https:\/\/www.zunoticia.com\/noticias-de-hidalgo\/wp-json\/wp\/v2\/users\/12"}],"replies":[{"embeddable":true,"href":"https:\/\/www.zunoticia.com\/noticias-de-hidalgo\/wp-json\/wp\/v2\/comments?post=500435"}],"version-history":[{"count":1,"href":"https:\/\/www.zunoticia.com\/noticias-de-hidalgo\/wp-json\/wp\/v2\/posts\/500435\/revisions"}],"predecessor-version":[{"id":500437,"href":"https:\/\/www.zunoticia.com\/noticias-de-hidalgo\/wp-json\/wp\/v2\/posts\/500435\/revisions\/500437"}],"wp:featuredmedia":[{"embeddable":true,"href":"https:\/\/www.zunoticia.com\/noticias-de-hidalgo\/wp-json\/wp\/v2\/media\/500436"}],"wp:attachment":[{"href":"https:\/\/www.zunoticia.com\/noticias-de-hidalgo\/wp-json\/wp\/v2\/media?parent=500435"}],"wp:term":[{"taxonomy":"category","embeddable":true,"href":"https:\/\/www.zunoticia.com\/noticias-de-hidalgo\/wp-json\/wp\/v2\/categories?post=500435"},{"taxonomy":"post_tag","embeddable":true,"href":"https:\/\/www.zunoticia.com\/noticias-de-hidalgo\/wp-json\/wp\/v2\/tags?post=500435"}],"curies":[{"name":"wp","href":"https:\/\/api.w.org\/{rel}","templated":true}]}}