{"id":500479,"date":"2023-08-26T00:52:29","date_gmt":"2023-08-26T06:52:29","guid":{"rendered":"https:\/\/www.zunoticia.com\/noticias-de-hidalgo\/?p=500479"},"modified":"2023-08-26T00:52:30","modified_gmt":"2023-08-26T06:52:30","slug":"este-ano-solo-sacaremos-la-inversion-comerciantes","status":"publish","type":"post","link":"https:\/\/www.zunoticia.com\/noticias-de-hidalgo\/2023\/08\/26\/este-ano-solo-sacaremos-la-inversion-comerciantes\/","title":{"rendered":"Este a\u00f1o, solo sacaremos la inversi\u00f3n: comerciantes"},"content":{"rendered":"<aside class=\"mashsb-container mashsb-main mashsb-stretched\"><div class=\"mashsb-box\"><div class=\"mashsb-count mash-large\" style=\"float:left\"><div class=\"counts mashsbcount\">12<\/div><span class=\"mashsb-sharetext\">SHARES<\/span><\/div><div class=\"mashsb-buttons\"><a class=\"mashicon-facebook mash-large mash-center mashsb-noshadow\" href=\"https:\/\/www.facebook.com\/sharer.php?u=https%3A%2F%2Fwww.zunoticia.com%2Fnoticias-de-hidalgo%2F2023%2F08%2F26%2Feste-ano-solo-sacaremos-la-inversion-comerciantes%2F\" target=\"_top\" rel=\"nofollow\"><span class=\"icon\"><\/span><span class=\"text\">Share<\/span><\/a><a class=\"mashicon-twitter mash-large mash-center mashsb-noshadow\" href=\"https:\/\/twitter.com\/intent\/tweet?text=&amp;url=https:\/\/www.zunoticia.com\/noticias-de-hidalgo\/2023\/08\/26\/este-ano-solo-sacaremos-la-inversion-comerciantes\/\" target=\"_top\" rel=\"nofollow\"><span class=\"icon\"><\/span><span class=\"text\">Tweet<\/span><\/a><div class=\"onoffswitch2 mash-large mashsb-noshadow\" style=\"display:none\"><\/div><\/div>\n            <\/div>\n                <div style=\"clear:both\"><\/div><div class=\"mashsb-toggle-container\"><\/div><\/aside>\n            <!-- Share buttons by mashshare.net - Version: 4.0.47-->\n<ul class=\"wp-block-list\">\n<li>Al 50% bajaron las ventas de \u00fatiles escolares.<\/li>\n<\/ul>\n\n\n\n<p><em>Por Karen Rivera\/ Zunoticia<\/em><\/p>\n\n\n\n<p><strong>Atlapexco, Hgo.-<\/strong> Este viernes en el tianguis semanal, los padres de familia se abocaron a la compra de \u00fatiles escolares y el gasto alimenticio para este regreso a clases, sin embargo, no todo es color de rosa, pues aseguraron los comerciantes que solo sacar\u00e1n la inversi\u00f3n y no quedar\u00e1n muchas ganancias.<\/p>\n\n\n\n<p>Durante la ma\u00f1ana de este viernes, en un recorrido realizado por las calles principales donde se ubica el tianguis, se observ\u00f3 que la mayor\u00eda de los comerciantes invirtieron en mochilas, libretas, lapiceras, l\u00e1pices, tijeras y lo necesario para el regreso a este ciclo escolar 2023 &#8211; 2024.<\/p>\n\n\n\n<p>Sin embargo, no para todos el movimiento comercial es favorecedor, ya que otros establecimientos m\u00e1s lucieron vac\u00edos.<\/p>\n\n\n\n<p>Al respecto, el comerciante Natalio Hern\u00e1ndez dijo que, se dedica andar en las plazas de Huejutla y Atlapexco, sin embargo, se\u00f1al\u00f3 &#8220;Han bajado mucho las ventas, el vientecito que pas\u00f3 ahorita caus\u00f3 que la gente se fuera y es temprano todav\u00eda&#8221;.<\/p>\n\n\n\n<p>Explic\u00f3 que, el horario com\u00fan de levantar sus negocios es a las 6:00 de la tarde, &#8220;Nos vamos nosotros ya casi anocheciendo&#8221;.<\/p>\n\n\n\n<p>Pese a que este lunes los estudiantes ingresan a clases, afirm\u00f3 &#8220;El movimiento comercial ha estado bajo, en cuesti\u00f3n de mochilas no ha habido casi nada, porque los que vendimos aqu\u00ed este producto, no le hemos bajado nada a la mercanc\u00eda&#8221;.<\/p>\n\n\n\n<p>Agreg\u00f3, &#8220;Creo que s\u00ed nos vamos a quedar con algo de mercanc\u00eda, el a\u00f1o pasado se movi\u00f3 un poco m\u00e1s, a comparaci\u00f3n de este, donde estuvo un poco m\u00e1s flojo, porque la venta nos baj\u00f3 hasta un 50%&#8221;.<\/p>\n\n\n\n<figure class=\"wp-block-image size-large\"><img fetchpriority=\"high\" decoding=\"async\" width=\"1024\" height=\"768\" src=\"https:\/\/www.zunoticia.com\/noticias-de-hidalgo\/wp-content\/uploads\/2023\/08\/eZy-Watermark-25-08-2023-10-36-50-3910p.m.-1024x768.jpg\" alt=\"\" class=\"wp-image-500427\" srcset=\"https:\/\/www.zunoticia.com\/noticias-de-hidalgo\/wp-content\/uploads\/2023\/08\/eZy-Watermark-25-08-2023-10-36-50-3910p.m.-1024x768.jpg 1024w, https:\/\/www.zunoticia.com\/noticias-de-hidalgo\/wp-content\/uploads\/2023\/08\/eZy-Watermark-25-08-2023-10-36-50-3910p.m.-300x225.jpg 300w, https:\/\/www.zunoticia.com\/noticias-de-hidalgo\/wp-content\/uploads\/2023\/08\/eZy-Watermark-25-08-2023-10-36-50-3910p.m.-768x576.jpg 768w, https:\/\/www.zunoticia.com\/noticias-de-hidalgo\/wp-content\/uploads\/2023\/08\/eZy-Watermark-25-08-2023-10-36-50-3910p.m..jpg 1280w\" sizes=\"(max-width: 1024px) 100vw, 1024px\" \/><figcaption class=\"wp-element-caption\">A pesar de ser d\u00eda de tianguis, casi no tuvieron ventas los comerciantes.<\/figcaption><\/figure>\n\n\n\n<p>Coment\u00f3 que, los precios de las mochilas tuvieron a un costo de $300.00 y $250.00 pesos, mientras que otros comerciantes bajaron un poco sus costos, no obstante, no fue suficiente para que el cliente se llevara el producto.<\/p>\n\n\n\n<p>En cuanto a las mochilas para preescolar, asegur\u00f3 que, si tuvieron salida, ya que es de ley la adquisici\u00f3n de estas.<\/p>\n\n\n\n<p>Explic\u00f3 que la novedad de este a\u00f1o fue la mochila combo, donde hicieron una inversi\u00f3n de cincuenta mil pesos y est\u00e1n en la espera que este domingo en la plaza de Huejutla sea fruct\u00edfera.<\/p>\n\n\n\n<p>&#8220;Lo que vendamos bien y sino ser\u00e1 de poco en poquito, yo creo que este a\u00f1o solo recuperaremos la inversi\u00f3n, no sacaremos ganancias&#8221;, puntualiz\u00f3 el comerciante.<\/p>\n","protected":false},"excerpt":{"rendered":"<p>Por Karen Rivera\/ Zunoticia Atlapexco, Hgo.- Este viernes en el tianguis semanal, los padres de familia se abocaron a la compra de \u00fatiles escolares y el gasto alimenticio para este regreso a clases, sin embargo, no todo es color de rosa, pues aseguraron los comerciantes que solo sacar\u00e1n la inversi\u00f3n y no quedar\u00e1n muchas ganancias.&hellip; <a class=\"more-link\" href=\"https:\/\/www.zunoticia.com\/noticias-de-hidalgo\/2023\/08\/26\/este-ano-solo-sacaremos-la-inversion-comerciantes\/\">Seguir leyendo <span class=\"screen-reader-text\">Este a\u00f1o, solo sacaremos la inversi\u00f3n: comerciantes<\/span><\/a><\/p>\n","protected":false},"author":12,"featured_media":500428,"comment_status":"closed","ping_status":"open","sticky":false,"template":"","format":"standard","meta":{"rop_custom_images_group":[],"rop_custom_messages_group":[],"rop_publish_now":"initial","rop_publish_now_accounts":{"facebook_10159540855086992_322828327761733":""},"rop_publish_now_history":[],"rop_publish_now_status":"pending","footnotes":""},"categories":[182],"tags":[133],"class_list":["post-500479","post","type-post","status-publish","format-standard","has-post-thumbnail","hentry","category-atlapexco","tag-atlapexco","entry"],"_links":{"self":[{"href":"https:\/\/www.zunoticia.com\/noticias-de-hidalgo\/wp-json\/wp\/v2\/posts\/500479","targetHints":{"allow":["GET"]}}],"collection":[{"href":"https:\/\/www.zunoticia.com\/noticias-de-hidalgo\/wp-json\/wp\/v2\/posts"}],"about":[{"href":"https:\/\/www.zunoticia.com\/noticias-de-hidalgo\/wp-json\/wp\/v2\/types\/post"}],"author":[{"embeddable":true,"href":"https:\/\/www.zunoticia.com\/noticias-de-hidalgo\/wp-json\/wp\/v2\/users\/12"}],"replies":[{"embeddable":true,"href":"https:\/\/www.zunoticia.com\/noticias-de-hidalgo\/wp-json\/wp\/v2\/comments?post=500479"}],"version-history":[{"count":1,"href":"https:\/\/www.zunoticia.com\/noticias-de-hidalgo\/wp-json\/wp\/v2\/posts\/500479\/revisions"}],"predecessor-version":[{"id":500483,"href":"https:\/\/www.zunoticia.com\/noticias-de-hidalgo\/wp-json\/wp\/v2\/posts\/500479\/revisions\/500483"}],"wp:featuredmedia":[{"embeddable":true,"href":"https:\/\/www.zunoticia.com\/noticias-de-hidalgo\/wp-json\/wp\/v2\/media\/500428"}],"wp:attachment":[{"href":"https:\/\/www.zunoticia.com\/noticias-de-hidalgo\/wp-json\/wp\/v2\/media?parent=500479"}],"wp:term":[{"taxonomy":"category","embeddable":true,"href":"https:\/\/www.zunoticia.com\/noticias-de-hidalgo\/wp-json\/wp\/v2\/categories?post=500479"},{"taxonomy":"post_tag","embeddable":true,"href":"https:\/\/www.zunoticia.com\/noticias-de-hidalgo\/wp-json\/wp\/v2\/tags?post=500479"}],"curies":[{"name":"wp","href":"https:\/\/api.w.org\/{rel}","templated":true}]}}