{"id":500480,"date":"2023-08-26T00:51:15","date_gmt":"2023-08-26T06:51:15","guid":{"rendered":"https:\/\/www.zunoticia.com\/noticias-de-hidalgo\/?p=500480"},"modified":"2023-08-26T00:51:16","modified_gmt":"2023-08-26T06:51:16","slug":"reforzaron-la-relacion-tutora-en-el-conafe","status":"publish","type":"post","link":"https:\/\/www.zunoticia.com\/noticias-de-hidalgo\/2023\/08\/26\/reforzaron-la-relacion-tutora-en-el-conafe\/","title":{"rendered":"Reforzaron la relaci\u00f3n tutora en el CONAFE"},"content":{"rendered":"<aside class=\"mashsb-container mashsb-main mashsb-stretched\"><div class=\"mashsb-box\"><div class=\"mashsb-count mash-large\" style=\"float:left\"><div class=\"counts mashsbcount\">39<\/div><span class=\"mashsb-sharetext\">SHARES<\/span><\/div><div class=\"mashsb-buttons\"><a class=\"mashicon-facebook mash-large mash-center mashsb-noshadow\" href=\"https:\/\/www.facebook.com\/sharer.php?u=https%3A%2F%2Fwww.zunoticia.com%2Fnoticias-de-hidalgo%2F2023%2F08%2F26%2Freforzaron-la-relacion-tutora-en-el-conafe%2F\" target=\"_top\" rel=\"nofollow\"><span class=\"icon\"><\/span><span class=\"text\">Share<\/span><\/a><a class=\"mashicon-twitter mash-large mash-center mashsb-noshadow\" href=\"https:\/\/twitter.com\/intent\/tweet?text=&amp;url=https:\/\/www.zunoticia.com\/noticias-de-hidalgo\/2023\/08\/26\/reforzaron-la-relacion-tutora-en-el-conafe\/\" target=\"_top\" rel=\"nofollow\"><span class=\"icon\"><\/span><span class=\"text\">Tweet<\/span><\/a><div class=\"onoffswitch2 mash-large mashsb-noshadow\" style=\"display:none\"><\/div><\/div>\n            <\/div>\n                <div style=\"clear:both\"><\/div><div class=\"mashsb-toggle-container\"><\/div><\/aside>\n            <!-- Share buttons by mashshare.net - Version: 4.0.47-->\n<p><em>Por Karen Rivera\/Zunoticia<\/em><\/p>\n\n\n\n<p><strong>Atlapexco, Hgo.-<\/strong> &#8220;Ambientes de aprendizaje y relaci\u00f3n tutora, es algo que le est\u00e1 apostando esta nueva educaci\u00f3n comunitaria para el bienestar&#8221;, se\u00f1al\u00f3 Maribel S\u00e1nchez de la Cruz, Educador Comunitario de Acompa\u00f1amiento Regional, Regi\u00f3n 05 Atlapexco.<\/p>\n\n\n\n<p>Coment\u00f3 que, este a\u00f1o esas tem\u00e1ticas son las que mayormente se reforzaron, contenido que habr\u00e1n de trabajar dentro de las aulas los 56 educadores, mismos que est\u00e1n distribuidos en Atlapexco y Yahualica.<\/p>\n\n\n\n<p>Explic\u00f3 \u201ceste ciclo escolar tambi\u00e9n reforzamos sobre la educaci\u00f3n comunitaria para el bienestar, es algo que le est\u00e1 apostando esta nueva educaci\u00f3n&#8221;.<\/p>\n\n\n\n<p>Agreg\u00f3 que, con los cursos de formaci\u00f3n intensiva se busca garantizar la educaci\u00f3n de los ni\u00f1os con contenidos que realmente puedan aportar a su educaci\u00f3n.<\/p>\n","protected":false},"excerpt":{"rendered":"<p>Por Karen Rivera\/Zunoticia Atlapexco, Hgo.- &#8220;Ambientes de aprendizaje y relaci\u00f3n tutora, es algo que le est\u00e1 apostando esta nueva educaci\u00f3n comunitaria para el bienestar&#8221;, se\u00f1al\u00f3 Maribel S\u00e1nchez de la Cruz, Educador Comunitario de Acompa\u00f1amiento Regional, Regi\u00f3n 05 Atlapexco. Coment\u00f3 que, este a\u00f1o esas tem\u00e1ticas son las que mayormente se reforzaron, contenido que habr\u00e1n de trabajar&hellip; <a class=\"more-link\" href=\"https:\/\/www.zunoticia.com\/noticias-de-hidalgo\/2023\/08\/26\/reforzaron-la-relacion-tutora-en-el-conafe\/\">Seguir leyendo <span class=\"screen-reader-text\">Reforzaron la relaci\u00f3n tutora en el CONAFE<\/span><\/a><\/p>\n","protected":false},"author":12,"featured_media":500425,"comment_status":"closed","ping_status":"open","sticky":false,"template":"","format":"standard","meta":{"rop_custom_images_group":[],"rop_custom_messages_group":[],"rop_publish_now":"initial","rop_publish_now_accounts":{"facebook_10159540855086992_322828327761733":""},"rop_publish_now_history":[],"rop_publish_now_status":"pending","footnotes":""},"categories":[182],"tags":[133],"class_list":["post-500480","post","type-post","status-publish","format-standard","has-post-thumbnail","hentry","category-atlapexco","tag-atlapexco","entry"],"_links":{"self":[{"href":"https:\/\/www.zunoticia.com\/noticias-de-hidalgo\/wp-json\/wp\/v2\/posts\/500480","targetHints":{"allow":["GET"]}}],"collection":[{"href":"https:\/\/www.zunoticia.com\/noticias-de-hidalgo\/wp-json\/wp\/v2\/posts"}],"about":[{"href":"https:\/\/www.zunoticia.com\/noticias-de-hidalgo\/wp-json\/wp\/v2\/types\/post"}],"author":[{"embeddable":true,"href":"https:\/\/www.zunoticia.com\/noticias-de-hidalgo\/wp-json\/wp\/v2\/users\/12"}],"replies":[{"embeddable":true,"href":"https:\/\/www.zunoticia.com\/noticias-de-hidalgo\/wp-json\/wp\/v2\/comments?post=500480"}],"version-history":[{"count":1,"href":"https:\/\/www.zunoticia.com\/noticias-de-hidalgo\/wp-json\/wp\/v2\/posts\/500480\/revisions"}],"predecessor-version":[{"id":500481,"href":"https:\/\/www.zunoticia.com\/noticias-de-hidalgo\/wp-json\/wp\/v2\/posts\/500480\/revisions\/500481"}],"wp:featuredmedia":[{"embeddable":true,"href":"https:\/\/www.zunoticia.com\/noticias-de-hidalgo\/wp-json\/wp\/v2\/media\/500425"}],"wp:attachment":[{"href":"https:\/\/www.zunoticia.com\/noticias-de-hidalgo\/wp-json\/wp\/v2\/media?parent=500480"}],"wp:term":[{"taxonomy":"category","embeddable":true,"href":"https:\/\/www.zunoticia.com\/noticias-de-hidalgo\/wp-json\/wp\/v2\/categories?post=500480"},{"taxonomy":"post_tag","embeddable":true,"href":"https:\/\/www.zunoticia.com\/noticias-de-hidalgo\/wp-json\/wp\/v2\/tags?post=500480"}],"curies":[{"name":"wp","href":"https:\/\/api.w.org\/{rel}","templated":true}]}}