{"id":500502,"date":"2023-08-26T01:12:45","date_gmt":"2023-08-26T07:12:45","guid":{"rendered":"https:\/\/www.zunoticia.com\/noticias-de-hidalgo\/?p=500502"},"modified":"2023-08-26T01:12:46","modified_gmt":"2023-08-26T07:12:46","slug":"de-gran-importancia-la-feria-informativa-alcalde","status":"publish","type":"post","link":"https:\/\/www.zunoticia.com\/noticias-de-hidalgo\/2023\/08\/26\/de-gran-importancia-la-feria-informativa-alcalde\/","title":{"rendered":"De gran importancia la feria informativa: Alcalde"},"content":{"rendered":"<aside class=\"mashsb-container mashsb-main mashsb-stretched\"><div class=\"mashsb-box\"><div class=\"mashsb-count mash-large\" style=\"float:left\"><div class=\"counts mashsbcount\">20<\/div><span class=\"mashsb-sharetext\">SHARES<\/span><\/div><div class=\"mashsb-buttons\"><a class=\"mashicon-facebook mash-large mash-center mashsb-noshadow\" href=\"https:\/\/www.facebook.com\/sharer.php?u=https%3A%2F%2Fwww.zunoticia.com%2Fnoticias-de-hidalgo%2F2023%2F08%2F26%2Fde-gran-importancia-la-feria-informativa-alcalde%2F\" target=\"_top\" rel=\"nofollow\"><span class=\"icon\"><\/span><span class=\"text\">Share<\/span><\/a><a class=\"mashicon-twitter mash-large mash-center mashsb-noshadow\" href=\"https:\/\/twitter.com\/intent\/tweet?text=&amp;url=https:\/\/www.zunoticia.com\/noticias-de-hidalgo\/2023\/08\/26\/de-gran-importancia-la-feria-informativa-alcalde\/\" target=\"_top\" rel=\"nofollow\"><span class=\"icon\"><\/span><span class=\"text\">Tweet<\/span><\/a><div class=\"onoffswitch2 mash-large mashsb-noshadow\" style=\"display:none\"><\/div><\/div>\n            <\/div>\n                <div style=\"clear:both\"><\/div><div class=\"mashsb-toggle-container\"><\/div><\/aside>\n            <!-- Share buttons by mashshare.net - Version: 4.0.47-->\n<p><em>Por Roberto Meza\/Zunoticia<\/em><\/p>\n\n\n\n<p><strong>Yahualica, Hgo.-<\/strong> El presidente municipal Lic. Sen\u00f3n Navarro Morales resalt\u00f3 que, fue de gran importancia para la poblaci\u00f3n la feria de la informaci\u00f3n, en donde participaron las diversas \u00e1reas del ayuntamiento que previenen la violencia de las mujeres, adem\u00e1s dijo que se llevar\u00e1n a cabo en otras sedes de este municipio para bien de la poblaci\u00f3n.<\/p>\n\n\n\n<p>&#8220;Es muy importante esta actividad organizada por las diferentes \u00e1reas del ayuntamiento, en esta ocasi\u00f3n nos acompa\u00f1aron funcionarios del estado, de la Comisi\u00f3n de Derechos Humanos, organismos de Salud del estado, del Coordinador del Cobaeh de Mecatl\u00e1n, de la Polic\u00eda Violeta, Instancia Municipal de la Mujer y DIF&#8221;, explic\u00f3 el presidente municipal.<\/p>\n\n\n\n<p>Agreg\u00f3 que, fue una actividad bastante importante &#8220;como se pudo percibir particip\u00f3 la mayor\u00eda de los j\u00f3venes, se\u00f1oritas, entre otros, y en esta feria informativa se busca ayudar a la gente y es una de las primera ferias que se lleva en esta Yahualica y fue muy interesante en donde cada uno de los directores explico la actividad y las funciones que llevan a cabo para la prevenci\u00f3n de la violencia en la mujer&#8221;.<\/p>\n\n\n\n<p>Por \u00faltimo, agreg\u00f3 que estas actividades se habr\u00e1n de llevar a cabo en otras sedes, ya que el planteamiento que se les ha hecho es que se lleve en todo el municipio para bien de la poblaci\u00f3n, de los j\u00f3venes y para bien de la mujeres, para que conozcan sus derechos.<\/p>\n","protected":false},"excerpt":{"rendered":"<p>Por Roberto Meza\/Zunoticia Yahualica, Hgo.- El presidente municipal Lic. Sen\u00f3n Navarro Morales resalt\u00f3 que, fue de gran importancia para la poblaci\u00f3n la feria de la informaci\u00f3n, en donde participaron las diversas \u00e1reas del ayuntamiento que previenen la violencia de las mujeres, adem\u00e1s dijo que se llevar\u00e1n a cabo en otras sedes de este municipio para&hellip; <a class=\"more-link\" href=\"https:\/\/www.zunoticia.com\/noticias-de-hidalgo\/2023\/08\/26\/de-gran-importancia-la-feria-informativa-alcalde\/\">Seguir leyendo <span class=\"screen-reader-text\">De gran importancia la feria informativa: Alcalde<\/span><\/a><\/p>\n","protected":false},"author":12,"featured_media":500431,"comment_status":"closed","ping_status":"open","sticky":false,"template":"","format":"standard","meta":{"rop_custom_images_group":[],"rop_custom_messages_group":[],"rop_publish_now":"initial","rop_publish_now_accounts":{"facebook_10159540855086992_322828327761733":""},"rop_publish_now_history":[],"rop_publish_now_status":"pending","footnotes":""},"categories":[179,203],"tags":[123],"class_list":["post-500502","post","type-post","status-publish","format-standard","has-post-thumbnail","hentry","category-huasteca","category-yahualica","tag-yahualica","entry"],"_links":{"self":[{"href":"https:\/\/www.zunoticia.com\/noticias-de-hidalgo\/wp-json\/wp\/v2\/posts\/500502","targetHints":{"allow":["GET"]}}],"collection":[{"href":"https:\/\/www.zunoticia.com\/noticias-de-hidalgo\/wp-json\/wp\/v2\/posts"}],"about":[{"href":"https:\/\/www.zunoticia.com\/noticias-de-hidalgo\/wp-json\/wp\/v2\/types\/post"}],"author":[{"embeddable":true,"href":"https:\/\/www.zunoticia.com\/noticias-de-hidalgo\/wp-json\/wp\/v2\/users\/12"}],"replies":[{"embeddable":true,"href":"https:\/\/www.zunoticia.com\/noticias-de-hidalgo\/wp-json\/wp\/v2\/comments?post=500502"}],"version-history":[{"count":1,"href":"https:\/\/www.zunoticia.com\/noticias-de-hidalgo\/wp-json\/wp\/v2\/posts\/500502\/revisions"}],"predecessor-version":[{"id":500505,"href":"https:\/\/www.zunoticia.com\/noticias-de-hidalgo\/wp-json\/wp\/v2\/posts\/500502\/revisions\/500505"}],"wp:featuredmedia":[{"embeddable":true,"href":"https:\/\/www.zunoticia.com\/noticias-de-hidalgo\/wp-json\/wp\/v2\/media\/500431"}],"wp:attachment":[{"href":"https:\/\/www.zunoticia.com\/noticias-de-hidalgo\/wp-json\/wp\/v2\/media?parent=500502"}],"wp:term":[{"taxonomy":"category","embeddable":true,"href":"https:\/\/www.zunoticia.com\/noticias-de-hidalgo\/wp-json\/wp\/v2\/categories?post=500502"},{"taxonomy":"post_tag","embeddable":true,"href":"https:\/\/www.zunoticia.com\/noticias-de-hidalgo\/wp-json\/wp\/v2\/tags?post=500502"}],"curies":[{"name":"wp","href":"https:\/\/api.w.org\/{rel}","templated":true}]}}