{"id":500523,"date":"2023-08-26T13:04:07","date_gmt":"2023-08-26T19:04:07","guid":{"rendered":"https:\/\/www.zunoticia.com\/noticias-de-hidalgo\/?p=500523"},"modified":"2023-08-26T13:04:08","modified_gmt":"2023-08-26T19:04:08","slug":"para-la-eleccion-de-secretario-de-la-ucla-la-convocatoria-debe-de-ser-abierta-opinan","status":"publish","type":"post","link":"https:\/\/www.zunoticia.com\/noticias-de-hidalgo\/2023\/08\/26\/para-la-eleccion-de-secretario-de-la-ucla-la-convocatoria-debe-de-ser-abierta-opinan\/","title":{"rendered":"Para la elecci\u00f3n de secretario de la UCLA la convocatoria debe de ser &#8220;abierta&#8221;: Opinan"},"content":{"rendered":"<aside class=\"mashsb-container mashsb-main mashsb-stretched\"><div class=\"mashsb-box\"><div class=\"mashsb-count mash-large\" style=\"float:left\"><div class=\"counts mashsbcount\">0<\/div><span class=\"mashsb-sharetext\">SHARES<\/span><\/div><div class=\"mashsb-buttons\"><a class=\"mashicon-facebook mash-large mash-center mashsb-noshadow\" href=\"https:\/\/www.facebook.com\/sharer.php?u=https%3A%2F%2Fwww.zunoticia.com%2Fnoticias-de-hidalgo%2F2023%2F08%2F26%2Fpara-la-eleccion-de-secretario-de-la-ucla-la-convocatoria-debe-de-ser-abierta-opinan%2F\" target=\"_top\" rel=\"nofollow\"><span class=\"icon\"><\/span><span class=\"text\">Share<\/span><\/a><a class=\"mashicon-twitter mash-large mash-center mashsb-noshadow\" href=\"https:\/\/twitter.com\/intent\/tweet?text=&amp;url=https:\/\/www.zunoticia.com\/noticias-de-hidalgo\/2023\/08\/26\/para-la-eleccion-de-secretario-de-la-ucla-la-convocatoria-debe-de-ser-abierta-opinan\/\" target=\"_top\" rel=\"nofollow\"><span class=\"icon\"><\/span><span class=\"text\">Tweet<\/span><\/a><div class=\"onoffswitch2 mash-large mashsb-noshadow\" style=\"display:none\"><\/div><\/div>\n            <\/div>\n                <div style=\"clear:both\"><\/div><div class=\"mashsb-toggle-container\"><\/div><\/aside>\n            <!-- Share buttons by mashshare.net - Version: 4.0.47-->\n<p><em>Por Salvador Altamirano\/Zunoticia<\/em><\/p>\n\n\n\n<p><strong>Huejutla, Hgo<\/strong>.- Adheridos a la Uni\u00f3n de Comerciantes Locatarios y Ambulantes (UCLA), opinaron que, para que todos los socios tengan igualdad de oportunidad de ostentar el cargo de secretario general, en esta ocasi\u00f3n la convocatoria debe de ser &#8220;abierta&#8221;.<\/p>\n\n\n\n<p>Es decir -explicaron-, que el aspirante o candidato no sea designado a trav\u00e9s de planilla, ya que hay quienes las integran y por una u otra raz\u00f3n, no van al frente en la elecci\u00f3n, por lo que de manera general quien lo desee pueda registrar su candidatura.<\/p>\n\n\n\n<p>Quienes solicitaron que sus nombres no fueran revelados, pero est\u00e1n plenamente identificados, coincidieron al agregar que, con lo anterior a quienes integran la UCLA les &#8220;estar\u00eda haciendo justicia la revoluci\u00f3n&#8221;, como se expresa de manera coloquial, \u201cya que todos estamos en nuestro derecho y no solo unos cuantos, por muy humilde que el comerciante sea\u201d.<\/p>\n\n\n\n<p>A pregunta expresa, insistieron en que, el nuevo dirigente ya no debe de ser ni &#8220;meter las manos, quien ya haya desempe\u00f1ado esa funci\u00f3n, porque el mercado no es de nadie en espec\u00edfico, es de todos y por ende, todos tenemos derechos.<\/p>\n\n\n\n<p>Para finalizar, exhortaron a quien vaya a ser el pr\u00f3ximo secretario general de la UCLA, a que realmente se preocupe por tomar en cuenta, en el concepto de apoyos, a todos los agremiados, as\u00ed como en rehabilitar el inmueble, el cual est\u00e1 con acentuado deterioro.<\/p>\n\n\n\n<figure class=\"wp-block-image size-full\"><img fetchpriority=\"high\" decoding=\"async\" width=\"940\" height=\"788\" src=\"https:\/\/www.zunoticia.com\/noticias-de-hidalgo\/wp-content\/uploads\/2023\/08\/Zunoticia-52.png\" alt=\"\" class=\"wp-image-500525\" srcset=\"https:\/\/www.zunoticia.com\/noticias-de-hidalgo\/wp-content\/uploads\/2023\/08\/Zunoticia-52.png 940w, https:\/\/www.zunoticia.com\/noticias-de-hidalgo\/wp-content\/uploads\/2023\/08\/Zunoticia-52-300x251.png 300w, https:\/\/www.zunoticia.com\/noticias-de-hidalgo\/wp-content\/uploads\/2023\/08\/Zunoticia-52-768x644.png 768w\" sizes=\"(max-width: 940px) 100vw, 940px\" \/><\/figure>\n","protected":false},"excerpt":{"rendered":"<p>Por Salvador Altamirano\/Zunoticia Huejutla, Hgo.- Adheridos a la Uni\u00f3n de Comerciantes Locatarios y Ambulantes (UCLA), opinaron que, para que todos los socios tengan igualdad de oportunidad de ostentar el cargo de secretario general, en esta ocasi\u00f3n la convocatoria debe de ser &#8220;abierta&#8221;. Es decir -explicaron-, que el aspirante o candidato no sea designado a trav\u00e9s&hellip; <a class=\"more-link\" href=\"https:\/\/www.zunoticia.com\/noticias-de-hidalgo\/2023\/08\/26\/para-la-eleccion-de-secretario-de-la-ucla-la-convocatoria-debe-de-ser-abierta-opinan\/\">Seguir leyendo <span class=\"screen-reader-text\">Para la elecci\u00f3n de secretario de la UCLA la convocatoria debe de ser &#8220;abierta&#8221;: Opinan<\/span><\/a><\/p>\n","protected":false},"author":20,"featured_media":500524,"comment_status":"closed","ping_status":"open","sticky":false,"template":"","format":"standard","meta":{"rop_custom_images_group":[],"rop_custom_messages_group":[],"rop_publish_now":"initial","rop_publish_now_accounts":{"facebook_10159540855086992_322828327761733":""},"rop_publish_now_history":[],"rop_publish_now_status":"pending","footnotes":""},"categories":[181],"tags":[121],"class_list":["post-500523","post","type-post","status-publish","format-standard","has-post-thumbnail","hentry","category-huejutla","tag-huejutla","entry"],"_links":{"self":[{"href":"https:\/\/www.zunoticia.com\/noticias-de-hidalgo\/wp-json\/wp\/v2\/posts\/500523","targetHints":{"allow":["GET"]}}],"collection":[{"href":"https:\/\/www.zunoticia.com\/noticias-de-hidalgo\/wp-json\/wp\/v2\/posts"}],"about":[{"href":"https:\/\/www.zunoticia.com\/noticias-de-hidalgo\/wp-json\/wp\/v2\/types\/post"}],"author":[{"embeddable":true,"href":"https:\/\/www.zunoticia.com\/noticias-de-hidalgo\/wp-json\/wp\/v2\/users\/20"}],"replies":[{"embeddable":true,"href":"https:\/\/www.zunoticia.com\/noticias-de-hidalgo\/wp-json\/wp\/v2\/comments?post=500523"}],"version-history":[{"count":1,"href":"https:\/\/www.zunoticia.com\/noticias-de-hidalgo\/wp-json\/wp\/v2\/posts\/500523\/revisions"}],"predecessor-version":[{"id":500526,"href":"https:\/\/www.zunoticia.com\/noticias-de-hidalgo\/wp-json\/wp\/v2\/posts\/500523\/revisions\/500526"}],"wp:featuredmedia":[{"embeddable":true,"href":"https:\/\/www.zunoticia.com\/noticias-de-hidalgo\/wp-json\/wp\/v2\/media\/500524"}],"wp:attachment":[{"href":"https:\/\/www.zunoticia.com\/noticias-de-hidalgo\/wp-json\/wp\/v2\/media?parent=500523"}],"wp:term":[{"taxonomy":"category","embeddable":true,"href":"https:\/\/www.zunoticia.com\/noticias-de-hidalgo\/wp-json\/wp\/v2\/categories?post=500523"},{"taxonomy":"post_tag","embeddable":true,"href":"https:\/\/www.zunoticia.com\/noticias-de-hidalgo\/wp-json\/wp\/v2\/tags?post=500523"}],"curies":[{"name":"wp","href":"https:\/\/api.w.org\/{rel}","templated":true}]}}