{"id":500527,"date":"2023-08-26T14:19:51","date_gmt":"2023-08-26T20:19:51","guid":{"rendered":"https:\/\/www.zunoticia.com\/noticias-de-hidalgo\/?p=500527"},"modified":"2023-08-26T14:19:52","modified_gmt":"2023-08-26T20:19:52","slug":"la-vela-original-de-xantolo-es-de-color-amarillo","status":"publish","type":"post","link":"https:\/\/www.zunoticia.com\/noticias-de-hidalgo\/2023\/08\/26\/la-vela-original-de-xantolo-es-de-color-amarillo\/","title":{"rendered":"\u201cLa vela original de Xantolo es de color amarillo\u201d"},"content":{"rendered":"<aside class=\"mashsb-container mashsb-main mashsb-stretched\"><div class=\"mashsb-box\"><div class=\"mashsb-count mash-large\" style=\"float:left\"><div class=\"counts mashsbcount\">22<\/div><span class=\"mashsb-sharetext\">SHARES<\/span><\/div><div class=\"mashsb-buttons\"><a class=\"mashicon-facebook mash-large mash-center mashsb-noshadow\" href=\"https:\/\/www.facebook.com\/sharer.php?u=https%3A%2F%2Fwww.zunoticia.com%2Fnoticias-de-hidalgo%2F2023%2F08%2F26%2Fla-vela-original-de-xantolo-es-de-color-amarillo%2F\" target=\"_top\" rel=\"nofollow\"><span class=\"icon\"><\/span><span class=\"text\">Share<\/span><\/a><a class=\"mashicon-twitter mash-large mash-center mashsb-noshadow\" href=\"https:\/\/twitter.com\/intent\/tweet?text=&amp;url=https:\/\/www.zunoticia.com\/noticias-de-hidalgo\/2023\/08\/26\/la-vela-original-de-xantolo-es-de-color-amarillo\/\" target=\"_top\" rel=\"nofollow\"><span class=\"icon\"><\/span><span class=\"text\">Tweet<\/span><\/a><div class=\"onoffswitch2 mash-large mashsb-noshadow\" style=\"display:none\"><\/div><\/div>\n            <\/div>\n                <div style=\"clear:both\"><\/div><div class=\"mashsb-toggle-container\"><\/div><\/aside>\n            <!-- Share buttons by mashshare.net - Version: 4.0.47-->\n<p><em>Por Salvador Altamirano\/Zunoticia<\/em><\/p>\n\n\n\n<p><strong>Huejutla, Hgo<\/strong>.- Entrevistados en torno a sus pretensiones de venta durante la pr\u00f3xima&nbsp; festividad de Xantolo, comerciantes del giro de productos derivados de la parafina, establecidos en el mercado municipal, coincidieron al expresar que no es temporada que los beneficie.<\/p>\n\n\n\n<p>Agregaron que, lo anterior, debido a que lo m\u00e1s predominante en los altares de ofrenda son las velas, no las veladoras, por tradici\u00f3n y por lo econ\u00f3mico, ya que de las primeras hay hasta de dos pesos y las segundas, rebasan los diez.<\/p>\n\n\n\n<p>Al respecto, Ger\u00f3nimo S\u00e1nchez Hern\u00e1ndez, locatario del giro, explic\u00f3 que, seg\u00fan las personas \u201cde antes\u201d la vela original de la tradici\u00f3n de &#8220;D\u00eda de Muertos o Xantolo&#8221; es de color amarillo, fabricada con cera de abeja, no con parafina, pero el costo est\u00e1 terminando con lo aut\u00e9ntico, ya que la primera, la m\u00e1s econ\u00f3mica, se cotiza en $120.00 pesos y la \u00faltima las hay hasta de dos pesos.<\/p>\n\n\n\n<p>A pregunta formulada, detall\u00f3 que, el color amarillo es el original y predominante en los altares de Xantolo, ya que, seg\u00fan la prehisp\u00e1nica tradici\u00f3n mexica, representa la luz que gu\u00eda al esp\u00edritu, en este caso, la vela con su centellante flama, al altar de ofrenda.<\/p>\n\n\n\n<p>Para finalizar, S\u00e1nchez Hern\u00e1ndez coincidi\u00f3 con sus hom\u00f3logos de venta en que Xantolo no es para ellos \u201ctemporada buena\u201d, ya que en el tianguis que en esa fecha se instala en la avenida Nuevo Le\u00f3n, los artesanos de velas vienen a desplazar sus productos en competencia desleal, o sea, a baj\u00edsimo precio.<\/p>\n\n\n\n<p><\/p>\n","protected":false},"excerpt":{"rendered":"<p>Por Salvador Altamirano\/Zunoticia Huejutla, Hgo.- Entrevistados en torno a sus pretensiones de venta durante la pr\u00f3xima&nbsp; festividad de Xantolo, comerciantes del giro de productos derivados de la parafina, establecidos en el mercado municipal, coincidieron al expresar que no es temporada que los beneficie. Agregaron que, lo anterior, debido a que lo m\u00e1s predominante en los&hellip; <a class=\"more-link\" href=\"https:\/\/www.zunoticia.com\/noticias-de-hidalgo\/2023\/08\/26\/la-vela-original-de-xantolo-es-de-color-amarillo\/\">Seguir leyendo <span class=\"screen-reader-text\">\u201cLa vela original de Xantolo es de color amarillo\u201d<\/span><\/a><\/p>\n","protected":false},"author":20,"featured_media":500528,"comment_status":"closed","ping_status":"open","sticky":false,"template":"","format":"standard","meta":{"rop_custom_images_group":[],"rop_custom_messages_group":[],"rop_publish_now":"initial","rop_publish_now_accounts":{"facebook_10159540855086992_322828327761733":""},"rop_publish_now_history":[],"rop_publish_now_status":"pending","footnotes":""},"categories":[181],"tags":[121],"class_list":["post-500527","post","type-post","status-publish","format-standard","has-post-thumbnail","hentry","category-huejutla","tag-huejutla","entry"],"_links":{"self":[{"href":"https:\/\/www.zunoticia.com\/noticias-de-hidalgo\/wp-json\/wp\/v2\/posts\/500527","targetHints":{"allow":["GET"]}}],"collection":[{"href":"https:\/\/www.zunoticia.com\/noticias-de-hidalgo\/wp-json\/wp\/v2\/posts"}],"about":[{"href":"https:\/\/www.zunoticia.com\/noticias-de-hidalgo\/wp-json\/wp\/v2\/types\/post"}],"author":[{"embeddable":true,"href":"https:\/\/www.zunoticia.com\/noticias-de-hidalgo\/wp-json\/wp\/v2\/users\/20"}],"replies":[{"embeddable":true,"href":"https:\/\/www.zunoticia.com\/noticias-de-hidalgo\/wp-json\/wp\/v2\/comments?post=500527"}],"version-history":[{"count":1,"href":"https:\/\/www.zunoticia.com\/noticias-de-hidalgo\/wp-json\/wp\/v2\/posts\/500527\/revisions"}],"predecessor-version":[{"id":500529,"href":"https:\/\/www.zunoticia.com\/noticias-de-hidalgo\/wp-json\/wp\/v2\/posts\/500527\/revisions\/500529"}],"wp:featuredmedia":[{"embeddable":true,"href":"https:\/\/www.zunoticia.com\/noticias-de-hidalgo\/wp-json\/wp\/v2\/media\/500528"}],"wp:attachment":[{"href":"https:\/\/www.zunoticia.com\/noticias-de-hidalgo\/wp-json\/wp\/v2\/media?parent=500527"}],"wp:term":[{"taxonomy":"category","embeddable":true,"href":"https:\/\/www.zunoticia.com\/noticias-de-hidalgo\/wp-json\/wp\/v2\/categories?post=500527"},{"taxonomy":"post_tag","embeddable":true,"href":"https:\/\/www.zunoticia.com\/noticias-de-hidalgo\/wp-json\/wp\/v2\/tags?post=500527"}],"curies":[{"name":"wp","href":"https:\/\/api.w.org\/{rel}","templated":true}]}}