{"id":500541,"date":"2023-08-26T16:33:11","date_gmt":"2023-08-26T22:33:11","guid":{"rendered":"https:\/\/www.zunoticia.com\/noticias-de-hidalgo\/?p=500541"},"modified":"2023-08-26T16:33:12","modified_gmt":"2023-08-26T22:33:12","slug":"exposicion-el-arte-popular-en-hidalgo","status":"publish","type":"post","link":"https:\/\/www.zunoticia.com\/noticias-de-hidalgo\/2023\/08\/26\/exposicion-el-arte-popular-en-hidalgo\/","title":{"rendered":"Exposici\u00f3n El Arte Popular en Hidalgo"},"content":{"rendered":"<aside class=\"mashsb-container mashsb-main mashsb-stretched\"><div class=\"mashsb-box\"><div class=\"mashsb-count mash-large\" style=\"float:left\"><div class=\"counts mashsbcount\">0<\/div><span class=\"mashsb-sharetext\">SHARES<\/span><\/div><div class=\"mashsb-buttons\"><a class=\"mashicon-facebook mash-large mash-center mashsb-noshadow\" href=\"https:\/\/www.facebook.com\/sharer.php?u=https%3A%2F%2Fwww.zunoticia.com%2Fnoticias-de-hidalgo%2F2023%2F08%2F26%2Fexposicion-el-arte-popular-en-hidalgo%2F\" target=\"_top\" rel=\"nofollow\"><span class=\"icon\"><\/span><span class=\"text\">Share<\/span><\/a><a class=\"mashicon-twitter mash-large mash-center mashsb-noshadow\" href=\"https:\/\/twitter.com\/intent\/tweet?text=&amp;url=https:\/\/www.zunoticia.com\/noticias-de-hidalgo\/2023\/08\/26\/exposicion-el-arte-popular-en-hidalgo\/\" target=\"_top\" rel=\"nofollow\"><span class=\"icon\"><\/span><span class=\"text\">Tweet<\/span><\/a><div class=\"onoffswitch2 mash-large mashsb-noshadow\" style=\"display:none\"><\/div><\/div>\n            <\/div>\n                <div style=\"clear:both\"><\/div><div class=\"mashsb-toggle-container\"><\/div><\/aside>\n            <!-- Share buttons by mashshare.net - Version: 4.0.47-->\n<p><em>Por Redacci\u00f3n\/Zunoticia<\/em><\/p>\n\n\n\n<p><br><strong>Pachuca de Soto, Hgo<\/strong>.- La Secretar\u00eda de Cultura de Hidalgo, a cargo de Tania Meza Escorza, invita a visitar la exposici\u00f3n <em>El Arte Popular de Hidalgo<\/em>, en el Foro Cultural Efr\u00e9n Rebolledo, de lunes a viernes de 9:00 a 15:00 horas.<\/p>\n\n\n\n<p>Recientemente, el recinto ubicado en la calle Nicol\u00e1s Bravo, n\u00famero 202, en la colonia Centro, celebr\u00f3 40 a\u00f1os dedicados a la difusi\u00f3n del arte y la cultura, por lo que las y los visitantes tambi\u00e9n encontrar\u00e1n la galer\u00eda Jos\u00e9 Hern\u00e1ndez Delgadillo, donde se realizan exposiciones temporales; adem\u00e1s, una sala audiovisual que funciona como espacio para charlas, presentaciones editoriales y recitales de peque\u00f1o formato, as\u00ed como un sal\u00f3n de taller.<\/p>\n","protected":false},"excerpt":{"rendered":"<p>Por Redacci\u00f3n\/Zunoticia Pachuca de Soto, Hgo.- La Secretar\u00eda de Cultura de Hidalgo, a cargo de Tania Meza Escorza, invita a visitar la exposici\u00f3n El Arte Popular de Hidalgo, en el Foro Cultural Efr\u00e9n Rebolledo, de lunes a viernes de 9:00 a 15:00 horas. Recientemente, el recinto ubicado en la calle Nicol\u00e1s Bravo, n\u00famero 202, en&hellip; <a class=\"more-link\" href=\"https:\/\/www.zunoticia.com\/noticias-de-hidalgo\/2023\/08\/26\/exposicion-el-arte-popular-en-hidalgo\/\">Seguir leyendo <span class=\"screen-reader-text\">Exposici\u00f3n El Arte Popular en Hidalgo<\/span><\/a><\/p>\n","protected":false},"author":20,"featured_media":500542,"comment_status":"closed","ping_status":"open","sticky":false,"template":"","format":"standard","meta":{"rop_custom_images_group":[],"rop_custom_messages_group":[],"rop_publish_now":"initial","rop_publish_now_accounts":{"facebook_10159540855086992_322828327761733":""},"rop_publish_now_history":[],"rop_publish_now_status":"pending","footnotes":""},"categories":[208],"tags":[214],"class_list":["post-500541","post","type-post","status-publish","format-standard","has-post-thumbnail","hentry","category-estado","tag-estado","entry"],"_links":{"self":[{"href":"https:\/\/www.zunoticia.com\/noticias-de-hidalgo\/wp-json\/wp\/v2\/posts\/500541","targetHints":{"allow":["GET"]}}],"collection":[{"href":"https:\/\/www.zunoticia.com\/noticias-de-hidalgo\/wp-json\/wp\/v2\/posts"}],"about":[{"href":"https:\/\/www.zunoticia.com\/noticias-de-hidalgo\/wp-json\/wp\/v2\/types\/post"}],"author":[{"embeddable":true,"href":"https:\/\/www.zunoticia.com\/noticias-de-hidalgo\/wp-json\/wp\/v2\/users\/20"}],"replies":[{"embeddable":true,"href":"https:\/\/www.zunoticia.com\/noticias-de-hidalgo\/wp-json\/wp\/v2\/comments?post=500541"}],"version-history":[{"count":1,"href":"https:\/\/www.zunoticia.com\/noticias-de-hidalgo\/wp-json\/wp\/v2\/posts\/500541\/revisions"}],"predecessor-version":[{"id":500543,"href":"https:\/\/www.zunoticia.com\/noticias-de-hidalgo\/wp-json\/wp\/v2\/posts\/500541\/revisions\/500543"}],"wp:featuredmedia":[{"embeddable":true,"href":"https:\/\/www.zunoticia.com\/noticias-de-hidalgo\/wp-json\/wp\/v2\/media\/500542"}],"wp:attachment":[{"href":"https:\/\/www.zunoticia.com\/noticias-de-hidalgo\/wp-json\/wp\/v2\/media?parent=500541"}],"wp:term":[{"taxonomy":"category","embeddable":true,"href":"https:\/\/www.zunoticia.com\/noticias-de-hidalgo\/wp-json\/wp\/v2\/categories?post=500541"},{"taxonomy":"post_tag","embeddable":true,"href":"https:\/\/www.zunoticia.com\/noticias-de-hidalgo\/wp-json\/wp\/v2\/tags?post=500541"}],"curies":[{"name":"wp","href":"https:\/\/api.w.org\/{rel}","templated":true}]}}