{"id":500544,"date":"2023-08-26T16:53:13","date_gmt":"2023-08-26T22:53:13","guid":{"rendered":"https:\/\/www.zunoticia.com\/noticias-de-hidalgo\/?p=500544"},"modified":"2023-08-26T16:53:14","modified_gmt":"2023-08-26T22:53:14","slug":"previo-al-inicio-del-ciclo-escolar-aumenta-numero-de-boleadas","status":"publish","type":"post","link":"https:\/\/www.zunoticia.com\/noticias-de-hidalgo\/2023\/08\/26\/previo-al-inicio-del-ciclo-escolar-aumenta-numero-de-boleadas\/","title":{"rendered":"Previo al inicio del Ciclo Escolar, aumenta n\u00famero de &#8216;boleadas&#8217;"},"content":{"rendered":"<aside class=\"mashsb-container mashsb-main mashsb-stretched\"><div class=\"mashsb-box\"><div class=\"mashsb-count mash-large\" style=\"float:left\"><div class=\"counts mashsbcount\">4<\/div><span class=\"mashsb-sharetext\">SHARES<\/span><\/div><div class=\"mashsb-buttons\"><a class=\"mashicon-facebook mash-large mash-center mashsb-noshadow\" href=\"https:\/\/www.facebook.com\/sharer.php?u=https%3A%2F%2Fwww.zunoticia.com%2Fnoticias-de-hidalgo%2F2023%2F08%2F26%2Fprevio-al-inicio-del-ciclo-escolar-aumenta-numero-de-boleadas%2F\" target=\"_top\" rel=\"nofollow\"><span class=\"icon\"><\/span><span class=\"text\">Share<\/span><\/a><a class=\"mashicon-twitter mash-large mash-center mashsb-noshadow\" href=\"https:\/\/twitter.com\/intent\/tweet?text=&amp;url=https:\/\/www.zunoticia.com\/noticias-de-hidalgo\/2023\/08\/26\/previo-al-inicio-del-ciclo-escolar-aumenta-numero-de-boleadas\/\" target=\"_top\" rel=\"nofollow\"><span class=\"icon\"><\/span><span class=\"text\">Tweet<\/span><\/a><div class=\"onoffswitch2 mash-large mashsb-noshadow\" style=\"display:none\"><\/div><\/div>\n            <\/div>\n                <div style=\"clear:both\"><\/div><div class=\"mashsb-toggle-container\"><\/div><\/aside>\n            <!-- Share buttons by mashshare.net - Version: 4.0.47-->\n<p><em>Por Enedino Hern\u00e1ndez\/Zunoticia<\/em><\/p>\n\n\n\n<p><strong>Huejutla, Hgo.-<\/strong> Previo al inicio del Ciclo Escolar 2023-2024, en estos \u00faltimos d\u00edas se tiene un buen incremento en el n\u00famero de &#8216;boleadas&#8217;, confirm\u00f3 el presidente de la Uni\u00f3n de Aseadores de Calzado de Huejutla de Reyes, Agust\u00edn Lara.<\/p>\n\n\n\n<p>Dijo que, los padres de familia aprovechan estos d\u00edas para asear el calzado escolar de sus hijos y con ello, iniciar de manera positiva con el Ciclo Escolar 2023-2024.<\/p>\n\n\n\n<p>Reconoci\u00f3 que, en el periodo vacacional se mantuvo muy escasa la boleada, pero ya en estos d\u00edas, previo al inicio del Ciclo Escolar, ha incrementado considerablemente el n\u00famero de personas que solicitan los servicios de los aseadores de calzado.<\/p>\n\n\n\n<p>Subray\u00f3 que, el inicio del Ciclo Escolar es muy ben\u00e9fico para los aseadores de calzado, pues se tiene mucho m\u00e1s movimiento en la actividad laboral en estos d\u00edas.<\/p>\n\n\n\n<p>Asimismo, recomend\u00f3 a los socios agremiados que brinden una atenci\u00f3n adecuada a los clientes, pero, principalmente que regulen el vocabulario al atender a la clientela, que en muchas de las ocasiones son familias completas las que acuden a solicitar el servicio a los aseadores de calzado.<\/p>\n\n\n\n<p><\/p>\n","protected":false},"excerpt":{"rendered":"<p>Por Enedino Hern\u00e1ndez\/Zunoticia Huejutla, Hgo.- Previo al inicio del Ciclo Escolar 2023-2024, en estos \u00faltimos d\u00edas se tiene un buen incremento en el n\u00famero de &#8216;boleadas&#8217;, confirm\u00f3 el presidente de la Uni\u00f3n de Aseadores de Calzado de Huejutla de Reyes, Agust\u00edn Lara. Dijo que, los padres de familia aprovechan estos d\u00edas para asear el calzado&hellip; <a class=\"more-link\" href=\"https:\/\/www.zunoticia.com\/noticias-de-hidalgo\/2023\/08\/26\/previo-al-inicio-del-ciclo-escolar-aumenta-numero-de-boleadas\/\">Seguir leyendo <span class=\"screen-reader-text\">Previo al inicio del Ciclo Escolar, aumenta n\u00famero de &#8216;boleadas&#8217;<\/span><\/a><\/p>\n","protected":false},"author":20,"featured_media":500545,"comment_status":"closed","ping_status":"open","sticky":false,"template":"","format":"standard","meta":{"rop_custom_images_group":[],"rop_custom_messages_group":[],"rop_publish_now":"initial","rop_publish_now_accounts":{"facebook_10159540855086992_322828327761733":""},"rop_publish_now_history":[],"rop_publish_now_status":"pending","footnotes":""},"categories":[181],"tags":[121],"class_list":["post-500544","post","type-post","status-publish","format-standard","has-post-thumbnail","hentry","category-huejutla","tag-huejutla","entry"],"_links":{"self":[{"href":"https:\/\/www.zunoticia.com\/noticias-de-hidalgo\/wp-json\/wp\/v2\/posts\/500544","targetHints":{"allow":["GET"]}}],"collection":[{"href":"https:\/\/www.zunoticia.com\/noticias-de-hidalgo\/wp-json\/wp\/v2\/posts"}],"about":[{"href":"https:\/\/www.zunoticia.com\/noticias-de-hidalgo\/wp-json\/wp\/v2\/types\/post"}],"author":[{"embeddable":true,"href":"https:\/\/www.zunoticia.com\/noticias-de-hidalgo\/wp-json\/wp\/v2\/users\/20"}],"replies":[{"embeddable":true,"href":"https:\/\/www.zunoticia.com\/noticias-de-hidalgo\/wp-json\/wp\/v2\/comments?post=500544"}],"version-history":[{"count":1,"href":"https:\/\/www.zunoticia.com\/noticias-de-hidalgo\/wp-json\/wp\/v2\/posts\/500544\/revisions"}],"predecessor-version":[{"id":500546,"href":"https:\/\/www.zunoticia.com\/noticias-de-hidalgo\/wp-json\/wp\/v2\/posts\/500544\/revisions\/500546"}],"wp:featuredmedia":[{"embeddable":true,"href":"https:\/\/www.zunoticia.com\/noticias-de-hidalgo\/wp-json\/wp\/v2\/media\/500545"}],"wp:attachment":[{"href":"https:\/\/www.zunoticia.com\/noticias-de-hidalgo\/wp-json\/wp\/v2\/media?parent=500544"}],"wp:term":[{"taxonomy":"category","embeddable":true,"href":"https:\/\/www.zunoticia.com\/noticias-de-hidalgo\/wp-json\/wp\/v2\/categories?post=500544"},{"taxonomy":"post_tag","embeddable":true,"href":"https:\/\/www.zunoticia.com\/noticias-de-hidalgo\/wp-json\/wp\/v2\/tags?post=500544"}],"curies":[{"name":"wp","href":"https:\/\/api.w.org\/{rel}","templated":true}]}}