{"id":500547,"date":"2023-08-26T17:01:27","date_gmt":"2023-08-26T23:01:27","guid":{"rendered":"https:\/\/www.zunoticia.com\/noticias-de-hidalgo\/?p=500547"},"modified":"2023-08-26T17:01:28","modified_gmt":"2023-08-26T23:01:28","slug":"inician-los-trabajos-para-ornamentar-el-festejo-patrio-2023","status":"publish","type":"post","link":"https:\/\/www.zunoticia.com\/noticias-de-hidalgo\/2023\/08\/26\/inician-los-trabajos-para-ornamentar-el-festejo-patrio-2023\/","title":{"rendered":"Inician los trabajos para ornamentar el Festejo patrio 2023"},"content":{"rendered":"<aside class=\"mashsb-container mashsb-main mashsb-stretched\"><div class=\"mashsb-box\"><div class=\"mashsb-count mash-large\" style=\"float:left\"><div class=\"counts mashsbcount\">44<\/div><span class=\"mashsb-sharetext\">SHARES<\/span><\/div><div class=\"mashsb-buttons\"><a class=\"mashicon-facebook mash-large mash-center mashsb-noshadow\" href=\"https:\/\/www.facebook.com\/sharer.php?u=https%3A%2F%2Fwww.zunoticia.com%2Fnoticias-de-hidalgo%2F2023%2F08%2F26%2Finician-los-trabajos-para-ornamentar-el-festejo-patrio-2023%2F\" target=\"_top\" rel=\"nofollow\"><span class=\"icon\"><\/span><span class=\"text\">Share<\/span><\/a><a class=\"mashicon-twitter mash-large mash-center mashsb-noshadow\" href=\"https:\/\/twitter.com\/intent\/tweet?text=&amp;url=https:\/\/www.zunoticia.com\/noticias-de-hidalgo\/2023\/08\/26\/inician-los-trabajos-para-ornamentar-el-festejo-patrio-2023\/\" target=\"_top\" rel=\"nofollow\"><span class=\"icon\"><\/span><span class=\"text\">Tweet<\/span><\/a><div class=\"onoffswitch2 mash-large mashsb-noshadow\" style=\"display:none\"><\/div><\/div>\n            <\/div>\n                <div style=\"clear:both\"><\/div><div class=\"mashsb-toggle-container\"><\/div><\/aside>\n            <!-- Share buttons by mashshare.net - Version: 4.0.47-->\n<p><em>Por Salvador Altamirano\/Zunoticia<\/em><\/p>\n\n\n\n<p><strong>Huejutla, Hgo<\/strong>.- Seg\u00fan las cr\u00f3nicas hist\u00f3ricas, el llamado &#8220;Festejo patrio&#8221;, tendiente a llevarse a cabo cada a\u00f1o el 15 de septiembre, aunado a conmemorar la Independencia de M\u00e9xico, a trav\u00e9s de los a\u00f1os desde 1812 o 1813, en que fue la primera fecha, ha impulsado la identidad nacional.<\/p>\n\n\n\n<p>Por tal motivo, personal adscrito al ayuntamiento que preside Daniel Andrade Zurutuza, inici\u00f3 la ma\u00f1ana de este s\u00e1bado, los trabajos ornamentales para el festejo patrio correspondiente al 2023, consistentes en colocar adornos alusivos a lo largo y ancho de la avenida Revoluci\u00f3n.<\/p>\n\n\n\n<p>Las labores, est\u00e1n a cargo de empleados del \u00e1rea de Mantenimiento y Log\u00edstica Municipal, cuyo director es Salvador Rodr\u00edguez Orta; quienes, para tal efecto, en primer t\u00e9rmino, colocaban la red de electrificaci\u00f3n, elemento necesario.<\/p>\n\n\n\n<p>Al respecto, habitantes de la poblaci\u00f3n manifestaron que, el 15 de septiembre es sin duda la fecha m\u00e1s c\u00e9lebre y esperada de todos los mexicanos, ya que es el evento hist\u00f3rico que marc\u00f3 el inicio de la gesta de Independencia, la lucha por nuestra emancipaci\u00f3n.<\/p>\n\n\n\n<p>Rafael G\u00f3mez Bautista, vecino de Huejutla, coment\u00f3 que uno de los adornos considerados in\u00e9dito, el cual el municipio en fecha festiva del 15 de septiembre o Xantolo del a\u00f1o pasado, no recuerdo muy bien -aclar\u00f3-, coloc\u00f3 en la avenida Revoluci\u00f3n, fue una serie de paliacates, por lo que ojal\u00e1 y ahora haya otro singular, propio de la regi\u00f3n.<\/p>\n\n\n\n<figure class=\"wp-block-image size-full\"><img fetchpriority=\"high\" decoding=\"async\" width=\"940\" height=\"788\" src=\"https:\/\/www.zunoticia.com\/noticias-de-hidalgo\/wp-content\/uploads\/2023\/08\/Zunoticia-1-47.png\" alt=\"\" class=\"wp-image-500549\" srcset=\"https:\/\/www.zunoticia.com\/noticias-de-hidalgo\/wp-content\/uploads\/2023\/08\/Zunoticia-1-47.png 940w, https:\/\/www.zunoticia.com\/noticias-de-hidalgo\/wp-content\/uploads\/2023\/08\/Zunoticia-1-47-300x251.png 300w, https:\/\/www.zunoticia.com\/noticias-de-hidalgo\/wp-content\/uploads\/2023\/08\/Zunoticia-1-47-768x644.png 768w\" sizes=\"(max-width: 940px) 100vw, 940px\" \/><\/figure>\n","protected":false},"excerpt":{"rendered":"<p>Por Salvador Altamirano\/Zunoticia Huejutla, Hgo.- Seg\u00fan las cr\u00f3nicas hist\u00f3ricas, el llamado &#8220;Festejo patrio&#8221;, tendiente a llevarse a cabo cada a\u00f1o el 15 de septiembre, aunado a conmemorar la Independencia de M\u00e9xico, a trav\u00e9s de los a\u00f1os desde 1812 o 1813, en que fue la primera fecha, ha impulsado la identidad nacional. Por tal motivo, personal&hellip; <a class=\"more-link\" href=\"https:\/\/www.zunoticia.com\/noticias-de-hidalgo\/2023\/08\/26\/inician-los-trabajos-para-ornamentar-el-festejo-patrio-2023\/\">Seguir leyendo <span class=\"screen-reader-text\">Inician los trabajos para ornamentar el Festejo patrio 2023<\/span><\/a><\/p>\n","protected":false},"author":20,"featured_media":500548,"comment_status":"closed","ping_status":"open","sticky":false,"template":"","format":"standard","meta":{"rop_custom_images_group":[],"rop_custom_messages_group":[],"rop_publish_now":"initial","rop_publish_now_accounts":{"facebook_10159540855086992_322828327761733":""},"rop_publish_now_history":[],"rop_publish_now_status":"pending","footnotes":""},"categories":[181],"tags":[121],"class_list":["post-500547","post","type-post","status-publish","format-standard","has-post-thumbnail","hentry","category-huejutla","tag-huejutla","entry"],"_links":{"self":[{"href":"https:\/\/www.zunoticia.com\/noticias-de-hidalgo\/wp-json\/wp\/v2\/posts\/500547","targetHints":{"allow":["GET"]}}],"collection":[{"href":"https:\/\/www.zunoticia.com\/noticias-de-hidalgo\/wp-json\/wp\/v2\/posts"}],"about":[{"href":"https:\/\/www.zunoticia.com\/noticias-de-hidalgo\/wp-json\/wp\/v2\/types\/post"}],"author":[{"embeddable":true,"href":"https:\/\/www.zunoticia.com\/noticias-de-hidalgo\/wp-json\/wp\/v2\/users\/20"}],"replies":[{"embeddable":true,"href":"https:\/\/www.zunoticia.com\/noticias-de-hidalgo\/wp-json\/wp\/v2\/comments?post=500547"}],"version-history":[{"count":1,"href":"https:\/\/www.zunoticia.com\/noticias-de-hidalgo\/wp-json\/wp\/v2\/posts\/500547\/revisions"}],"predecessor-version":[{"id":500550,"href":"https:\/\/www.zunoticia.com\/noticias-de-hidalgo\/wp-json\/wp\/v2\/posts\/500547\/revisions\/500550"}],"wp:featuredmedia":[{"embeddable":true,"href":"https:\/\/www.zunoticia.com\/noticias-de-hidalgo\/wp-json\/wp\/v2\/media\/500548"}],"wp:attachment":[{"href":"https:\/\/www.zunoticia.com\/noticias-de-hidalgo\/wp-json\/wp\/v2\/media?parent=500547"}],"wp:term":[{"taxonomy":"category","embeddable":true,"href":"https:\/\/www.zunoticia.com\/noticias-de-hidalgo\/wp-json\/wp\/v2\/categories?post=500547"},{"taxonomy":"post_tag","embeddable":true,"href":"https:\/\/www.zunoticia.com\/noticias-de-hidalgo\/wp-json\/wp\/v2\/tags?post=500547"}],"curies":[{"name":"wp","href":"https:\/\/api.w.org\/{rel}","templated":true}]}}