{"id":500551,"date":"2023-08-26T17:11:37","date_gmt":"2023-08-26T23:11:37","guid":{"rendered":"https:\/\/www.zunoticia.com\/noticias-de-hidalgo\/?p=500551"},"modified":"2023-08-26T17:11:38","modified_gmt":"2023-08-26T23:11:38","slug":"obispos-participan-en-encuentro-de-remam","status":"publish","type":"post","link":"https:\/\/www.zunoticia.com\/noticias-de-hidalgo\/2023\/08\/26\/obispos-participan-en-encuentro-de-remam\/","title":{"rendered":"Obispos participan en Encuentro de REMAM"},"content":{"rendered":"<aside class=\"mashsb-container mashsb-main mashsb-stretched\"><div class=\"mashsb-box\"><div class=\"mashsb-count mash-large\" style=\"float:left\"><div class=\"counts mashsbcount\">32<\/div><span class=\"mashsb-sharetext\">SHARES<\/span><\/div><div class=\"mashsb-buttons\"><a class=\"mashicon-facebook mash-large mash-center mashsb-noshadow\" href=\"https:\/\/www.facebook.com\/sharer.php?u=https%3A%2F%2Fwww.zunoticia.com%2Fnoticias-de-hidalgo%2F2023%2F08%2F26%2Fobispos-participan-en-encuentro-de-remam%2F\" target=\"_top\" rel=\"nofollow\"><span class=\"icon\"><\/span><span class=\"text\">Share<\/span><\/a><a class=\"mashicon-twitter mash-large mash-center mashsb-noshadow\" href=\"https:\/\/twitter.com\/intent\/tweet?text=&amp;url=https:\/\/www.zunoticia.com\/noticias-de-hidalgo\/2023\/08\/26\/obispos-participan-en-encuentro-de-remam\/\" target=\"_top\" rel=\"nofollow\"><span class=\"icon\"><\/span><span class=\"text\">Tweet<\/span><\/a><div class=\"onoffswitch2 mash-large mashsb-noshadow\" style=\"display:none\"><\/div><\/div>\n            <\/div>\n                <div style=\"clear:both\"><\/div><div class=\"mashsb-toggle-container\"><\/div><\/aside>\n            <!-- Share buttons by mashshare.net - Version: 4.0.47-->\n<p><em>Por Enedino Hern\u00e1ndez\/Zunoticia<\/em><\/p>\n\n\n\n<p><strong>Huejutla, Hgo.-<\/strong> Un buen n\u00famero de Obispos de M\u00e9xico y representantes de diversas organizaciones de fieles cat\u00f3licos, participaron durante tres d\u00edas de este fin de semana en la Ciudad de M\u00e9xico, en el Encuentro de REMAN.<\/p>\n\n\n\n<p>El Obispo de la Di\u00f3cesis de Huejutla de Reyes, Jos\u00e9 Hir\u00e1is Acosta Beltr\u00e1n; se\u00f1al\u00f3 que, el Encuentro de REMAN 2023 se llev\u00f3 a cabo en la Ciudad de M\u00e9xico durante los d\u00edas jueves, viernes y s\u00e1bado de este fin de semana.<\/p>\n\n\n\n<p>Detall\u00f3 que, el encuentro de REMAM cap\u00edtulo M\u00e9xico (Red Eclesial Ecol\u00f3gica Mesoamericana) se llev\u00f3 a cabo con el objetivo de continuar creando redes de conciencia y trabajo a favor del cuidado de la casa com\u00fan o de la madre tierra.<\/p>\n\n\n\n<p>Asimismo, dijo que, todo esto es para que los humanos, que somos los seres superiores en la obra de la creaci\u00f3n, podamos tener una mejor vida, libre de contaminantes que causan mucho da\u00f1o a la alimentaci\u00f3n y salud.<\/p>\n\n\n\n<p>Jos\u00e9 Hir\u00e1is Acosta Beltr\u00e1n, expone que, en el Encuentro de la REMAM, se reconoce a los campesinos, pueblos originarios habitantes de las ciudades, congregaciones religiosas, responsables diocesanos, movimientos laicales, procesos en defensa del cuidado de la casa com\u00fan mir\u00e1ndonos como una red.<\/p>\n\n\n\n<figure class=\"wp-block-gallery has-nested-images columns-default is-cropped wp-block-gallery-1 is-layout-flex wp-block-gallery-is-layout-flex\">\n<figure class=\"wp-block-image size-large\"><img fetchpriority=\"high\" decoding=\"async\" width=\"940\" height=\"788\" data-id=\"500554\" src=\"https:\/\/www.zunoticia.com\/noticias-de-hidalgo\/wp-content\/uploads\/2023\/08\/Zunoticia-2-19.png\" alt=\"\" class=\"wp-image-500554\" srcset=\"https:\/\/www.zunoticia.com\/noticias-de-hidalgo\/wp-content\/uploads\/2023\/08\/Zunoticia-2-19.png 940w, https:\/\/www.zunoticia.com\/noticias-de-hidalgo\/wp-content\/uploads\/2023\/08\/Zunoticia-2-19-300x251.png 300w, https:\/\/www.zunoticia.com\/noticias-de-hidalgo\/wp-content\/uploads\/2023\/08\/Zunoticia-2-19-768x644.png 768w\" sizes=\"(max-width: 940px) 100vw, 940px\" \/><\/figure>\n\n\n\n<figure class=\"wp-block-image size-large\"><img decoding=\"async\" width=\"940\" height=\"788\" data-id=\"500555\" src=\"https:\/\/www.zunoticia.com\/noticias-de-hidalgo\/wp-content\/uploads\/2023\/08\/Zunoticia-1-48.png\" alt=\"\" class=\"wp-image-500555\" srcset=\"https:\/\/www.zunoticia.com\/noticias-de-hidalgo\/wp-content\/uploads\/2023\/08\/Zunoticia-1-48.png 940w, https:\/\/www.zunoticia.com\/noticias-de-hidalgo\/wp-content\/uploads\/2023\/08\/Zunoticia-1-48-300x251.png 300w, https:\/\/www.zunoticia.com\/noticias-de-hidalgo\/wp-content\/uploads\/2023\/08\/Zunoticia-1-48-768x644.png 768w\" sizes=\"(max-width: 940px) 100vw, 940px\" \/><\/figure>\n<\/figure>\n","protected":false},"excerpt":{"rendered":"<p>Por Enedino Hern\u00e1ndez\/Zunoticia Huejutla, Hgo.- Un buen n\u00famero de Obispos de M\u00e9xico y representantes de diversas organizaciones de fieles cat\u00f3licos, participaron durante tres d\u00edas de este fin de semana en la Ciudad de M\u00e9xico, en el Encuentro de REMAN. El Obispo de la Di\u00f3cesis de Huejutla de Reyes, Jos\u00e9 Hir\u00e1is Acosta Beltr\u00e1n; se\u00f1al\u00f3 que, el&hellip; <a class=\"more-link\" href=\"https:\/\/www.zunoticia.com\/noticias-de-hidalgo\/2023\/08\/26\/obispos-participan-en-encuentro-de-remam\/\">Seguir leyendo <span class=\"screen-reader-text\">Obispos participan en Encuentro de REMAM<\/span><\/a><\/p>\n","protected":false},"author":20,"featured_media":500552,"comment_status":"closed","ping_status":"open","sticky":false,"template":"","format":"standard","meta":{"rop_custom_images_group":[],"rop_custom_messages_group":[],"rop_publish_now":"initial","rop_publish_now_accounts":{"facebook_10159540855086992_322828327761733":""},"rop_publish_now_history":[],"rop_publish_now_status":"pending","footnotes":""},"categories":[181],"tags":[121],"class_list":["post-500551","post","type-post","status-publish","format-standard","has-post-thumbnail","hentry","category-huejutla","tag-huejutla","entry"],"_links":{"self":[{"href":"https:\/\/www.zunoticia.com\/noticias-de-hidalgo\/wp-json\/wp\/v2\/posts\/500551","targetHints":{"allow":["GET"]}}],"collection":[{"href":"https:\/\/www.zunoticia.com\/noticias-de-hidalgo\/wp-json\/wp\/v2\/posts"}],"about":[{"href":"https:\/\/www.zunoticia.com\/noticias-de-hidalgo\/wp-json\/wp\/v2\/types\/post"}],"author":[{"embeddable":true,"href":"https:\/\/www.zunoticia.com\/noticias-de-hidalgo\/wp-json\/wp\/v2\/users\/20"}],"replies":[{"embeddable":true,"href":"https:\/\/www.zunoticia.com\/noticias-de-hidalgo\/wp-json\/wp\/v2\/comments?post=500551"}],"version-history":[{"count":1,"href":"https:\/\/www.zunoticia.com\/noticias-de-hidalgo\/wp-json\/wp\/v2\/posts\/500551\/revisions"}],"predecessor-version":[{"id":500556,"href":"https:\/\/www.zunoticia.com\/noticias-de-hidalgo\/wp-json\/wp\/v2\/posts\/500551\/revisions\/500556"}],"wp:featuredmedia":[{"embeddable":true,"href":"https:\/\/www.zunoticia.com\/noticias-de-hidalgo\/wp-json\/wp\/v2\/media\/500552"}],"wp:attachment":[{"href":"https:\/\/www.zunoticia.com\/noticias-de-hidalgo\/wp-json\/wp\/v2\/media?parent=500551"}],"wp:term":[{"taxonomy":"category","embeddable":true,"href":"https:\/\/www.zunoticia.com\/noticias-de-hidalgo\/wp-json\/wp\/v2\/categories?post=500551"},{"taxonomy":"post_tag","embeddable":true,"href":"https:\/\/www.zunoticia.com\/noticias-de-hidalgo\/wp-json\/wp\/v2\/tags?post=500551"}],"curies":[{"name":"wp","href":"https:\/\/api.w.org\/{rel}","templated":true}]}}