{"id":500625,"date":"2023-08-27T15:21:30","date_gmt":"2023-08-27T21:21:30","guid":{"rendered":"https:\/\/www.zunoticia.com\/noticias-de-hidalgo\/?p=500625"},"modified":"2023-08-27T15:21:31","modified_gmt":"2023-08-27T21:21:31","slug":"chocan-dos-camionetas-6","status":"publish","type":"post","link":"https:\/\/www.zunoticia.com\/noticias-de-hidalgo\/2023\/08\/27\/chocan-dos-camionetas-6\/","title":{"rendered":"Chocan dos camionetas"},"content":{"rendered":"<aside class=\"mashsb-container mashsb-main mashsb-stretched\"><div class=\"mashsb-box\"><div class=\"mashsb-count mash-large\" style=\"float:left\"><div class=\"counts mashsbcount\">41<\/div><span class=\"mashsb-sharetext\">SHARES<\/span><\/div><div class=\"mashsb-buttons\"><a class=\"mashicon-facebook mash-large mash-center mashsb-noshadow\" href=\"https:\/\/www.facebook.com\/sharer.php?u=https%3A%2F%2Fwww.zunoticia.com%2Fnoticias-de-hidalgo%2F2023%2F08%2F27%2Fchocan-dos-camionetas-6%2F\" target=\"_top\" rel=\"nofollow\"><span class=\"icon\"><\/span><span class=\"text\">Share<\/span><\/a><a class=\"mashicon-twitter mash-large mash-center mashsb-noshadow\" href=\"https:\/\/twitter.com\/intent\/tweet?text=&amp;url=https:\/\/www.zunoticia.com\/noticias-de-hidalgo\/2023\/08\/27\/chocan-dos-camionetas-6\/\" target=\"_top\" rel=\"nofollow\"><span class=\"icon\"><\/span><span class=\"text\">Tweet<\/span><\/a><div class=\"onoffswitch2 mash-large mashsb-noshadow\" style=\"display:none\"><\/div><\/div>\n            <\/div>\n                <div style=\"clear:both\"><\/div><div class=\"mashsb-toggle-container\"><\/div><\/aside>\n            <!-- Share buttons by mashshare.net - Version: 4.0.47-->\n<p><em>Por Francisco Rosas\/Zunoticia<\/em><\/p>\n\n\n\n<p><strong>Huejutla, Hgo.-<\/strong> Debido a la imprudencia de uno de los conductores, la tarde de este domingo se registr\u00f3 un choque entre dos camionetas en el bulevar central de la carretera M\u00e9xico &#8211; Tampico, a la altura de la tienda comercial Chedraui de esta ciudad.<\/p>\n\n\n\n<p>El percance fue entre una camioneta Renault Captur de color gris, con placas de circulaci\u00f3n HLT-873-D del estado de Hidalgo y un veh\u00edculo Honda de color blanco sin placas de circulaci\u00f3n.<\/p>\n\n\n\n<p>Agentes de la direcci\u00f3n de Tr\u00e1nsito y Vialidad Municipal que tomaron conocimiento de los hechos, informaron que en el incidente no hubo personas lesionadas, solo da\u00f1os materiales, no obstante, tras la intervenci\u00f3n de las autoridades, los conductores implicados llegaron a un acuerdo para la reparaci\u00f3n de las unidades motoras.<\/p>\n","protected":false},"excerpt":{"rendered":"<p>Por Francisco Rosas\/Zunoticia Huejutla, Hgo.- Debido a la imprudencia de uno de los conductores, la tarde de este domingo se registr\u00f3 un choque entre dos camionetas en el bulevar central de la carretera M\u00e9xico &#8211; Tampico, a la altura de la tienda comercial Chedraui de esta ciudad. El percance fue entre una camioneta Renault Captur&hellip; <a class=\"more-link\" href=\"https:\/\/www.zunoticia.com\/noticias-de-hidalgo\/2023\/08\/27\/chocan-dos-camionetas-6\/\">Seguir leyendo <span class=\"screen-reader-text\">Chocan dos camionetas<\/span><\/a><\/p>\n","protected":false},"author":12,"featured_media":500637,"comment_status":"closed","ping_status":"open","sticky":false,"template":"","format":"standard","meta":{"rop_custom_images_group":[],"rop_custom_messages_group":[],"rop_publish_now":"initial","rop_publish_now_accounts":{"facebook_10159540855086992_322828327761733":""},"rop_publish_now_history":[],"rop_publish_now_status":"pending","footnotes":""},"categories":[178],"tags":[259],"class_list":["post-500625","post","type-post","status-publish","format-standard","has-post-thumbnail","hentry","category-policiaca","tag-policiaca","entry"],"_links":{"self":[{"href":"https:\/\/www.zunoticia.com\/noticias-de-hidalgo\/wp-json\/wp\/v2\/posts\/500625","targetHints":{"allow":["GET"]}}],"collection":[{"href":"https:\/\/www.zunoticia.com\/noticias-de-hidalgo\/wp-json\/wp\/v2\/posts"}],"about":[{"href":"https:\/\/www.zunoticia.com\/noticias-de-hidalgo\/wp-json\/wp\/v2\/types\/post"}],"author":[{"embeddable":true,"href":"https:\/\/www.zunoticia.com\/noticias-de-hidalgo\/wp-json\/wp\/v2\/users\/12"}],"replies":[{"embeddable":true,"href":"https:\/\/www.zunoticia.com\/noticias-de-hidalgo\/wp-json\/wp\/v2\/comments?post=500625"}],"version-history":[{"count":1,"href":"https:\/\/www.zunoticia.com\/noticias-de-hidalgo\/wp-json\/wp\/v2\/posts\/500625\/revisions"}],"predecessor-version":[{"id":500642,"href":"https:\/\/www.zunoticia.com\/noticias-de-hidalgo\/wp-json\/wp\/v2\/posts\/500625\/revisions\/500642"}],"wp:featuredmedia":[{"embeddable":true,"href":"https:\/\/www.zunoticia.com\/noticias-de-hidalgo\/wp-json\/wp\/v2\/media\/500637"}],"wp:attachment":[{"href":"https:\/\/www.zunoticia.com\/noticias-de-hidalgo\/wp-json\/wp\/v2\/media?parent=500625"}],"wp:term":[{"taxonomy":"category","embeddable":true,"href":"https:\/\/www.zunoticia.com\/noticias-de-hidalgo\/wp-json\/wp\/v2\/categories?post=500625"},{"taxonomy":"post_tag","embeddable":true,"href":"https:\/\/www.zunoticia.com\/noticias-de-hidalgo\/wp-json\/wp\/v2\/tags?post=500625"}],"curies":[{"name":"wp","href":"https:\/\/api.w.org\/{rel}","templated":true}]}}