{"id":500647,"date":"2023-08-27T17:06:49","date_gmt":"2023-08-27T23:06:49","guid":{"rendered":"https:\/\/www.zunoticia.com\/noticias-de-hidalgo\/?p=500647"},"modified":"2023-08-27T17:06:50","modified_gmt":"2023-08-27T23:06:50","slug":"daniel-andrade-clausuro-cursos-de-verano-de-cultura-y-las-artes","status":"publish","type":"post","link":"https:\/\/www.zunoticia.com\/noticias-de-hidalgo\/2023\/08\/27\/daniel-andrade-clausuro-cursos-de-verano-de-cultura-y-las-artes\/","title":{"rendered":"Daniel Andrade clausur\u00f3 cursos de verano de Cultura y las Artes"},"content":{"rendered":"<aside class=\"mashsb-container mashsb-main mashsb-stretched\"><div class=\"mashsb-box\"><div class=\"mashsb-count mash-large\" style=\"float:left\"><div class=\"counts mashsbcount\">0<\/div><span class=\"mashsb-sharetext\">SHARES<\/span><\/div><div class=\"mashsb-buttons\"><a class=\"mashicon-facebook mash-large mash-center mashsb-noshadow\" href=\"https:\/\/www.facebook.com\/sharer.php?u=https%3A%2F%2Fwww.zunoticia.com%2Fnoticias-de-hidalgo%2F2023%2F08%2F27%2Fdaniel-andrade-clausuro-cursos-de-verano-de-cultura-y-las-artes%2F\" target=\"_top\" rel=\"nofollow\"><span class=\"icon\"><\/span><span class=\"text\">Share<\/span><\/a><a class=\"mashicon-twitter mash-large mash-center mashsb-noshadow\" href=\"https:\/\/twitter.com\/intent\/tweet?text=&amp;url=https:\/\/www.zunoticia.com\/noticias-de-hidalgo\/2023\/08\/27\/daniel-andrade-clausuro-cursos-de-verano-de-cultura-y-las-artes\/\" target=\"_top\" rel=\"nofollow\"><span class=\"icon\"><\/span><span class=\"text\">Tweet<\/span><\/a><div class=\"onoffswitch2 mash-large mashsb-noshadow\" style=\"display:none\"><\/div><\/div>\n            <\/div>\n                <div style=\"clear:both\"><\/div><div class=\"mashsb-toggle-container\"><\/div><\/aside>\n            <!-- Share buttons by mashshare.net - Version: 4.0.47-->\n<p><em>Por Karen Rivera\/Zunoticia<\/em><\/p>\n\n\n\n<p><strong>Huejutla de Reyes, Hgo.-<\/strong> En la comunidad de Xionaxtla los ni\u00f1os participaron dentro de los cursos de verano que el Centro Estatal para la Cultura y las Artes de Hidalgo imparti\u00f3 del 14 al 25 de agosto.<\/p>\n\n\n\n<p>Dichos cursos se llevaron a cabo en coordinaci\u00f3n con el Departamento de Cultura Municipal.<\/p>\n\n\n\n<p>El Presidente Municipal, Daniel Andrade, encabez\u00f3 la ceremonia de clausura en la que se entregaron constancias a los peque\u00f1itos que participaron en este curso.<\/p>\n\n\n\n<figure class=\"wp-block-image size-large\"><img fetchpriority=\"high\" decoding=\"async\" width=\"1024\" height=\"768\" src=\"https:\/\/www.zunoticia.com\/noticias-de-hidalgo\/wp-content\/uploads\/2023\/08\/eZy-Watermark-27-08-2023-02-48-26-4350p.m.-1024x768.jpg\" alt=\"\" class=\"wp-image-500630\" srcset=\"https:\/\/www.zunoticia.com\/noticias-de-hidalgo\/wp-content\/uploads\/2023\/08\/eZy-Watermark-27-08-2023-02-48-26-4350p.m.-1024x768.jpg 1024w, https:\/\/www.zunoticia.com\/noticias-de-hidalgo\/wp-content\/uploads\/2023\/08\/eZy-Watermark-27-08-2023-02-48-26-4350p.m.-300x225.jpg 300w, https:\/\/www.zunoticia.com\/noticias-de-hidalgo\/wp-content\/uploads\/2023\/08\/eZy-Watermark-27-08-2023-02-48-26-4350p.m.-768x576.jpg 768w, https:\/\/www.zunoticia.com\/noticias-de-hidalgo\/wp-content\/uploads\/2023\/08\/eZy-Watermark-27-08-2023-02-48-26-4350p.m..jpg 1080w\" sizes=\"(max-width: 1024px) 100vw, 1024px\" \/><\/figure>\n\n\n\n<p>Durante el taller elaboraron dibujos y pinturas que mostraron en la exhibici\u00f3n que se instal\u00f3 en el patio c\u00edvico de la escuela primaria de la citada localidad, trabajos a cargo de Aprico Abigail Acu\u00f1a Olivares, Maestra Tallerista.<\/p>\n\n\n\n<p>En su mensaje, el alcalde destac\u00f3 la importancia de respaldar toda iniciativa que promueva el arte y la cultura, principalmente cuando estos beneficios son acercados a zonas alejadas.<\/p>\n\n\n<div class=\"wp-block-image\">\n<figure class=\"aligncenter size-large\"><img decoding=\"async\" width=\"768\" height=\"1024\" src=\"https:\/\/www.zunoticia.com\/noticias-de-hidalgo\/wp-content\/uploads\/2023\/08\/eZy-Watermark-27-08-2023-02-47-51-0740p.m.-768x1024.jpg\" alt=\"\" class=\"wp-image-500631\" srcset=\"https:\/\/www.zunoticia.com\/noticias-de-hidalgo\/wp-content\/uploads\/2023\/08\/eZy-Watermark-27-08-2023-02-47-51-0740p.m.-768x1024.jpg 768w, https:\/\/www.zunoticia.com\/noticias-de-hidalgo\/wp-content\/uploads\/2023\/08\/eZy-Watermark-27-08-2023-02-47-51-0740p.m.-225x300.jpg 225w, https:\/\/www.zunoticia.com\/noticias-de-hidalgo\/wp-content\/uploads\/2023\/08\/eZy-Watermark-27-08-2023-02-47-51-0740p.m..jpg 1080w\" sizes=\"(max-width: 768px) 100vw, 768px\" \/><\/figure>\n<\/div>\n\n\n<p>Asegur\u00f3 que, mantendr\u00e1n el respaldo a las estrategias que les permitan, a trav\u00e9s de la uni\u00f3n de esfuerzos entre estado, municipios y poblaci\u00f3n en general, incentivar la creatividad y abrirle la puerta al mundo de las ideas a las nuevas generaciones.<\/p>\n\n\n\n<p>Por su parte, agreg\u00f3 Andrade Zurutuza que continuar\u00e1 con las gestiones para acercar estos talleres para el aprendizaje de los ni\u00f1os.<\/p>\n","protected":false},"excerpt":{"rendered":"<p>Por Karen Rivera\/Zunoticia Huejutla de Reyes, Hgo.- En la comunidad de Xionaxtla los ni\u00f1os participaron dentro de los cursos de verano que el Centro Estatal para la Cultura y las Artes de Hidalgo imparti\u00f3 del 14 al 25 de agosto. Dichos cursos se llevaron a cabo en coordinaci\u00f3n con el Departamento de Cultura Municipal. El&hellip; <a class=\"more-link\" href=\"https:\/\/www.zunoticia.com\/noticias-de-hidalgo\/2023\/08\/27\/daniel-andrade-clausuro-cursos-de-verano-de-cultura-y-las-artes\/\">Seguir leyendo <span class=\"screen-reader-text\">Daniel Andrade clausur\u00f3 cursos de verano de Cultura y las Artes<\/span><\/a><\/p>\n","protected":false},"author":12,"featured_media":500629,"comment_status":"closed","ping_status":"open","sticky":false,"template":"","format":"standard","meta":{"rop_custom_images_group":[],"rop_custom_messages_group":[],"rop_publish_now":"initial","rop_publish_now_accounts":{"facebook_10159540855086992_322828327761733":""},"rop_publish_now_history":[],"rop_publish_now_status":"pending","footnotes":""},"categories":[181],"tags":[121],"class_list":["post-500647","post","type-post","status-publish","format-standard","has-post-thumbnail","hentry","category-huejutla","tag-huejutla","entry"],"_links":{"self":[{"href":"https:\/\/www.zunoticia.com\/noticias-de-hidalgo\/wp-json\/wp\/v2\/posts\/500647","targetHints":{"allow":["GET"]}}],"collection":[{"href":"https:\/\/www.zunoticia.com\/noticias-de-hidalgo\/wp-json\/wp\/v2\/posts"}],"about":[{"href":"https:\/\/www.zunoticia.com\/noticias-de-hidalgo\/wp-json\/wp\/v2\/types\/post"}],"author":[{"embeddable":true,"href":"https:\/\/www.zunoticia.com\/noticias-de-hidalgo\/wp-json\/wp\/v2\/users\/12"}],"replies":[{"embeddable":true,"href":"https:\/\/www.zunoticia.com\/noticias-de-hidalgo\/wp-json\/wp\/v2\/comments?post=500647"}],"version-history":[{"count":1,"href":"https:\/\/www.zunoticia.com\/noticias-de-hidalgo\/wp-json\/wp\/v2\/posts\/500647\/revisions"}],"predecessor-version":[{"id":500649,"href":"https:\/\/www.zunoticia.com\/noticias-de-hidalgo\/wp-json\/wp\/v2\/posts\/500647\/revisions\/500649"}],"wp:featuredmedia":[{"embeddable":true,"href":"https:\/\/www.zunoticia.com\/noticias-de-hidalgo\/wp-json\/wp\/v2\/media\/500629"}],"wp:attachment":[{"href":"https:\/\/www.zunoticia.com\/noticias-de-hidalgo\/wp-json\/wp\/v2\/media?parent=500647"}],"wp:term":[{"taxonomy":"category","embeddable":true,"href":"https:\/\/www.zunoticia.com\/noticias-de-hidalgo\/wp-json\/wp\/v2\/categories?post=500647"},{"taxonomy":"post_tag","embeddable":true,"href":"https:\/\/www.zunoticia.com\/noticias-de-hidalgo\/wp-json\/wp\/v2\/tags?post=500647"}],"curies":[{"name":"wp","href":"https:\/\/api.w.org\/{rel}","templated":true}]}}