{"id":500651,"date":"2023-08-27T17:11:08","date_gmt":"2023-08-27T23:11:08","guid":{"rendered":"https:\/\/www.zunoticia.com\/noticias-de-hidalgo\/?p=500651"},"modified":"2023-08-27T17:11:09","modified_gmt":"2023-08-27T23:11:09","slug":"consideran-40-de-avance-fisico-en-proyecto-de-rehabilitacion-de-palapas-en-parque-ecologico","status":"publish","type":"post","link":"https:\/\/www.zunoticia.com\/noticias-de-hidalgo\/2023\/08\/27\/consideran-40-de-avance-fisico-en-proyecto-de-rehabilitacion-de-palapas-en-parque-ecologico\/","title":{"rendered":"Consideran 40 % de avance f\u00edsico en proyecto de rehabilitaci\u00f3n de palapas en Parque Ecol\u00f3gico"},"content":{"rendered":"<aside class=\"mashsb-container mashsb-main mashsb-stretched\"><div class=\"mashsb-box\"><div class=\"mashsb-count mash-large\" style=\"float:left\"><div class=\"counts mashsbcount\">6<\/div><span class=\"mashsb-sharetext\">SHARES<\/span><\/div><div class=\"mashsb-buttons\"><a class=\"mashicon-facebook mash-large mash-center mashsb-noshadow\" href=\"https:\/\/www.facebook.com\/sharer.php?u=https%3A%2F%2Fwww.zunoticia.com%2Fnoticias-de-hidalgo%2F2023%2F08%2F27%2Fconsideran-40-de-avance-fisico-en-proyecto-de-rehabilitacion-de-palapas-en-parque-ecologico%2F\" target=\"_top\" rel=\"nofollow\"><span class=\"icon\"><\/span><span class=\"text\">Share<\/span><\/a><a class=\"mashicon-twitter mash-large mash-center mashsb-noshadow\" href=\"https:\/\/twitter.com\/intent\/tweet?text=&amp;url=https:\/\/www.zunoticia.com\/noticias-de-hidalgo\/2023\/08\/27\/consideran-40-de-avance-fisico-en-proyecto-de-rehabilitacion-de-palapas-en-parque-ecologico\/\" target=\"_top\" rel=\"nofollow\"><span class=\"icon\"><\/span><span class=\"text\">Tweet<\/span><\/a><div class=\"onoffswitch2 mash-large mashsb-noshadow\" style=\"display:none\"><\/div><\/div>\n            <\/div>\n                <div style=\"clear:both\"><\/div><div class=\"mashsb-toggle-container\"><\/div><\/aside>\n            <!-- Share buttons by mashshare.net - Version: 4.0.47-->\n<p><em>Por Salvador Altamirano\/Zunoticia<\/em><\/p>\n\n\n\n<p><strong>Huejutla, Hgo.-<\/strong> Con el apoyo del Presidente Municipal, Daniel Andrade Zurutuza, se est\u00e1 llevando a cabo una segunda etapa de rehabilitaci\u00f3n en el Parque Ecol\u00f3gico, la cual consiste, concretamente, en la rehabilitaci\u00f3n de palapas.<\/p>\n\n\n\n<p>Lo anterior fue expresado por el director general de la dependencia de Ecolog\u00eda y Sustentabilidad Municipal, Gabriel Hern\u00e1ndez Romero, quien detall\u00f3 que hay un total de 12 palapas, tres de grandes dimensiones y 9 m\u00e1s peque\u00f1as.<\/p>\n\n\n<div class=\"wp-block-image\">\n<figure class=\"aligncenter size-large\"><img fetchpriority=\"high\" decoding=\"async\" width=\"768\" height=\"1024\" src=\"https:\/\/www.zunoticia.com\/noticias-de-hidalgo\/wp-content\/uploads\/2023\/08\/eZy-Watermark-27-08-2023-02-49-06-1610p.m.-768x1024.jpg\" alt=\"\" class=\"wp-image-500628\" srcset=\"https:\/\/www.zunoticia.com\/noticias-de-hidalgo\/wp-content\/uploads\/2023\/08\/eZy-Watermark-27-08-2023-02-49-06-1610p.m.-768x1024.jpg 768w, https:\/\/www.zunoticia.com\/noticias-de-hidalgo\/wp-content\/uploads\/2023\/08\/eZy-Watermark-27-08-2023-02-49-06-1610p.m.-225x300.jpg 225w, https:\/\/www.zunoticia.com\/noticias-de-hidalgo\/wp-content\/uploads\/2023\/08\/eZy-Watermark-27-08-2023-02-49-06-1610p.m.-1152x1536.jpg 1152w, https:\/\/www.zunoticia.com\/noticias-de-hidalgo\/wp-content\/uploads\/2023\/08\/eZy-Watermark-27-08-2023-02-49-06-1610p.m..jpg 1200w\" sizes=\"(max-width: 768px) 100vw, 768px\" \/><\/figure>\n<\/div>\n\n\n<p>Agreg\u00f3 que, hasta la fecha se han rehabilitado dos palapas grandes y similar n\u00famero de peque\u00f1as, por lo que se considera un 40 % de avance f\u00edsico en el segundo proyecto de rehabilitaci\u00f3n en el Parque Ecol\u00f3gico.<\/p>\n\n\n\n<p>Para finalizar, enfatiz\u00f3 que los trabajos de reparaci\u00f3n est\u00e1n previstos para que concluyan el mes pr\u00f3ximo, antes del 15 de septiembre, para que las personas puedan acudir en esa fecha a disfrutar de un d\u00eda de convivi\u00f3 familiar o de manera personal.<\/p>\n","protected":false},"excerpt":{"rendered":"<p>Por Salvador Altamirano\/Zunoticia Huejutla, Hgo.- Con el apoyo del Presidente Municipal, Daniel Andrade Zurutuza, se est\u00e1 llevando a cabo una segunda etapa de rehabilitaci\u00f3n en el Parque Ecol\u00f3gico, la cual consiste, concretamente, en la rehabilitaci\u00f3n de palapas. Lo anterior fue expresado por el director general de la dependencia de Ecolog\u00eda y Sustentabilidad Municipal, Gabriel Hern\u00e1ndez&hellip; <a class=\"more-link\" href=\"https:\/\/www.zunoticia.com\/noticias-de-hidalgo\/2023\/08\/27\/consideran-40-de-avance-fisico-en-proyecto-de-rehabilitacion-de-palapas-en-parque-ecologico\/\">Seguir leyendo <span class=\"screen-reader-text\">Consideran 40 % de avance f\u00edsico en proyecto de rehabilitaci\u00f3n de palapas en Parque Ecol\u00f3gico<\/span><\/a><\/p>\n","protected":false},"author":12,"featured_media":500627,"comment_status":"closed","ping_status":"open","sticky":false,"template":"","format":"standard","meta":{"rop_custom_images_group":[],"rop_custom_messages_group":[],"rop_publish_now":"initial","rop_publish_now_accounts":{"facebook_10159540855086992_322828327761733":""},"rop_publish_now_history":[],"rop_publish_now_status":"pending","footnotes":""},"categories":[181],"tags":[121],"class_list":["post-500651","post","type-post","status-publish","format-standard","has-post-thumbnail","hentry","category-huejutla","tag-huejutla","entry"],"_links":{"self":[{"href":"https:\/\/www.zunoticia.com\/noticias-de-hidalgo\/wp-json\/wp\/v2\/posts\/500651","targetHints":{"allow":["GET"]}}],"collection":[{"href":"https:\/\/www.zunoticia.com\/noticias-de-hidalgo\/wp-json\/wp\/v2\/posts"}],"about":[{"href":"https:\/\/www.zunoticia.com\/noticias-de-hidalgo\/wp-json\/wp\/v2\/types\/post"}],"author":[{"embeddable":true,"href":"https:\/\/www.zunoticia.com\/noticias-de-hidalgo\/wp-json\/wp\/v2\/users\/12"}],"replies":[{"embeddable":true,"href":"https:\/\/www.zunoticia.com\/noticias-de-hidalgo\/wp-json\/wp\/v2\/comments?post=500651"}],"version-history":[{"count":1,"href":"https:\/\/www.zunoticia.com\/noticias-de-hidalgo\/wp-json\/wp\/v2\/posts\/500651\/revisions"}],"predecessor-version":[{"id":500652,"href":"https:\/\/www.zunoticia.com\/noticias-de-hidalgo\/wp-json\/wp\/v2\/posts\/500651\/revisions\/500652"}],"wp:featuredmedia":[{"embeddable":true,"href":"https:\/\/www.zunoticia.com\/noticias-de-hidalgo\/wp-json\/wp\/v2\/media\/500627"}],"wp:attachment":[{"href":"https:\/\/www.zunoticia.com\/noticias-de-hidalgo\/wp-json\/wp\/v2\/media?parent=500651"}],"wp:term":[{"taxonomy":"category","embeddable":true,"href":"https:\/\/www.zunoticia.com\/noticias-de-hidalgo\/wp-json\/wp\/v2\/categories?post=500651"},{"taxonomy":"post_tag","embeddable":true,"href":"https:\/\/www.zunoticia.com\/noticias-de-hidalgo\/wp-json\/wp\/v2\/tags?post=500651"}],"curies":[{"name":"wp","href":"https:\/\/api.w.org\/{rel}","templated":true}]}}