{"id":500663,"date":"2023-08-27T18:50:58","date_gmt":"2023-08-28T00:50:58","guid":{"rendered":"https:\/\/www.zunoticia.com\/noticias-de-hidalgo\/?p=500663"},"modified":"2023-08-27T18:50:59","modified_gmt":"2023-08-28T00:50:59","slug":"culminaron-cursos-de-verano-con-exposicion","status":"publish","type":"post","link":"https:\/\/www.zunoticia.com\/noticias-de-hidalgo\/2023\/08\/27\/culminaron-cursos-de-verano-con-exposicion\/","title":{"rendered":"Culminaron cursos de verano con exposici\u00f3n"},"content":{"rendered":"<aside class=\"mashsb-container mashsb-main mashsb-stretched\"><div class=\"mashsb-box\"><div class=\"mashsb-count mash-large\" style=\"float:left\"><div class=\"counts mashsbcount\">6<\/div><span class=\"mashsb-sharetext\">SHARES<\/span><\/div><div class=\"mashsb-buttons\"><a class=\"mashicon-facebook mash-large mash-center mashsb-noshadow\" href=\"https:\/\/www.facebook.com\/sharer.php?u=https%3A%2F%2Fwww.zunoticia.com%2Fnoticias-de-hidalgo%2F2023%2F08%2F27%2Fculminaron-cursos-de-verano-con-exposicion%2F\" target=\"_top\" rel=\"nofollow\"><span class=\"icon\"><\/span><span class=\"text\">Share<\/span><\/a><a class=\"mashicon-twitter mash-large mash-center mashsb-noshadow\" href=\"https:\/\/twitter.com\/intent\/tweet?text=&amp;url=https:\/\/www.zunoticia.com\/noticias-de-hidalgo\/2023\/08\/27\/culminaron-cursos-de-verano-con-exposicion\/\" target=\"_top\" rel=\"nofollow\"><span class=\"icon\"><\/span><span class=\"text\">Tweet<\/span><\/a><div class=\"onoffswitch2 mash-large mashsb-noshadow\" style=\"display:none\"><\/div><\/div>\n            <\/div>\n                <div style=\"clear:both\"><\/div><div class=\"mashsb-toggle-container\"><\/div><\/aside>\n            <!-- Share buttons by mashshare.net - Version: 4.0.47-->\n<p><em>Por \u00c1ngel Silverio\/Zunoticia<\/em><\/p>\n\n\n\n<p><strong>Jaltoc\u00e1n, Hgo.-<\/strong> Demostrando su creatividad y talento descubierto durante este periodo vacacional, ni\u00f1os y ni\u00f1as de este municipio que participaron en el curso de verano 2023 culminaron con una exposici\u00f3n de sus trabajos elaborados durante todo el taller.<\/p>\n\n\n\n<p>Gracias a las acciones coordinadas por parte de las \u00e1reas de Educaci\u00f3n, Biblioteca y PAMAR, este domingo se llev\u00f3 a cabo la clausura de las actividades llevadas a cabo en el &#8220;Curso de Verano 2023&#8221;, donde los ni\u00f1os participantes pudieron demostrar y exponer las habilidades aprendidas durante este curso.<\/p>\n\n\n\n<p>Reconociendo el arduo trabajo de cada uno de los involucrados durante el desarrollo de estas actividades, las autoridades felicitaron a los ni\u00f1os que asistieron, asimismo se les hizo entrega de un reconocimiento por su participaci\u00f3n.<\/p>\n\n\n\n<p>Durante este acto de clausura, los peque\u00f1os que participaron en este curso llevaron a cabo la exposici\u00f3n de sus manualidades, as\u00ed como de pinturas, entre otros trabajos que realizaron durante todo este periodo donde pudieron descubrir sus habilidades.<\/p>\n","protected":false},"excerpt":{"rendered":"<p>Por \u00c1ngel Silverio\/Zunoticia Jaltoc\u00e1n, Hgo.- Demostrando su creatividad y talento descubierto durante este periodo vacacional, ni\u00f1os y ni\u00f1as de este municipio que participaron en el curso de verano 2023 culminaron con una exposici\u00f3n de sus trabajos elaborados durante todo el taller. Gracias a las acciones coordinadas por parte de las \u00e1reas de Educaci\u00f3n, Biblioteca y&hellip; <a class=\"more-link\" href=\"https:\/\/www.zunoticia.com\/noticias-de-hidalgo\/2023\/08\/27\/culminaron-cursos-de-verano-con-exposicion\/\">Seguir leyendo <span class=\"screen-reader-text\">Culminaron cursos de verano con exposici\u00f3n<\/span><\/a><\/p>\n","protected":false},"author":12,"featured_media":500660,"comment_status":"closed","ping_status":"open","sticky":false,"template":"","format":"standard","meta":{"rop_custom_images_group":[],"rop_custom_messages_group":[],"rop_publish_now":"initial","rop_publish_now_accounts":{"facebook_10159540855086992_322828327761733":""},"rop_publish_now_history":[],"rop_publish_now_status":"pending","footnotes":""},"categories":[179,200],"tags":[131],"class_list":["post-500663","post","type-post","status-publish","format-standard","has-post-thumbnail","hentry","category-huasteca","category-jaltocan","tag-jaltocan","entry"],"_links":{"self":[{"href":"https:\/\/www.zunoticia.com\/noticias-de-hidalgo\/wp-json\/wp\/v2\/posts\/500663","targetHints":{"allow":["GET"]}}],"collection":[{"href":"https:\/\/www.zunoticia.com\/noticias-de-hidalgo\/wp-json\/wp\/v2\/posts"}],"about":[{"href":"https:\/\/www.zunoticia.com\/noticias-de-hidalgo\/wp-json\/wp\/v2\/types\/post"}],"author":[{"embeddable":true,"href":"https:\/\/www.zunoticia.com\/noticias-de-hidalgo\/wp-json\/wp\/v2\/users\/12"}],"replies":[{"embeddable":true,"href":"https:\/\/www.zunoticia.com\/noticias-de-hidalgo\/wp-json\/wp\/v2\/comments?post=500663"}],"version-history":[{"count":1,"href":"https:\/\/www.zunoticia.com\/noticias-de-hidalgo\/wp-json\/wp\/v2\/posts\/500663\/revisions"}],"predecessor-version":[{"id":500666,"href":"https:\/\/www.zunoticia.com\/noticias-de-hidalgo\/wp-json\/wp\/v2\/posts\/500663\/revisions\/500666"}],"wp:featuredmedia":[{"embeddable":true,"href":"https:\/\/www.zunoticia.com\/noticias-de-hidalgo\/wp-json\/wp\/v2\/media\/500660"}],"wp:attachment":[{"href":"https:\/\/www.zunoticia.com\/noticias-de-hidalgo\/wp-json\/wp\/v2\/media?parent=500663"}],"wp:term":[{"taxonomy":"category","embeddable":true,"href":"https:\/\/www.zunoticia.com\/noticias-de-hidalgo\/wp-json\/wp\/v2\/categories?post=500663"},{"taxonomy":"post_tag","embeddable":true,"href":"https:\/\/www.zunoticia.com\/noticias-de-hidalgo\/wp-json\/wp\/v2\/tags?post=500663"}],"curies":[{"name":"wp","href":"https:\/\/api.w.org\/{rel}","templated":true}]}}