{"id":500669,"date":"2023-08-27T19:11:15","date_gmt":"2023-08-28T01:11:15","guid":{"rendered":"https:\/\/www.zunoticia.com\/noticias-de-hidalgo\/?p=500669"},"modified":"2023-08-27T19:11:16","modified_gmt":"2023-08-28T01:11:16","slug":"destaca-diputado-coordinacion-entre-congreso-y-gobierno-por-un-mejor-hidalgo","status":"publish","type":"post","link":"https:\/\/www.zunoticia.com\/noticias-de-hidalgo\/2023\/08\/27\/destaca-diputado-coordinacion-entre-congreso-y-gobierno-por-un-mejor-hidalgo\/","title":{"rendered":"Destaca diputado coordinaci\u00f3n entre Congreso y Gobierno por un mejor Hidalgo"},"content":{"rendered":"<aside class=\"mashsb-container mashsb-main mashsb-stretched\"><div class=\"mashsb-box\"><div class=\"mashsb-count mash-large\" style=\"float:left\"><div class=\"counts mashsbcount\">1<\/div><span class=\"mashsb-sharetext\">SHARES<\/span><\/div><div class=\"mashsb-buttons\"><a class=\"mashicon-facebook mash-large mash-center mashsb-noshadow\" href=\"https:\/\/www.facebook.com\/sharer.php?u=https%3A%2F%2Fwww.zunoticia.com%2Fnoticias-de-hidalgo%2F2023%2F08%2F27%2Fdestaca-diputado-coordinacion-entre-congreso-y-gobierno-por-un-mejor-hidalgo%2F\" target=\"_top\" rel=\"nofollow\"><span class=\"icon\"><\/span><span class=\"text\">Share<\/span><\/a><a class=\"mashicon-twitter mash-large mash-center mashsb-noshadow\" href=\"https:\/\/twitter.com\/intent\/tweet?text=&amp;url=https:\/\/www.zunoticia.com\/noticias-de-hidalgo\/2023\/08\/27\/destaca-diputado-coordinacion-entre-congreso-y-gobierno-por-un-mejor-hidalgo\/\" target=\"_top\" rel=\"nofollow\"><span class=\"icon\"><\/span><span class=\"text\">Tweet<\/span><\/a><div class=\"onoffswitch2 mash-large mashsb-noshadow\" style=\"display:none\"><\/div><\/div>\n            <\/div>\n                <div style=\"clear:both\"><\/div><div class=\"mashsb-toggle-container\"><\/div><\/aside>\n            <!-- Share buttons by mashshare.net - Version: 4.0.47-->\n<p><em>Por Redacci\u00f3n\/Zunoticia<\/em><\/p>\n\n\n\n<p><strong>Pachuca, Hgo.-<\/strong> Es preciso legar un mejor estado para las pr\u00f3ximas generaciones, advirti\u00f3 el diputado local, Alejandro Enciso Arellano, quien recientemente entreg\u00f3 su informe de actividades.<\/p>\n\n\n\n<p>De acuerdo con el legislador, desde el gobierno del estado, con el acompa\u00f1amiento del Congreso local, se est\u00e1n impulsando pol\u00edticas p\u00fablicas que traen beneficios reales para la sociedad.<\/p>\n\n\n\n<p>\u201cExiste una adecuada coordinaci\u00f3n entre los poderes Ejecutivo y Legislativo, siempre en el marco del respeto a la divisi\u00f3n de poderes; no se trata de decir que si a todo, sino de tener responsabilidad hist\u00f3rica\u201d, indic\u00f3.<\/p>\n\n\n\n<p>As\u00ed, el legislador local, Expuso que a la fecha ha presentado m\u00e1s de 20 iniciativas, m\u00e1s de 15 acuerdos y exhortos a diferentes instancias gubernamentales, para temas como la seguridad, empleo y crisis h\u00eddrica, por mencionar solo algunos.<\/p>\n\n\n\n<p>En lo que se refiere a su agenda legislativa, Alejandro Enciso detall\u00f3 que preside una de las comisiones m\u00e1s importantes dentro del Congreso local, es decir, la de Legislaci\u00f3n y Puntos Constitucionales, desde la que se han dictaminado casi 200 iniciativas, abatiendo el rezago hasta en un 50 por ciento.<\/p>\n\n\n\n<p>En lo que concierne a la gesti\u00f3n social, inform\u00f3 que logr\u00f3 impulsar m\u00e1s de 60 acciones; adem\u00e1s de que llev\u00f3 a cabo jornadas m\u00e9dicas y de consultor\u00eda jur\u00eddica en barrios, colonias, ejidos y municipios varios.<\/p>\n\n\n\n<p>\u201cHa sido un a\u00f1o de mucho trabajo, sin embargo voy a redoblar esfuerzos para seguir aportando mi granito de arena, en la construcci\u00f3n del Hidalgo que nos merecemos todos\u201d, finaliz\u00f3.<\/p>\n","protected":false},"excerpt":{"rendered":"<p>Por Redacci\u00f3n\/Zunoticia Pachuca, Hgo.- Es preciso legar un mejor estado para las pr\u00f3ximas generaciones, advirti\u00f3 el diputado local, Alejandro Enciso Arellano, quien recientemente entreg\u00f3 su informe de actividades. De acuerdo con el legislador, desde el gobierno del estado, con el acompa\u00f1amiento del Congreso local, se est\u00e1n impulsando pol\u00edticas p\u00fablicas que traen beneficios reales para la&hellip; <a class=\"more-link\" href=\"https:\/\/www.zunoticia.com\/noticias-de-hidalgo\/2023\/08\/27\/destaca-diputado-coordinacion-entre-congreso-y-gobierno-por-un-mejor-hidalgo\/\">Seguir leyendo <span class=\"screen-reader-text\">Destaca diputado coordinaci\u00f3n entre Congreso y Gobierno por un mejor Hidalgo<\/span><\/a><\/p>\n","protected":false},"author":12,"featured_media":500673,"comment_status":"closed","ping_status":"open","sticky":false,"template":"","format":"standard","meta":{"rop_custom_images_group":[],"rop_custom_messages_group":[],"rop_publish_now":"initial","rop_publish_now_accounts":{"facebook_10159540855086992_322828327761733":""},"rop_publish_now_history":[],"rop_publish_now_status":"pending","footnotes":""},"categories":[208],"tags":[214],"class_list":["post-500669","post","type-post","status-publish","format-standard","has-post-thumbnail","hentry","category-estado","tag-estado","entry"],"_links":{"self":[{"href":"https:\/\/www.zunoticia.com\/noticias-de-hidalgo\/wp-json\/wp\/v2\/posts\/500669","targetHints":{"allow":["GET"]}}],"collection":[{"href":"https:\/\/www.zunoticia.com\/noticias-de-hidalgo\/wp-json\/wp\/v2\/posts"}],"about":[{"href":"https:\/\/www.zunoticia.com\/noticias-de-hidalgo\/wp-json\/wp\/v2\/types\/post"}],"author":[{"embeddable":true,"href":"https:\/\/www.zunoticia.com\/noticias-de-hidalgo\/wp-json\/wp\/v2\/users\/12"}],"replies":[{"embeddable":true,"href":"https:\/\/www.zunoticia.com\/noticias-de-hidalgo\/wp-json\/wp\/v2\/comments?post=500669"}],"version-history":[{"count":1,"href":"https:\/\/www.zunoticia.com\/noticias-de-hidalgo\/wp-json\/wp\/v2\/posts\/500669\/revisions"}],"predecessor-version":[{"id":500675,"href":"https:\/\/www.zunoticia.com\/noticias-de-hidalgo\/wp-json\/wp\/v2\/posts\/500669\/revisions\/500675"}],"wp:featuredmedia":[{"embeddable":true,"href":"https:\/\/www.zunoticia.com\/noticias-de-hidalgo\/wp-json\/wp\/v2\/media\/500673"}],"wp:attachment":[{"href":"https:\/\/www.zunoticia.com\/noticias-de-hidalgo\/wp-json\/wp\/v2\/media?parent=500669"}],"wp:term":[{"taxonomy":"category","embeddable":true,"href":"https:\/\/www.zunoticia.com\/noticias-de-hidalgo\/wp-json\/wp\/v2\/categories?post=500669"},{"taxonomy":"post_tag","embeddable":true,"href":"https:\/\/www.zunoticia.com\/noticias-de-hidalgo\/wp-json\/wp\/v2\/tags?post=500669"}],"curies":[{"name":"wp","href":"https:\/\/api.w.org\/{rel}","templated":true}]}}