{"id":500699,"date":"2023-08-27T20:03:08","date_gmt":"2023-08-28T02:03:08","guid":{"rendered":"https:\/\/www.zunoticia.com\/noticias-de-hidalgo\/?p=500699"},"modified":"2023-08-27T20:03:09","modified_gmt":"2023-08-28T02:03:09","slug":"firman-convenio-de-colaboracion-para-impulsar-empleo-formal-y-asesoria-en-normatividad-laboral","status":"publish","type":"post","link":"https:\/\/www.zunoticia.com\/noticias-de-hidalgo\/2023\/08\/27\/firman-convenio-de-colaboracion-para-impulsar-empleo-formal-y-asesoria-en-normatividad-laboral\/","title":{"rendered":"Firman Convenio de Colaboraci\u00f3n para impulsar empleo formal y asesor\u00eda en normatividad laboral"},"content":{"rendered":"<aside class=\"mashsb-container mashsb-main mashsb-stretched\"><div class=\"mashsb-box\"><div class=\"mashsb-count mash-large\" style=\"float:left\"><div class=\"counts mashsbcount\">25<\/div><span class=\"mashsb-sharetext\">SHARES<\/span><\/div><div class=\"mashsb-buttons\"><a class=\"mashicon-facebook mash-large mash-center mashsb-noshadow\" href=\"https:\/\/www.facebook.com\/sharer.php?u=https%3A%2F%2Fwww.zunoticia.com%2Fnoticias-de-hidalgo%2F2023%2F08%2F27%2Ffirman-convenio-de-colaboracion-para-impulsar-empleo-formal-y-asesoria-en-normatividad-laboral%2F\" target=\"_top\" rel=\"nofollow\"><span class=\"icon\"><\/span><span class=\"text\">Share<\/span><\/a><a class=\"mashicon-twitter mash-large mash-center mashsb-noshadow\" href=\"https:\/\/twitter.com\/intent\/tweet?text=&amp;url=https:\/\/www.zunoticia.com\/noticias-de-hidalgo\/2023\/08\/27\/firman-convenio-de-colaboracion-para-impulsar-empleo-formal-y-asesoria-en-normatividad-laboral\/\" target=\"_top\" rel=\"nofollow\"><span class=\"icon\"><\/span><span class=\"text\">Tweet<\/span><\/a><div class=\"onoffswitch2 mash-large mashsb-noshadow\" style=\"display:none\"><\/div><\/div>\n            <\/div>\n                <div style=\"clear:both\"><\/div><div class=\"mashsb-toggle-container\"><\/div><\/aside>\n            <!-- Share buttons by mashshare.net - Version: 4.0.47-->\n<ul class=\"wp-block-list\">\n<li>Permitir\u00e1 implementar estrategias conjuntas para acercar mayor oferta laboral a las y los buscadores de empleo.<\/li>\n\n\n\n<li>El sector empresarial podr\u00e1 obtener, entre otras, asesor\u00eda especializada en condiciones generales del trabajo, seguridad y salud.<\/li>\n<\/ul>\n\n\n\n<p><em>Por Redacci\u00f3n\/Zunoticia<\/em><\/p>\n\n\n\n<p><strong>Mineral de la Reforma, Hgo<\/strong><strong>.-<\/strong> \u201cEl gobierno de Julio Menchaca Salazar es aliado de las y los empresarios; no somos una instancia sancionadora\u201d, se\u00f1al\u00f3 \u00d3scar Javier Gonz\u00e1lez Hern\u00e1ndez, titular de la Secretar\u00eda del Trabajo y Previsi\u00f3n Social de Hidalgo (STPSH), durante la firma del Convenio de Colaboraci\u00f3n con la Confederaci\u00f3n Patronal de la Rep\u00fablica Mexicana (Coparmex) Hidalgo.<\/p>\n\n\n\n<p>En las instalaciones de la Cooperativa Pascual, en el municipio de Tizayuca, el secretario abund\u00f3: \u201cno somos una instancia sancionadora que los va a inspeccionar para ver qu\u00e9 faltas han cometido, eso se acab\u00f3; hoy somos aliados de los empresarios, vamos a inspeccionar, detectamos necesidades y los acompa\u00f1amos para solucionar y solventar esas fallas, no hay una sanci\u00f3n.\u201d<\/p>\n\n\n\n<p>Manifest\u00f3 que la indicaci\u00f3n del gobernador es vigilar el cumplimiento de los derechos laborales de las y los trabajadores, as\u00ed como que los empresarios desempe\u00f1en sus actividades en cumplimiento a la normativa laboral, con voluntad y disposici\u00f3n.<\/p>\n\n\n\n<p>Adem\u00e1s, precis\u00f3 que el acuerdo permitir\u00e1 realizar acciones dirigidas de vinculaci\u00f3n laboral, entre quienes se encuentran en la b\u00fasqueda de una oferta de trabajo y de empresas que requieren talento, integradas a la Coparmex, a trav\u00e9s del Servicio Nacional de Empleo, con lo que se fomenta la generaci\u00f3n de trabajos formales.<\/p>\n\n\n\n<p>El convenio tambi\u00e9n involucra la capacitaci\u00f3n para el trabajo a la poblaci\u00f3n, con lo que se facilita su incorporaci\u00f3n al mercado laboral en las opciones ofertadas por los agremiados a la Confederaci\u00f3n patronal.<\/p>\n\n\n\n<p>El presidente de la Coparmex, Juan Manuel Batres Campos, indic\u00f3 que resulta de gran inter\u00e9s establecer bases de cooperaci\u00f3n, para el dise\u00f1o, implementaci\u00f3n y seguimiento de programas estrat\u00e9gicos, que promuevan el empleo formal mediante los servicios de vinculaci\u00f3n, as\u00ed como el asesoramiento y capacitaci\u00f3n de las unidades econ\u00f3micas con apego a la normatividad laboral vigente.<\/p>\n\n\n\n<figure class=\"wp-block-image size-large\"><img fetchpriority=\"high\" decoding=\"async\" width=\"1024\" height=\"682\" src=\"https:\/\/www.zunoticia.com\/noticias-de-hidalgo\/wp-content\/uploads\/2023\/08\/eZy-Watermark-27-08-2023-07-57-10-2150p.m.-1024x682.jpg\" alt=\"\" class=\"wp-image-500694\" srcset=\"https:\/\/www.zunoticia.com\/noticias-de-hidalgo\/wp-content\/uploads\/2023\/08\/eZy-Watermark-27-08-2023-07-57-10-2150p.m.-1024x682.jpg 1024w, https:\/\/www.zunoticia.com\/noticias-de-hidalgo\/wp-content\/uploads\/2023\/08\/eZy-Watermark-27-08-2023-07-57-10-2150p.m.-300x200.jpg 300w, https:\/\/www.zunoticia.com\/noticias-de-hidalgo\/wp-content\/uploads\/2023\/08\/eZy-Watermark-27-08-2023-07-57-10-2150p.m.-768x511.jpg 768w, https:\/\/www.zunoticia.com\/noticias-de-hidalgo\/wp-content\/uploads\/2023\/08\/eZy-Watermark-27-08-2023-07-57-10-2150p.m..jpg 1122w\" sizes=\"(max-width: 1024px) 100vw, 1024px\" \/><\/figure>\n\n\n\n<p>Destac\u00f3 que esta firma es una alianza que tiene grandes beneficios como contar con cursos en normatividad laboral, especializada en condiciones generales del trabajo, seguridad y salud, as\u00ed como adiestramiento.<\/p>\n\n\n\n<p><a><\/a>Juan Manuel Batres tambi\u00e9n reafirm\u00f3 que con esta colaboraci\u00f3n se aporta al crecimiento de las empresas hidalguenses y se refrenda el compromiso de propiciar en la entidad, mejores condiciones laborales, en un ambiente digno y decoroso para las y los trabajadores.<\/p>\n","protected":false},"excerpt":{"rendered":"<p>Por Redacci\u00f3n\/Zunoticia Mineral de la Reforma, Hgo.- \u201cEl gobierno de Julio Menchaca Salazar es aliado de las y los empresarios; no somos una instancia sancionadora\u201d, se\u00f1al\u00f3 \u00d3scar Javier Gonz\u00e1lez Hern\u00e1ndez, titular de la Secretar\u00eda del Trabajo y Previsi\u00f3n Social de Hidalgo (STPSH), durante la firma del Convenio de Colaboraci\u00f3n con la Confederaci\u00f3n Patronal de la&hellip; <a class=\"more-link\" href=\"https:\/\/www.zunoticia.com\/noticias-de-hidalgo\/2023\/08\/27\/firman-convenio-de-colaboracion-para-impulsar-empleo-formal-y-asesoria-en-normatividad-laboral\/\">Seguir leyendo <span class=\"screen-reader-text\">Firman Convenio de Colaboraci\u00f3n para impulsar empleo formal y asesor\u00eda en normatividad laboral<\/span><\/a><\/p>\n","protected":false},"author":12,"featured_media":500695,"comment_status":"closed","ping_status":"open","sticky":false,"template":"","format":"standard","meta":{"rop_custom_images_group":[],"rop_custom_messages_group":[],"rop_publish_now":"initial","rop_publish_now_accounts":{"facebook_10159540855086992_322828327761733":""},"rop_publish_now_history":[],"rop_publish_now_status":"pending","footnotes":""},"categories":[208],"tags":[214],"class_list":["post-500699","post","type-post","status-publish","format-standard","has-post-thumbnail","hentry","category-estado","tag-estado","entry"],"_links":{"self":[{"href":"https:\/\/www.zunoticia.com\/noticias-de-hidalgo\/wp-json\/wp\/v2\/posts\/500699","targetHints":{"allow":["GET"]}}],"collection":[{"href":"https:\/\/www.zunoticia.com\/noticias-de-hidalgo\/wp-json\/wp\/v2\/posts"}],"about":[{"href":"https:\/\/www.zunoticia.com\/noticias-de-hidalgo\/wp-json\/wp\/v2\/types\/post"}],"author":[{"embeddable":true,"href":"https:\/\/www.zunoticia.com\/noticias-de-hidalgo\/wp-json\/wp\/v2\/users\/12"}],"replies":[{"embeddable":true,"href":"https:\/\/www.zunoticia.com\/noticias-de-hidalgo\/wp-json\/wp\/v2\/comments?post=500699"}],"version-history":[{"count":1,"href":"https:\/\/www.zunoticia.com\/noticias-de-hidalgo\/wp-json\/wp\/v2\/posts\/500699\/revisions"}],"predecessor-version":[{"id":500700,"href":"https:\/\/www.zunoticia.com\/noticias-de-hidalgo\/wp-json\/wp\/v2\/posts\/500699\/revisions\/500700"}],"wp:featuredmedia":[{"embeddable":true,"href":"https:\/\/www.zunoticia.com\/noticias-de-hidalgo\/wp-json\/wp\/v2\/media\/500695"}],"wp:attachment":[{"href":"https:\/\/www.zunoticia.com\/noticias-de-hidalgo\/wp-json\/wp\/v2\/media?parent=500699"}],"wp:term":[{"taxonomy":"category","embeddable":true,"href":"https:\/\/www.zunoticia.com\/noticias-de-hidalgo\/wp-json\/wp\/v2\/categories?post=500699"},{"taxonomy":"post_tag","embeddable":true,"href":"https:\/\/www.zunoticia.com\/noticias-de-hidalgo\/wp-json\/wp\/v2\/tags?post=500699"}],"curies":[{"name":"wp","href":"https:\/\/api.w.org\/{rel}","templated":true}]}}