{"id":500719,"date":"2023-08-27T23:56:58","date_gmt":"2023-08-28T05:56:58","guid":{"rendered":"https:\/\/www.zunoticia.com\/noticias-de-hidalgo\/?p=500719"},"modified":"2023-08-27T23:57:00","modified_gmt":"2023-08-28T05:57:00","slug":"daremos-continuidad-al-sector-productivo","status":"publish","type":"post","link":"https:\/\/www.zunoticia.com\/noticias-de-hidalgo\/2023\/08\/27\/daremos-continuidad-al-sector-productivo\/","title":{"rendered":"Daremos continuidad al sector productivo"},"content":{"rendered":"<aside class=\"mashsb-container mashsb-main mashsb-stretched\"><div class=\"mashsb-box\"><div class=\"mashsb-count mash-large\" style=\"float:left\"><div class=\"counts mashsbcount\">20<\/div><span class=\"mashsb-sharetext\">SHARES<\/span><\/div><div class=\"mashsb-buttons\"><a class=\"mashicon-facebook mash-large mash-center mashsb-noshadow\" href=\"https:\/\/www.facebook.com\/sharer.php?u=https%3A%2F%2Fwww.zunoticia.com%2Fnoticias-de-hidalgo%2F2023%2F08%2F27%2Fdaremos-continuidad-al-sector-productivo%2F\" target=\"_top\" rel=\"nofollow\"><span class=\"icon\"><\/span><span class=\"text\">Share<\/span><\/a><a class=\"mashicon-twitter mash-large mash-center mashsb-noshadow\" href=\"https:\/\/twitter.com\/intent\/tweet?text=&amp;url=https:\/\/www.zunoticia.com\/noticias-de-hidalgo\/2023\/08\/27\/daremos-continuidad-al-sector-productivo\/\" target=\"_top\" rel=\"nofollow\"><span class=\"icon\"><\/span><span class=\"text\">Tweet<\/span><\/a><div class=\"onoffswitch2 mash-large mashsb-noshadow\" style=\"display:none\"><\/div><\/div>\n            <\/div>\n                <div style=\"clear:both\"><\/div><div class=\"mashsb-toggle-container\"><\/div><\/aside>\n            <!-- Share buttons by mashshare.net - Version: 4.0.47-->\n<ul class=\"wp-block-list\">\n<li>&#8220;Estamos detallando las fechas exactas para que no se empalme con otras actividades. En la feria vamos a encontrar desde proveedores de maquinaria, semilla, de las diferentes tecnolog\u00edas que existen, pero que hoy por hoy, no est\u00e1n a la mano del agricultor de la regi\u00f3n\u201d.<\/li>\n<\/ul>\n\n\n\n<p><em>Por Karen Rivera\/ Zunoticia<\/em><\/p>\n\n\n\n<p><strong>Huejutla de Reyes, Hgo.- <\/strong>Con la finalidad de dar continuidad al sector productivo con las capacitaciones, el titular se Desarrollo Econ\u00f3mico, dio a conocer que realizar\u00e1n la feria agr\u00edcola.<\/p>\n\n\n\n<p>El Director de Desarrollo Econ\u00f3mico, Salatiel Dom\u00ednguez, inform\u00f3 &#8220;estamos detallando las fechas exactas para que no se empalme con otras actividades. En la feria vamos a encontrar desde proveedores de maquinaria, semilla, de las diferentes tecnolog\u00edas que existen, pero que hoy por hoy, no est\u00e1n a la mano del agricultor de la regi\u00f3n, estamos acostumbrados a llevar una agricultura tradicional, lo cual, no es que sea malo, sin embargo, no es rentable&#8221;.<\/p>\n\n\n\n<p>En este tenor, dijo que &#8220;actualmente est\u00e1n cosechando aproximadamente una tonelada por hect\u00e1rea y eso no lo hace negocio, por eso la siembra del ma\u00edz, es cada vez menor, sin embargo, en la primera cosecha que el productor logre o que quiera ingresar a este sistema, le estar\u00edamos garantizando, siete toneladas por hect\u00e1rea&#8221;, coment\u00f3.<\/p>\n\n\n\n<p>Indic\u00f3 que, en tan poco tiempo se estar\u00eda dando un aproximado de 15 toneladas, ya con esta econom\u00eda el productor ya ser\u00eda capaz con la tecnolog\u00eda propia, que se requiere para este tipo de producci\u00f3n.<\/p>\n","protected":false},"excerpt":{"rendered":"<p>Por Karen Rivera\/ Zunoticia Huejutla de Reyes, Hgo.- Con la finalidad de dar continuidad al sector productivo con las capacitaciones, el titular se Desarrollo Econ\u00f3mico, dio a conocer que realizar\u00e1n la feria agr\u00edcola. El Director de Desarrollo Econ\u00f3mico, Salatiel Dom\u00ednguez, inform\u00f3 &#8220;estamos detallando las fechas exactas para que no se empalme con otras actividades. En&hellip; <a class=\"more-link\" href=\"https:\/\/www.zunoticia.com\/noticias-de-hidalgo\/2023\/08\/27\/daremos-continuidad-al-sector-productivo\/\">Seguir leyendo <span class=\"screen-reader-text\">Daremos continuidad al sector productivo<\/span><\/a><\/p>\n","protected":false},"author":12,"featured_media":500736,"comment_status":"closed","ping_status":"open","sticky":false,"template":"","format":"standard","meta":{"rop_custom_images_group":[],"rop_custom_messages_group":[],"rop_publish_now":"initial","rop_publish_now_accounts":{"facebook_10159540855086992_322828327761733":""},"rop_publish_now_history":[],"rop_publish_now_status":"pending","footnotes":""},"categories":[181],"tags":[121],"class_list":["post-500719","post","type-post","status-publish","format-standard","has-post-thumbnail","hentry","category-huejutla","tag-huejutla","entry"],"_links":{"self":[{"href":"https:\/\/www.zunoticia.com\/noticias-de-hidalgo\/wp-json\/wp\/v2\/posts\/500719","targetHints":{"allow":["GET"]}}],"collection":[{"href":"https:\/\/www.zunoticia.com\/noticias-de-hidalgo\/wp-json\/wp\/v2\/posts"}],"about":[{"href":"https:\/\/www.zunoticia.com\/noticias-de-hidalgo\/wp-json\/wp\/v2\/types\/post"}],"author":[{"embeddable":true,"href":"https:\/\/www.zunoticia.com\/noticias-de-hidalgo\/wp-json\/wp\/v2\/users\/12"}],"replies":[{"embeddable":true,"href":"https:\/\/www.zunoticia.com\/noticias-de-hidalgo\/wp-json\/wp\/v2\/comments?post=500719"}],"version-history":[{"count":1,"href":"https:\/\/www.zunoticia.com\/noticias-de-hidalgo\/wp-json\/wp\/v2\/posts\/500719\/revisions"}],"predecessor-version":[{"id":500737,"href":"https:\/\/www.zunoticia.com\/noticias-de-hidalgo\/wp-json\/wp\/v2\/posts\/500719\/revisions\/500737"}],"wp:featuredmedia":[{"embeddable":true,"href":"https:\/\/www.zunoticia.com\/noticias-de-hidalgo\/wp-json\/wp\/v2\/media\/500736"}],"wp:attachment":[{"href":"https:\/\/www.zunoticia.com\/noticias-de-hidalgo\/wp-json\/wp\/v2\/media?parent=500719"}],"wp:term":[{"taxonomy":"category","embeddable":true,"href":"https:\/\/www.zunoticia.com\/noticias-de-hidalgo\/wp-json\/wp\/v2\/categories?post=500719"},{"taxonomy":"post_tag","embeddable":true,"href":"https:\/\/www.zunoticia.com\/noticias-de-hidalgo\/wp-json\/wp\/v2\/tags?post=500719"}],"curies":[{"name":"wp","href":"https:\/\/api.w.org\/{rel}","templated":true}]}}