{"id":500721,"date":"2023-08-27T23:59:11","date_gmt":"2023-08-28T05:59:11","guid":{"rendered":"https:\/\/www.zunoticia.com\/noticias-de-hidalgo\/?p=500721"},"modified":"2023-08-27T23:59:13","modified_gmt":"2023-08-28T05:59:13","slug":"espejeando-por-perseo-742","status":"publish","type":"post","link":"https:\/\/www.zunoticia.com\/noticias-de-hidalgo\/2023\/08\/27\/espejeando-por-perseo-742\/","title":{"rendered":"Espejeando Por Perseo"},"content":{"rendered":"<aside class=\"mashsb-container mashsb-main mashsb-stretched\"><div class=\"mashsb-box\"><div class=\"mashsb-count mash-large\" style=\"float:left\"><div class=\"counts mashsbcount\">34<\/div><span class=\"mashsb-sharetext\">SHARES<\/span><\/div><div class=\"mashsb-buttons\"><a class=\"mashicon-facebook mash-large mash-center mashsb-noshadow\" href=\"https:\/\/www.facebook.com\/sharer.php?u=https%3A%2F%2Fwww.zunoticia.com%2Fnoticias-de-hidalgo%2F2023%2F08%2F27%2Fespejeando-por-perseo-742%2F\" target=\"_top\" rel=\"nofollow\"><span class=\"icon\"><\/span><span class=\"text\">Share<\/span><\/a><a class=\"mashicon-twitter mash-large mash-center mashsb-noshadow\" href=\"https:\/\/twitter.com\/intent\/tweet?text=&amp;url=https:\/\/www.zunoticia.com\/noticias-de-hidalgo\/2023\/08\/27\/espejeando-por-perseo-742\/\" target=\"_top\" rel=\"nofollow\"><span class=\"icon\"><\/span><span class=\"text\">Tweet<\/span><\/a><div class=\"onoffswitch2 mash-large mashsb-noshadow\" style=\"display:none\"><\/div><\/div>\n            <\/div>\n                <div style=\"clear:both\"><\/div><div class=\"mashsb-toggle-container\"><\/div><\/aside>\n            <!-- Share buttons by mashshare.net - Version: 4.0.47-->\n<p>\u2022 ESTE LUNES, entre la educaci\u00f3n b\u00e1sica y media superior, la Secretar\u00eda de Educaci\u00f3n p\u00fablica de Hidalgo considera un regreso a clases de 810 mil 631 estudiantes, aunque en total el sistema educativo atender\u00e1 a 927 mil 209 estudiantes hidalguenses de todos los niveles educativos, pues las instituciones de educaci\u00f3n superior se rigen por calendarios diferentes.<\/p>\n\n\n\n<p>\u2022 El calendario escolar marca el regreso a clases a nivel pa\u00eds del ciclo escolar 2023-2024 y se formaliza el inicio de la Nueva Escuela Mexicana que le denominan enfoque cr\u00edtico, humanista y comunitario.<\/p>\n\n\n\n<p>\u2022 El gobierno de Hidalgo que encabeza Julio Menchaca Salazar est\u00e1 comprometido a una educaci\u00f3n integral de la ni\u00f1ez y la juventud.<\/p>\n\n\n\n<p>\u2022 UNOS DE LOS puntos torales que los gobiernos locales deben tomar en cuenta son las tareas de sensibilizaci\u00f3n en talleres referente a prevenir el acoso y hostigamiento en el gobierno municipal, que es un tema a flor de piel.<\/p>\n\n\n\n<p>\u2022 En los municipios pobres pasa de todo, el gobierno municipal es usado en algunos casos&nbsp; m\u00e1s all\u00e1 de cumplir con perfiles y tareas espec\u00edficas para someter al personal por necesidad laboral, hombres y mujeres que tienen que ceder a complicidades o a decir que s\u00ed para cuidar su trabajo; el mayor problema es que firmen por una cantidad y reciban otra, la segunda que las damas digan que s\u00ed al tesorero, secretario, s\u00edndico, o persona de poder y las mujeres o ceden a sus pretensiones o renuncian, y no se atreven a denunciar porque no existe m\u00e1s autoridad ni mayores testigos que la palabra de ella contra el empoderado.<\/p>\n\n\n\n<figure class=\"wp-block-image size-large\"><img fetchpriority=\"high\" decoding=\"async\" width=\"1024\" height=\"538\" src=\"https:\/\/www.zunoticia.com\/noticias-de-hidalgo\/wp-content\/uploads\/2023\/08\/Zu-Noticia-Global-08-2-2-2-1024x538.jpg\" alt=\"\" class=\"wp-image-500741\" srcset=\"https:\/\/www.zunoticia.com\/noticias-de-hidalgo\/wp-content\/uploads\/2023\/08\/Zu-Noticia-Global-08-2-2-2-1024x538.jpg 1024w, https:\/\/www.zunoticia.com\/noticias-de-hidalgo\/wp-content\/uploads\/2023\/08\/Zu-Noticia-Global-08-2-2-2-300x158.jpg 300w, https:\/\/www.zunoticia.com\/noticias-de-hidalgo\/wp-content\/uploads\/2023\/08\/Zu-Noticia-Global-08-2-2-2-768x403.jpg 768w, https:\/\/www.zunoticia.com\/noticias-de-hidalgo\/wp-content\/uploads\/2023\/08\/Zu-Noticia-Global-08-2-2-2.jpg 1200w\" sizes=\"(max-width: 1024px) 100vw, 1024px\" \/><\/figure>\n\n\n\n<p>\u2022 Debiera haber una supervisi\u00f3n permanente, un seguimiento de procedimiento interno en las administraciones municipal para detectar ese tipo de irregularidades que a veces los alcaldes o alcaldesas por sus ocupaciones, ni por enterados.<\/p>\n\n\n\n<p>\u2022 EN LOS MUNICIPIOS Huastecos los preparativos para los informes de gobiernos respectivamente est\u00e1n en proceso, los alcaldes est\u00e1n obligados a rendir cuentas y esta comienza despu\u00e9s del 5 de septiembre, fecha que el gobernador Julio Menchaca Salazar presente su Primer Informe de Gobierno y el Presidente de M\u00e9xico Andr\u00e9s Manuel L\u00f3pez Obrador haga lo mismo, son fechas de rendir cuentas, todos, hasta los regidores est\u00e1n obligados por ley.<\/p>\n\n\n\n<p>\u2022 Es obligatorio dar a conocer el estado que guarda la administraci\u00f3n p\u00fablica federal, estatal y local, el pa\u00eds, el estado y los ayuntamientos deber\u00e1n cumplir por mandato de ley sobre el manejo de los recursos p\u00fablicos, nadie se salva de que grupos de inter\u00e9s hagan observaciones, critiquen lo que no les gusta, nada se salva de se\u00f1alamientos<\/p>\n\n\n\n<p>\u2022 EL PR\u00d3XIMO 6 de septiembre el Movimiento de Regeneraci\u00f3n Nacional tendr\u00e1 un ganador y antes se dec\u00eda ser\u00eda entre Claudia o Marcelo, sin embargo, se mantiene en la jugada Ad\u00e1n Augusto, que ante el golpeteo de los dos primeros est\u00e1 tomando fuerza como el tercero en discordia.<\/p>\n\n\n\n<p>\u2022 Uno de los tres encabezar\u00e1 la coordinaci\u00f3n de los comit\u00e9s en Defensa de la Cuarta Transformaci\u00f3n, las encuestas nacionales comienzan ma\u00f1ana martes.<\/p>\n\n\n\n<p>\u2022 El s\u00e1bado cerr\u00f3 Claudia Sheinbaum en Paseo de la Reforma, Marcelo en la Arena M\u00e9xico, ambos con llenos totales y una gran euforia de que representar\u00e1n al pa\u00eds; Augusto tuvo cierres parciales que sorprendieron; ser\u00e1n sin duda las encuestas las que resolver\u00e1n esto, a\u00fan cuando hay cierto escepticismo en la sociedad que ser\u00e1 as\u00ed pues ven una decisi\u00f3n por adelantado de lo que el presidente quiere y lo anterior ha puesto en duda la unidad pol\u00edtica seg\u00fan los cr\u00edticos.<\/p>\n","protected":false},"excerpt":{"rendered":"<p>\u2022 ESTE LUNES, entre la educaci\u00f3n b\u00e1sica y media superior, la Secretar\u00eda de Educaci\u00f3n p\u00fablica de Hidalgo considera un regreso a clases de 810 mil 631 estudiantes, aunque en total el sistema educativo atender\u00e1 a 927 mil 209 estudiantes hidalguenses de todos los niveles educativos, pues las instituciones de educaci\u00f3n superior se rigen por calendarios&hellip; <a class=\"more-link\" href=\"https:\/\/www.zunoticia.com\/noticias-de-hidalgo\/2023\/08\/27\/espejeando-por-perseo-742\/\">Seguir leyendo <span class=\"screen-reader-text\">Espejeando Por Perseo<\/span><\/a><\/p>\n","protected":false},"author":12,"featured_media":500740,"comment_status":"closed","ping_status":"open","sticky":false,"template":"","format":"standard","meta":{"rop_custom_images_group":[],"rop_custom_messages_group":[],"rop_publish_now":"initial","rop_publish_now_accounts":{"facebook_10159540855086992_322828327761733":""},"rop_publish_now_history":[],"rop_publish_now_status":"pending","footnotes":""},"categories":[1],"tags":[205],"class_list":["post-500721","post","type-post","status-publish","format-standard","has-post-thumbnail","hentry","category-sin-categoria","tag-espejeando","entry"],"_links":{"self":[{"href":"https:\/\/www.zunoticia.com\/noticias-de-hidalgo\/wp-json\/wp\/v2\/posts\/500721","targetHints":{"allow":["GET"]}}],"collection":[{"href":"https:\/\/www.zunoticia.com\/noticias-de-hidalgo\/wp-json\/wp\/v2\/posts"}],"about":[{"href":"https:\/\/www.zunoticia.com\/noticias-de-hidalgo\/wp-json\/wp\/v2\/types\/post"}],"author":[{"embeddable":true,"href":"https:\/\/www.zunoticia.com\/noticias-de-hidalgo\/wp-json\/wp\/v2\/users\/12"}],"replies":[{"embeddable":true,"href":"https:\/\/www.zunoticia.com\/noticias-de-hidalgo\/wp-json\/wp\/v2\/comments?post=500721"}],"version-history":[{"count":1,"href":"https:\/\/www.zunoticia.com\/noticias-de-hidalgo\/wp-json\/wp\/v2\/posts\/500721\/revisions"}],"predecessor-version":[{"id":500742,"href":"https:\/\/www.zunoticia.com\/noticias-de-hidalgo\/wp-json\/wp\/v2\/posts\/500721\/revisions\/500742"}],"wp:featuredmedia":[{"embeddable":true,"href":"https:\/\/www.zunoticia.com\/noticias-de-hidalgo\/wp-json\/wp\/v2\/media\/500740"}],"wp:attachment":[{"href":"https:\/\/www.zunoticia.com\/noticias-de-hidalgo\/wp-json\/wp\/v2\/media?parent=500721"}],"wp:term":[{"taxonomy":"category","embeddable":true,"href":"https:\/\/www.zunoticia.com\/noticias-de-hidalgo\/wp-json\/wp\/v2\/categories?post=500721"},{"taxonomy":"post_tag","embeddable":true,"href":"https:\/\/www.zunoticia.com\/noticias-de-hidalgo\/wp-json\/wp\/v2\/tags?post=500721"}],"curies":[{"name":"wp","href":"https:\/\/api.w.org\/{rel}","templated":true}]}}