{"id":501510,"date":"2023-09-01T14:32:47","date_gmt":"2023-09-01T20:32:47","guid":{"rendered":"https:\/\/www.zunoticia.com\/noticias-de-hidalgo\/?p=501510"},"modified":"2023-09-01T14:32:48","modified_gmt":"2023-09-01T20:32:48","slug":"rehabilitan-sistema-de-alumbrado-en-mural-de-xantolo","status":"publish","type":"post","link":"https:\/\/www.zunoticia.com\/noticias-de-hidalgo\/2023\/09\/01\/rehabilitan-sistema-de-alumbrado-en-mural-de-xantolo\/","title":{"rendered":"Rehabilitan sistema de alumbrado en mural de Xantolo"},"content":{"rendered":"<aside class=\"mashsb-container mashsb-main mashsb-stretched\"><div class=\"mashsb-box\"><div class=\"mashsb-count mash-large\" style=\"float:left\"><div class=\"counts mashsbcount\">10<\/div><span class=\"mashsb-sharetext\">SHARES<\/span><\/div><div class=\"mashsb-buttons\"><a class=\"mashicon-facebook mash-large mash-center mashsb-noshadow\" href=\"https:\/\/www.facebook.com\/sharer.php?u=https%3A%2F%2Fwww.zunoticia.com%2Fnoticias-de-hidalgo%2F2023%2F09%2F01%2Frehabilitan-sistema-de-alumbrado-en-mural-de-xantolo%2F\" target=\"_top\" rel=\"nofollow\"><span class=\"icon\"><\/span><span class=\"text\">Share<\/span><\/a><a class=\"mashicon-twitter mash-large mash-center mashsb-noshadow\" href=\"https:\/\/twitter.com\/intent\/tweet?text=&amp;url=https:\/\/www.zunoticia.com\/noticias-de-hidalgo\/2023\/09\/01\/rehabilitan-sistema-de-alumbrado-en-mural-de-xantolo\/\" target=\"_top\" rel=\"nofollow\"><span class=\"icon\"><\/span><span class=\"text\">Tweet<\/span><\/a><div class=\"onoffswitch2 mash-large mashsb-noshadow\" style=\"display:none\"><\/div><\/div>\n            <\/div>\n                <div style=\"clear:both\"><\/div><div class=\"mashsb-toggle-container\"><\/div><\/aside>\n            <!-- Share buttons by mashshare.net - Version: 4.0.47-->\n<p><em>Por Salvador Altamirano\/Zunoticia<\/em><\/p>\n\n\n\n<p><strong>Huejutla, Hgo.-<\/strong> Considerando que &#8220;D\u00eda de Muertos o Xantolo&#8221; es la tradici\u00f3n m\u00e1s arraigada en la regi\u00f3n Huasteca, artistas integrantes del &#8220;Movimiento Internacional de Muralismo y Arte P\u00fabico&#8221; (MIMAP), plasmaron el a\u00f1o pasado un mega mural alusivo a la conmemoraci\u00f3n en una de las paredes laterales de la Escuela Primaria Benito Ju\u00e1rez, el cual tiene una superficie de 456 metros cuadrados, constituy\u00e9ndose en el m\u00e1s extenso en el Estado de Hidalgo.<\/p>\n\n\n\n<p>Al respecto, el director de la dependencia de Alumbrado P\u00fablico Municipal, Obed Beltr\u00e1n, manifest\u00f3 que para que el mural luzca en todo su esplendor, se est\u00e1 rehabilitando el sistema de alumbrado consistente en el cambio de 6 l\u00e1mparas leds de gran potencia, concretamente de 60 watts.<\/p>\n\n\n\n<p>Especific\u00f3 que las acciones se est\u00e1n llevando a cabo por instrucciones del Presidente Municipal, Daniel Andrade Zurutuza, con motivo de la proximidad del 15 de septiembre, fecha en que se conmemora el &#8220;Grito de Independencia&#8221;, por lo que tambi\u00e9n se est\u00e1 engalanando con adornos luminosos alusivos el Centro Hist\u00f3rico.<\/p>\n\n\n\n<figure class=\"wp-block-image size-large\"><img fetchpriority=\"high\" decoding=\"async\" width=\"1024\" height=\"538\" src=\"https:\/\/www.zunoticia.com\/noticias-de-hidalgo\/wp-content\/uploads\/2023\/09\/Rehabilitan-2-1024x538.jpg\" alt=\"\" class=\"wp-image-501497\" srcset=\"https:\/\/www.zunoticia.com\/noticias-de-hidalgo\/wp-content\/uploads\/2023\/09\/Rehabilitan-2-1024x538.jpg 1024w, https:\/\/www.zunoticia.com\/noticias-de-hidalgo\/wp-content\/uploads\/2023\/09\/Rehabilitan-2-300x158.jpg 300w, https:\/\/www.zunoticia.com\/noticias-de-hidalgo\/wp-content\/uploads\/2023\/09\/Rehabilitan-2-768x403.jpg 768w, https:\/\/www.zunoticia.com\/noticias-de-hidalgo\/wp-content\/uploads\/2023\/09\/Rehabilitan-2.jpg 1200w\" sizes=\"(max-width: 1024px) 100vw, 1024px\" \/><\/figure>\n\n\n\n<p>Coment\u00f3 que, de manera simult\u00e1nea, se est\u00e1n cambiando las l\u00e1mparas fundidas en los bulevares de la poblaci\u00f3n, con el prop\u00f3sito que haya una iluminaci\u00f3n \u00f3ptima por las noches, por lo que las avenidas principales lucir\u00e1n en todo su esplendor.<\/p>\n\n\n\n<p>Para finalizar, coment\u00f3 que se adorn\u00f3, obviamente referente al mes patrio, la fachada del Ayuntamiento, la cual por las noches seg\u00fan algunas personas luce admirable, as\u00ed como varias palmeras del Centro Hist\u00f3rico.<\/p>\n","protected":false},"excerpt":{"rendered":"<p>Por Salvador Altamirano\/Zunoticia Huejutla, Hgo.- Considerando que &#8220;D\u00eda de Muertos o Xantolo&#8221; es la tradici\u00f3n m\u00e1s arraigada en la regi\u00f3n Huasteca, artistas integrantes del &#8220;Movimiento Internacional de Muralismo y Arte P\u00fabico&#8221; (MIMAP), plasmaron el a\u00f1o pasado un mega mural alusivo a la conmemoraci\u00f3n en una de las paredes laterales de la Escuela Primaria Benito Ju\u00e1rez,&hellip; <a class=\"more-link\" href=\"https:\/\/www.zunoticia.com\/noticias-de-hidalgo\/2023\/09\/01\/rehabilitan-sistema-de-alumbrado-en-mural-de-xantolo\/\">Seguir leyendo <span class=\"screen-reader-text\">Rehabilitan sistema de alumbrado en mural de Xantolo<\/span><\/a><\/p>\n","protected":false},"author":13,"featured_media":501496,"comment_status":"closed","ping_status":"open","sticky":false,"template":"","format":"standard","meta":{"rop_custom_images_group":[],"rop_custom_messages_group":[],"rop_publish_now":"initial","rop_publish_now_accounts":{"facebook_10159540855086992_322828327761733":""},"rop_publish_now_history":[],"rop_publish_now_status":"pending","footnotes":""},"categories":[181],"tags":[121],"class_list":["post-501510","post","type-post","status-publish","format-standard","has-post-thumbnail","hentry","category-huejutla","tag-huejutla","entry"],"_links":{"self":[{"href":"https:\/\/www.zunoticia.com\/noticias-de-hidalgo\/wp-json\/wp\/v2\/posts\/501510","targetHints":{"allow":["GET"]}}],"collection":[{"href":"https:\/\/www.zunoticia.com\/noticias-de-hidalgo\/wp-json\/wp\/v2\/posts"}],"about":[{"href":"https:\/\/www.zunoticia.com\/noticias-de-hidalgo\/wp-json\/wp\/v2\/types\/post"}],"author":[{"embeddable":true,"href":"https:\/\/www.zunoticia.com\/noticias-de-hidalgo\/wp-json\/wp\/v2\/users\/13"}],"replies":[{"embeddable":true,"href":"https:\/\/www.zunoticia.com\/noticias-de-hidalgo\/wp-json\/wp\/v2\/comments?post=501510"}],"version-history":[{"count":1,"href":"https:\/\/www.zunoticia.com\/noticias-de-hidalgo\/wp-json\/wp\/v2\/posts\/501510\/revisions"}],"predecessor-version":[{"id":501511,"href":"https:\/\/www.zunoticia.com\/noticias-de-hidalgo\/wp-json\/wp\/v2\/posts\/501510\/revisions\/501511"}],"wp:featuredmedia":[{"embeddable":true,"href":"https:\/\/www.zunoticia.com\/noticias-de-hidalgo\/wp-json\/wp\/v2\/media\/501496"}],"wp:attachment":[{"href":"https:\/\/www.zunoticia.com\/noticias-de-hidalgo\/wp-json\/wp\/v2\/media?parent=501510"}],"wp:term":[{"taxonomy":"category","embeddable":true,"href":"https:\/\/www.zunoticia.com\/noticias-de-hidalgo\/wp-json\/wp\/v2\/categories?post=501510"},{"taxonomy":"post_tag","embeddable":true,"href":"https:\/\/www.zunoticia.com\/noticias-de-hidalgo\/wp-json\/wp\/v2\/tags?post=501510"}],"curies":[{"name":"wp","href":"https:\/\/api.w.org\/{rel}","templated":true}]}}