{"id":501543,"date":"2023-09-01T17:06:59","date_gmt":"2023-09-01T23:06:59","guid":{"rendered":"https:\/\/www.zunoticia.com\/noticias-de-hidalgo\/?p=501543"},"modified":"2023-09-01T17:07:00","modified_gmt":"2023-09-01T23:07:00","slug":"solicitan-reubicacion-de-bici-estacionamientos","status":"publish","type":"post","link":"https:\/\/www.zunoticia.com\/noticias-de-hidalgo\/2023\/09\/01\/solicitan-reubicacion-de-bici-estacionamientos\/","title":{"rendered":"Solicitan reubicaci\u00f3n de bici-estacionamientos"},"content":{"rendered":"<aside class=\"mashsb-container mashsb-main mashsb-stretched\"><div class=\"mashsb-box\"><div class=\"mashsb-count mash-large\" style=\"float:left\"><div class=\"counts mashsbcount\">0<\/div><span class=\"mashsb-sharetext\">SHARES<\/span><\/div><div class=\"mashsb-buttons\"><a class=\"mashicon-facebook mash-large mash-center mashsb-noshadow\" href=\"https:\/\/www.facebook.com\/sharer.php?u=https%3A%2F%2Fwww.zunoticia.com%2Fnoticias-de-hidalgo%2F2023%2F09%2F01%2Fsolicitan-reubicacion-de-bici-estacionamientos%2F\" target=\"_top\" rel=\"nofollow\"><span class=\"icon\"><\/span><span class=\"text\">Share<\/span><\/a><a class=\"mashicon-twitter mash-large mash-center mashsb-noshadow\" href=\"https:\/\/twitter.com\/intent\/tweet?text=&amp;url=https:\/\/www.zunoticia.com\/noticias-de-hidalgo\/2023\/09\/01\/solicitan-reubicacion-de-bici-estacionamientos\/\" target=\"_top\" rel=\"nofollow\"><span class=\"icon\"><\/span><span class=\"text\">Tweet<\/span><\/a><div class=\"onoffswitch2 mash-large mashsb-noshadow\" style=\"display:none\"><\/div><\/div>\n            <\/div>\n                <div style=\"clear:both\"><\/div><div class=\"mashsb-toggle-container\"><\/div><\/aside>\n            <!-- Share buttons by mashshare.net - Version: 4.0.47-->\n<p><em>Por Salvador Altamirano\/Zunoticia<\/em><\/p>\n\n\n\n<p><strong>Huejutla, Hgo.-<\/strong> Usuarios del transporte de bicicleta, refirieron que las estructuras para estacionamiento de las mismas que en su momento se ubicaron en el Centro Hist\u00f3rico, fue un proyecto bien pensado, el cual fracas\u00f3 por falta de protecci\u00f3n en las estructuras.<\/p>\n\n\n\n<figure class=\"wp-block-image size-large\"><img fetchpriority=\"high\" decoding=\"async\" width=\"1024\" height=\"538\" src=\"https:\/\/www.zunoticia.com\/noticias-de-hidalgo\/wp-content\/uploads\/2023\/09\/bicis2-1024x538.jpg\" alt=\"\" class=\"wp-image-501547\" srcset=\"https:\/\/www.zunoticia.com\/noticias-de-hidalgo\/wp-content\/uploads\/2023\/09\/bicis2-1024x538.jpg 1024w, https:\/\/www.zunoticia.com\/noticias-de-hidalgo\/wp-content\/uploads\/2023\/09\/bicis2-300x158.jpg 300w, https:\/\/www.zunoticia.com\/noticias-de-hidalgo\/wp-content\/uploads\/2023\/09\/bicis2-768x403.jpg 768w, https:\/\/www.zunoticia.com\/noticias-de-hidalgo\/wp-content\/uploads\/2023\/09\/bicis2.jpg 1200w\" sizes=\"(max-width: 1024px) 100vw, 1024px\" \/><\/figure>\n\n\n\n<p>Agregaron que, por tal motivo, los llamados amantes de lo ajeno hicieron de las suyas, se robaron varias unidades, por lo que antes de que las retiraran ya casi nadie las utilizaba.<\/p>\n\n\n\n<p>Sin embargo, Ricardo Jerez Hern\u00e1ndez, afecto por necesidad -dijo-, al uso de la bicicleta, coment\u00f3 que es una l\u00e1stima que las estructuras est\u00e9n arrinconadas en lugares en donde ni se ven, como aleda\u00f1o al estrado del reloj p\u00fablico y una plazoleta que est\u00e1 enfrente del mercado municipal<\/p>\n\n\n\n<p>Para finalizar, opin\u00f3 que las estructuras deben de reubicarse en sitios en donde sean de utilidad, los cuales corresponder\u00eda ubicar a personal de Tr\u00e1nsito y Vialidad Municipal.<\/p>\n","protected":false},"excerpt":{"rendered":"<p>Por Salvador Altamirano\/Zunoticia Huejutla, Hgo.- Usuarios del transporte de bicicleta, refirieron que las estructuras para estacionamiento de las mismas que en su momento se ubicaron en el Centro Hist\u00f3rico, fue un proyecto bien pensado, el cual fracas\u00f3 por falta de protecci\u00f3n en las estructuras. Agregaron que, por tal motivo, los llamados amantes de lo ajeno&hellip; <a class=\"more-link\" href=\"https:\/\/www.zunoticia.com\/noticias-de-hidalgo\/2023\/09\/01\/solicitan-reubicacion-de-bici-estacionamientos\/\">Seguir leyendo <span class=\"screen-reader-text\">Solicitan reubicaci\u00f3n de bici-estacionamientos<\/span><\/a><\/p>\n","protected":false},"author":13,"featured_media":501548,"comment_status":"closed","ping_status":"open","sticky":false,"template":"","format":"standard","meta":{"rop_custom_images_group":[],"rop_custom_messages_group":[],"rop_publish_now":"initial","rop_publish_now_accounts":{"facebook_10159540855086992_322828327761733":""},"rop_publish_now_history":[],"rop_publish_now_status":"pending","footnotes":""},"categories":[181],"tags":[121],"class_list":["post-501543","post","type-post","status-publish","format-standard","has-post-thumbnail","hentry","category-huejutla","tag-huejutla","entry"],"_links":{"self":[{"href":"https:\/\/www.zunoticia.com\/noticias-de-hidalgo\/wp-json\/wp\/v2\/posts\/501543","targetHints":{"allow":["GET"]}}],"collection":[{"href":"https:\/\/www.zunoticia.com\/noticias-de-hidalgo\/wp-json\/wp\/v2\/posts"}],"about":[{"href":"https:\/\/www.zunoticia.com\/noticias-de-hidalgo\/wp-json\/wp\/v2\/types\/post"}],"author":[{"embeddable":true,"href":"https:\/\/www.zunoticia.com\/noticias-de-hidalgo\/wp-json\/wp\/v2\/users\/13"}],"replies":[{"embeddable":true,"href":"https:\/\/www.zunoticia.com\/noticias-de-hidalgo\/wp-json\/wp\/v2\/comments?post=501543"}],"version-history":[{"count":1,"href":"https:\/\/www.zunoticia.com\/noticias-de-hidalgo\/wp-json\/wp\/v2\/posts\/501543\/revisions"}],"predecessor-version":[{"id":501554,"href":"https:\/\/www.zunoticia.com\/noticias-de-hidalgo\/wp-json\/wp\/v2\/posts\/501543\/revisions\/501554"}],"wp:featuredmedia":[{"embeddable":true,"href":"https:\/\/www.zunoticia.com\/noticias-de-hidalgo\/wp-json\/wp\/v2\/media\/501548"}],"wp:attachment":[{"href":"https:\/\/www.zunoticia.com\/noticias-de-hidalgo\/wp-json\/wp\/v2\/media?parent=501543"}],"wp:term":[{"taxonomy":"category","embeddable":true,"href":"https:\/\/www.zunoticia.com\/noticias-de-hidalgo\/wp-json\/wp\/v2\/categories?post=501543"},{"taxonomy":"post_tag","embeddable":true,"href":"https:\/\/www.zunoticia.com\/noticias-de-hidalgo\/wp-json\/wp\/v2\/tags?post=501543"}],"curies":[{"name":"wp","href":"https:\/\/api.w.org\/{rel}","templated":true}]}}