{"id":501570,"date":"2023-09-01T18:10:09","date_gmt":"2023-09-02T00:10:09","guid":{"rendered":"https:\/\/www.zunoticia.com\/noticias-de-hidalgo\/?p=501570"},"modified":"2023-09-01T18:12:02","modified_gmt":"2023-09-02T00:12:02","slug":"destaca-amlo-reduccion-de-la-pobreza-en-hidalgo","status":"publish","type":"post","link":"https:\/\/www.zunoticia.com\/noticias-de-hidalgo\/2023\/09\/01\/destaca-amlo-reduccion-de-la-pobreza-en-hidalgo\/","title":{"rendered":"Destaca AMLO reducci\u00f3n de la pobreza en Hidalgo"},"content":{"rendered":"<aside class=\"mashsb-container mashsb-main mashsb-stretched\"><div class=\"mashsb-box\"><div class=\"mashsb-count mash-large\" style=\"float:left\"><div class=\"counts mashsbcount\">16<\/div><span class=\"mashsb-sharetext\">SHARES<\/span><\/div><div class=\"mashsb-buttons\"><a class=\"mashicon-facebook mash-large mash-center mashsb-noshadow\" href=\"https:\/\/www.facebook.com\/sharer.php?u=https%3A%2F%2Fwww.zunoticia.com%2Fnoticias-de-hidalgo%2F2023%2F09%2F01%2Fdestaca-amlo-reduccion-de-la-pobreza-en-hidalgo%2F\" target=\"_top\" rel=\"nofollow\"><span class=\"icon\"><\/span><span class=\"text\">Share<\/span><\/a><a class=\"mashicon-twitter mash-large mash-center mashsb-noshadow\" href=\"https:\/\/twitter.com\/intent\/tweet?text=&amp;url=https:\/\/www.zunoticia.com\/noticias-de-hidalgo\/2023\/09\/01\/destaca-amlo-reduccion-de-la-pobreza-en-hidalgo\/\" target=\"_top\" rel=\"nofollow\"><span class=\"icon\"><\/span><span class=\"text\">Tweet<\/span><\/a><div class=\"onoffswitch2 mash-large mashsb-noshadow\" style=\"display:none\"><\/div><\/div>\n            <\/div>\n                <div style=\"clear:both\"><\/div><div class=\"mashsb-toggle-container\"><\/div><\/aside>\n            <!-- Share buttons by mashshare.net - Version: 4.0.47-->\n<p><em>Por Redacci\u00f3n\/Zunoticia<\/em><\/p>\n\n\n\n<p><strong>Pachuca de soto, Hgo.- <\/strong>El mandatario Julio Menchaca Salazar acompa\u00f1\u00f3 al presidente de la Rep\u00fablica, Andr\u00e9s Manuel L\u00f3pez Obrador, a su 5\u00b0 Informe de Gobierno, quien destac\u00f3 que, en el \u00faltimo a\u00f1o, la entidad hidalguense present\u00f3 una reducci\u00f3n en los \u00edndices de pobreza en 8.9 por ciento.<\/p>\n\n\n\n<p>&nbsp;\u201cArriba los de abajo, no significa abajo los de arriba, sino abajo los privilegios. Seguiremos caminando hacia los sublimes ideales de la democracia, la fraternidad y la soberan\u00eda. Nada de extravagancias, nada de clasismo\u201d, puntualiz\u00f3 L\u00f3pez Obrador.<\/p>\n\n\n\n<p>Por su parte, el titular del Ejecutivo estatal resalt\u00f3 que L\u00f3pez Obrador ha sentado las bases de la transformaci\u00f3n, a trav\u00e9s de acciones concretas que favorecen a todos los sectores de la poblaci\u00f3n; asimismo, record\u00f3 que el estado de Hidalgo ha sido beneficiado con estas pol\u00edticas p\u00fablicas que gozan de una visi\u00f3n social.<\/p>\n\n\n\n<p>&nbsp;\u201cEl presidente nos ha dado muestra de lo que se debe de hacer para terminar con los rezagos: atender de manera directa a la base de la pir\u00e1mide social y terminar con los privilegios. En Hidalgo le hemos recibido en cinco ocasiones y en cada una de ellas con grandes anuncios que garantizan el bienestar de las y los hidalguenses, as\u00ed como del pueblo de M\u00e9xico\u201d, puntualiz\u00f3 Menchaca Salazar.<\/p>\n\n\n\n<p><\/p>\n","protected":false},"excerpt":{"rendered":"<p>Por Redacci\u00f3n\/Zunoticia Pachuca de soto, Hgo.- El mandatario Julio Menchaca Salazar acompa\u00f1\u00f3 al presidente de la Rep\u00fablica, Andr\u00e9s Manuel L\u00f3pez Obrador, a su 5\u00b0 Informe de Gobierno, quien destac\u00f3 que, en el \u00faltimo a\u00f1o, la entidad hidalguense present\u00f3 una reducci\u00f3n en los \u00edndices de pobreza en 8.9 por ciento. &nbsp;\u201cArriba los de abajo, no significa&hellip; <a class=\"more-link\" href=\"https:\/\/www.zunoticia.com\/noticias-de-hidalgo\/2023\/09\/01\/destaca-amlo-reduccion-de-la-pobreza-en-hidalgo\/\">Seguir leyendo <span class=\"screen-reader-text\">Destaca AMLO reducci\u00f3n de la pobreza en Hidalgo<\/span><\/a><\/p>\n","protected":false},"author":13,"featured_media":501567,"comment_status":"closed","ping_status":"open","sticky":false,"template":"","format":"standard","meta":{"rop_custom_images_group":[],"rop_custom_messages_group":[],"rop_publish_now":"initial","rop_publish_now_accounts":{"facebook_10159540855086992_322828327761733":""},"rop_publish_now_history":[],"rop_publish_now_status":"pending","footnotes":""},"categories":[208],"tags":[214],"class_list":["post-501570","post","type-post","status-publish","format-standard","has-post-thumbnail","hentry","category-estado","tag-estado","entry"],"_links":{"self":[{"href":"https:\/\/www.zunoticia.com\/noticias-de-hidalgo\/wp-json\/wp\/v2\/posts\/501570","targetHints":{"allow":["GET"]}}],"collection":[{"href":"https:\/\/www.zunoticia.com\/noticias-de-hidalgo\/wp-json\/wp\/v2\/posts"}],"about":[{"href":"https:\/\/www.zunoticia.com\/noticias-de-hidalgo\/wp-json\/wp\/v2\/types\/post"}],"author":[{"embeddable":true,"href":"https:\/\/www.zunoticia.com\/noticias-de-hidalgo\/wp-json\/wp\/v2\/users\/13"}],"replies":[{"embeddable":true,"href":"https:\/\/www.zunoticia.com\/noticias-de-hidalgo\/wp-json\/wp\/v2\/comments?post=501570"}],"version-history":[{"count":2,"href":"https:\/\/www.zunoticia.com\/noticias-de-hidalgo\/wp-json\/wp\/v2\/posts\/501570\/revisions"}],"predecessor-version":[{"id":501572,"href":"https:\/\/www.zunoticia.com\/noticias-de-hidalgo\/wp-json\/wp\/v2\/posts\/501570\/revisions\/501572"}],"wp:featuredmedia":[{"embeddable":true,"href":"https:\/\/www.zunoticia.com\/noticias-de-hidalgo\/wp-json\/wp\/v2\/media\/501567"}],"wp:attachment":[{"href":"https:\/\/www.zunoticia.com\/noticias-de-hidalgo\/wp-json\/wp\/v2\/media?parent=501570"}],"wp:term":[{"taxonomy":"category","embeddable":true,"href":"https:\/\/www.zunoticia.com\/noticias-de-hidalgo\/wp-json\/wp\/v2\/categories?post=501570"},{"taxonomy":"post_tag","embeddable":true,"href":"https:\/\/www.zunoticia.com\/noticias-de-hidalgo\/wp-json\/wp\/v2\/tags?post=501570"}],"curies":[{"name":"wp","href":"https:\/\/api.w.org\/{rel}","templated":true}]}}