{"id":501577,"date":"2023-09-01T18:41:59","date_gmt":"2023-09-02T00:41:59","guid":{"rendered":"https:\/\/www.zunoticia.com\/noticias-de-hidalgo\/?p=501577"},"modified":"2023-09-01T18:42:00","modified_gmt":"2023-09-02T00:42:00","slug":"toma-protesta-nuevo-vocal-de-organizacion-del-ine-en-el-01-distrito-de-huejutla","status":"publish","type":"post","link":"https:\/\/www.zunoticia.com\/noticias-de-hidalgo\/2023\/09\/01\/toma-protesta-nuevo-vocal-de-organizacion-del-ine-en-el-01-distrito-de-huejutla\/","title":{"rendered":"Toma protesta nuevo Vocal de Organizaci\u00f3n del INE en el 01 Distrito de Huejutla"},"content":{"rendered":"<aside class=\"mashsb-container mashsb-main mashsb-stretched\"><div class=\"mashsb-box\"><div class=\"mashsb-count mash-large\" style=\"float:left\"><div class=\"counts mashsbcount\">49<\/div><span class=\"mashsb-sharetext\">SHARES<\/span><\/div><div class=\"mashsb-buttons\"><a class=\"mashicon-facebook mash-large mash-center mashsb-noshadow\" href=\"https:\/\/www.facebook.com\/sharer.php?u=https%3A%2F%2Fwww.zunoticia.com%2Fnoticias-de-hidalgo%2F2023%2F09%2F01%2Ftoma-protesta-nuevo-vocal-de-organizacion-del-ine-en-el-01-distrito-de-huejutla%2F\" target=\"_top\" rel=\"nofollow\"><span class=\"icon\"><\/span><span class=\"text\">Share<\/span><\/a><a class=\"mashicon-twitter mash-large mash-center mashsb-noshadow\" href=\"https:\/\/twitter.com\/intent\/tweet?text=&amp;url=https:\/\/www.zunoticia.com\/noticias-de-hidalgo\/2023\/09\/01\/toma-protesta-nuevo-vocal-de-organizacion-del-ine-en-el-01-distrito-de-huejutla\/\" target=\"_top\" rel=\"nofollow\"><span class=\"icon\"><\/span><span class=\"text\">Tweet<\/span><\/a><div class=\"onoffswitch2 mash-large mashsb-noshadow\" style=\"display:none\"><\/div><\/div>\n            <\/div>\n                <div style=\"clear:both\"><\/div><div class=\"mashsb-toggle-container\"><\/div><\/aside>\n            <!-- Share buttons by mashshare.net - Version: 4.0.47-->\n<p><em>Por Enedino Hern\u00e1ndez\/Zunoticia<\/em><\/p>\n\n\n\n<p><strong>Huejutla, Hgo.-<\/strong> El Ingeniero Luis Alejandro Guerrero Maldonado tom\u00f3 protesta al mediod\u00eda de este viernes primero de septiembre como nuevo Vocal de Organizaci\u00f3n Electoral del Instituto Nacional Electoral (INE) en Huejutla; en sustituci\u00f3n de Said Barrera, quien realiza tr\u00e1mites de jubilaci\u00f3n.<\/p>\n\n\n\n<p>La toma de protesta del Vocal de Organizaci\u00f3n Electoral del INE se llev\u00f3 a cabo ante la presencia del Vocal Ejecutivo del INE, Oscar \u00c1vila Aldana; el Vocal de Educaci\u00f3n C\u00edvica y Capacitaci\u00f3n Electoral, Pedro del \u00c1ngel Badillo; el Vocal del Registro Federal de Electores, Vicente Rodr\u00edguez; as\u00ed como el Vocal Secretario de la Junta Distrital Ejecutiva del INE en Huejutla, Roberto Castro D\u00edaz.<\/p>\n\n\n\n<figure class=\"wp-block-image size-large\"><img fetchpriority=\"high\" decoding=\"async\" width=\"1024\" height=\"538\" src=\"https:\/\/www.zunoticia.com\/noticias-de-hidalgo\/wp-content\/uploads\/2023\/09\/oscar-1024x538.jpg\" alt=\"\" class=\"wp-image-501587\" srcset=\"https:\/\/www.zunoticia.com\/noticias-de-hidalgo\/wp-content\/uploads\/2023\/09\/oscar-1024x538.jpg 1024w, https:\/\/www.zunoticia.com\/noticias-de-hidalgo\/wp-content\/uploads\/2023\/09\/oscar-300x158.jpg 300w, https:\/\/www.zunoticia.com\/noticias-de-hidalgo\/wp-content\/uploads\/2023\/09\/oscar-768x403.jpg 768w, https:\/\/www.zunoticia.com\/noticias-de-hidalgo\/wp-content\/uploads\/2023\/09\/oscar.jpg 1200w\" sizes=\"(max-width: 1024px) 100vw, 1024px\" \/><\/figure>\n\n\n\n<p>Oscar \u00c1vila Aldana, se\u00f1ala que el Vocal de Organizaci\u00f3n Electoral del INE en Huejutla, Luis Alejandro Guerrero Maldonado, es quien se har\u00e1 cargo del Proceso Electoral que se lleva a cabo; \u00e9l fue designado por el servicio profesional electoral temporalmente y se espera que sea por todo el proceso electoral.<\/p>\n\n\n\n<p>Asimismo, expone que en junio del 2024 se tendr\u00e1 un proceso electoral muy grande en el pa\u00eds, pues se habr\u00e1 de elegir m\u00e1s de 20 mil cargos p\u00fablicos, en Hidalgo se elegir\u00e1n 84 Presidentes Municipales y 30 Diputados del Congreso Local, y en el pa\u00eds se proceder\u00e1 a elegir al Presidente de la Rep\u00fablica, Senadores y Diputados Federales.<\/p>\n\n\n\n<p>Concluye que este proceso es la actividad que viene y para ello se tiene al Ingeniero Luis Alejandro Guerrero Maldonado, para que juntos enfrentemos el reto en el 01 Distrito Electoral Federal en Huejutla, que como todos saben pasamos de 15 a 18 municipios a quienes se les brinda atenci\u00f3n, adem\u00e1s de que a partir de este 1\u00ba de septiembre se atiende a los tres nuevos municipios asignados al Distrito de Huejutla con los M\u00f3dulos de Atenci\u00f3n Ciudadana para que la poblaci\u00f3n pueda tramitar la credencial de elector con fotograf\u00eda.<\/p>\n","protected":false},"excerpt":{"rendered":"<p>Por Enedino Hern\u00e1ndez\/Zunoticia Huejutla, Hgo.- El Ingeniero Luis Alejandro Guerrero Maldonado tom\u00f3 protesta al mediod\u00eda de este viernes primero de septiembre como nuevo Vocal de Organizaci\u00f3n Electoral del Instituto Nacional Electoral (INE) en Huejutla; en sustituci\u00f3n de Said Barrera, quien realiza tr\u00e1mites de jubilaci\u00f3n. La toma de protesta del Vocal de Organizaci\u00f3n Electoral del INE&hellip; <a class=\"more-link\" href=\"https:\/\/www.zunoticia.com\/noticias-de-hidalgo\/2023\/09\/01\/toma-protesta-nuevo-vocal-de-organizacion-del-ine-en-el-01-distrito-de-huejutla\/\">Seguir leyendo <span class=\"screen-reader-text\">Toma protesta nuevo Vocal de Organizaci\u00f3n del INE en el 01 Distrito de Huejutla<\/span><\/a><\/p>\n","protected":false},"author":13,"featured_media":501578,"comment_status":"closed","ping_status":"open","sticky":false,"template":"","format":"standard","meta":{"rop_custom_images_group":[],"rop_custom_messages_group":[],"rop_publish_now":"initial","rop_publish_now_accounts":{"facebook_10159540855086992_322828327761733":""},"rop_publish_now_history":[],"rop_publish_now_status":"pending","footnotes":""},"categories":[181],"tags":[121],"class_list":["post-501577","post","type-post","status-publish","format-standard","has-post-thumbnail","hentry","category-huejutla","tag-huejutla","entry"],"_links":{"self":[{"href":"https:\/\/www.zunoticia.com\/noticias-de-hidalgo\/wp-json\/wp\/v2\/posts\/501577","targetHints":{"allow":["GET"]}}],"collection":[{"href":"https:\/\/www.zunoticia.com\/noticias-de-hidalgo\/wp-json\/wp\/v2\/posts"}],"about":[{"href":"https:\/\/www.zunoticia.com\/noticias-de-hidalgo\/wp-json\/wp\/v2\/types\/post"}],"author":[{"embeddable":true,"href":"https:\/\/www.zunoticia.com\/noticias-de-hidalgo\/wp-json\/wp\/v2\/users\/13"}],"replies":[{"embeddable":true,"href":"https:\/\/www.zunoticia.com\/noticias-de-hidalgo\/wp-json\/wp\/v2\/comments?post=501577"}],"version-history":[{"count":1,"href":"https:\/\/www.zunoticia.com\/noticias-de-hidalgo\/wp-json\/wp\/v2\/posts\/501577\/revisions"}],"predecessor-version":[{"id":501588,"href":"https:\/\/www.zunoticia.com\/noticias-de-hidalgo\/wp-json\/wp\/v2\/posts\/501577\/revisions\/501588"}],"wp:featuredmedia":[{"embeddable":true,"href":"https:\/\/www.zunoticia.com\/noticias-de-hidalgo\/wp-json\/wp\/v2\/media\/501578"}],"wp:attachment":[{"href":"https:\/\/www.zunoticia.com\/noticias-de-hidalgo\/wp-json\/wp\/v2\/media?parent=501577"}],"wp:term":[{"taxonomy":"category","embeddable":true,"href":"https:\/\/www.zunoticia.com\/noticias-de-hidalgo\/wp-json\/wp\/v2\/categories?post=501577"},{"taxonomy":"post_tag","embeddable":true,"href":"https:\/\/www.zunoticia.com\/noticias-de-hidalgo\/wp-json\/wp\/v2\/tags?post=501577"}],"curies":[{"name":"wp","href":"https:\/\/api.w.org\/{rel}","templated":true}]}}