{"id":501591,"date":"2023-09-01T18:57:44","date_gmt":"2023-09-02T00:57:44","guid":{"rendered":"https:\/\/www.zunoticia.com\/noticias-de-hidalgo\/?p=501591"},"modified":"2023-09-01T18:57:45","modified_gmt":"2023-09-02T00:57:45","slug":"celebran-reunion-de-consejo-de-desarrollo-sustentable","status":"publish","type":"post","link":"https:\/\/www.zunoticia.com\/noticias-de-hidalgo\/2023\/09\/01\/celebran-reunion-de-consejo-de-desarrollo-sustentable\/","title":{"rendered":"Celebran reuni\u00f3n de consejo de desarrollo sustentable"},"content":{"rendered":"<aside class=\"mashsb-container mashsb-main mashsb-stretched\"><div class=\"mashsb-box\"><div class=\"mashsb-count mash-large\" style=\"float:left\"><div class=\"counts mashsbcount\">10<\/div><span class=\"mashsb-sharetext\">SHARES<\/span><\/div><div class=\"mashsb-buttons\"><a class=\"mashicon-facebook mash-large mash-center mashsb-noshadow\" href=\"https:\/\/www.facebook.com\/sharer.php?u=https%3A%2F%2Fwww.zunoticia.com%2Fnoticias-de-hidalgo%2F2023%2F09%2F01%2Fcelebran-reunion-de-consejo-de-desarrollo-sustentable%2F\" target=\"_top\" rel=\"nofollow\"><span class=\"icon\"><\/span><span class=\"text\">Share<\/span><\/a><a class=\"mashicon-twitter mash-large mash-center mashsb-noshadow\" href=\"https:\/\/twitter.com\/intent\/tweet?text=&amp;url=https:\/\/www.zunoticia.com\/noticias-de-hidalgo\/2023\/09\/01\/celebran-reunion-de-consejo-de-desarrollo-sustentable\/\" target=\"_top\" rel=\"nofollow\"><span class=\"icon\"><\/span><span class=\"text\">Tweet<\/span><\/a><div class=\"onoffswitch2 mash-large mashsb-noshadow\" style=\"display:none\"><\/div><\/div>\n            <\/div>\n                <div style=\"clear:both\"><\/div><div class=\"mashsb-toggle-container\"><\/div><\/aside>\n            <!-- Share buttons by mashshare.net - Version: 4.0.47-->\n<p><em>Por \u00c1ngel Silverio\/Zunoticia<\/em><\/p>\n\n\n\n<p><strong>San Felipe Orizatl\u00e1n, Hgo.-<\/strong> Con la presencia de Alfredo Salinas \u00c1lvarez, encargado del CADER, regi\u00f3n San Felipe Orizatl\u00e1n, Mar\u00edcela Hern\u00e1ndez Hern\u00e1ndez, directora de Proyectos Productivos del Ayuntamiento, Griselda Ram\u00edrez, representante de Marco Antonio Ramos Moguel, Subsecretario de Gobierno en la Huasteca, as\u00ed como los productores de ma\u00edz y frijol de las distintas localidades del Municipio, se celebr\u00f3 la Tercera Reuni\u00f3n del Consejos de Desarrollo Rural Sustentable.<\/p>\n\n\n\n<p>En dicha reuni\u00f3n se tocaron diversos temas como, las plagas y enfermedades del ma\u00edz, el control etol\u00f3gico para el gusano cogollero, a cargo del ponente Eliodoro Castellanos Jim\u00e9nez, del Comit\u00e9 de Sanidad Vegetal del Estado de Hidalgo.<\/p>\n\n\n\n<p>As\u00ed tambi\u00e9n, sobre el uso de Bioinsumos y fertilizantes gratuitos por la ponente Alba Flores Hern\u00e1ndez.<\/p>\n\n\n\n<p>Mar\u00edcela Hern\u00e1ndez, a nombre de la alcaldesa Erika Saab Lara, agradeci\u00f3 la presencia de cada uno de los presentes y se\u00f1al\u00f3 la importancia de dicha reuni\u00f3n, en donde se pone en la mesa algunos intercambios de ideas para beneficio del campo.<\/p>\n","protected":false},"excerpt":{"rendered":"<p>Por \u00c1ngel Silverio\/Zunoticia San Felipe Orizatl\u00e1n, Hgo.- Con la presencia de Alfredo Salinas \u00c1lvarez, encargado del CADER, regi\u00f3n San Felipe Orizatl\u00e1n, Mar\u00edcela Hern\u00e1ndez Hern\u00e1ndez, directora de Proyectos Productivos del Ayuntamiento, Griselda Ram\u00edrez, representante de Marco Antonio Ramos Moguel, Subsecretario de Gobierno en la Huasteca, as\u00ed como los productores de ma\u00edz y frijol de las distintas&hellip; <a class=\"more-link\" href=\"https:\/\/www.zunoticia.com\/noticias-de-hidalgo\/2023\/09\/01\/celebran-reunion-de-consejo-de-desarrollo-sustentable\/\">Seguir leyendo <span class=\"screen-reader-text\">Celebran reuni\u00f3n de consejo de desarrollo sustentable<\/span><\/a><\/p>\n","protected":false},"author":13,"featured_media":501580,"comment_status":"closed","ping_status":"open","sticky":false,"template":"","format":"standard","meta":{"rop_custom_images_group":[],"rop_custom_messages_group":[],"rop_publish_now":"initial","rop_publish_now_accounts":{"facebook_10159540855086992_322828327761733":""},"rop_publish_now_history":[],"rop_publish_now_status":"pending","footnotes":""},"categories":[180],"tags":[129],"class_list":["post-501591","post","type-post","status-publish","format-standard","has-post-thumbnail","hentry","category-orizatlan","tag-orizatlan","entry"],"_links":{"self":[{"href":"https:\/\/www.zunoticia.com\/noticias-de-hidalgo\/wp-json\/wp\/v2\/posts\/501591","targetHints":{"allow":["GET"]}}],"collection":[{"href":"https:\/\/www.zunoticia.com\/noticias-de-hidalgo\/wp-json\/wp\/v2\/posts"}],"about":[{"href":"https:\/\/www.zunoticia.com\/noticias-de-hidalgo\/wp-json\/wp\/v2\/types\/post"}],"author":[{"embeddable":true,"href":"https:\/\/www.zunoticia.com\/noticias-de-hidalgo\/wp-json\/wp\/v2\/users\/13"}],"replies":[{"embeddable":true,"href":"https:\/\/www.zunoticia.com\/noticias-de-hidalgo\/wp-json\/wp\/v2\/comments?post=501591"}],"version-history":[{"count":1,"href":"https:\/\/www.zunoticia.com\/noticias-de-hidalgo\/wp-json\/wp\/v2\/posts\/501591\/revisions"}],"predecessor-version":[{"id":501592,"href":"https:\/\/www.zunoticia.com\/noticias-de-hidalgo\/wp-json\/wp\/v2\/posts\/501591\/revisions\/501592"}],"wp:featuredmedia":[{"embeddable":true,"href":"https:\/\/www.zunoticia.com\/noticias-de-hidalgo\/wp-json\/wp\/v2\/media\/501580"}],"wp:attachment":[{"href":"https:\/\/www.zunoticia.com\/noticias-de-hidalgo\/wp-json\/wp\/v2\/media?parent=501591"}],"wp:term":[{"taxonomy":"category","embeddable":true,"href":"https:\/\/www.zunoticia.com\/noticias-de-hidalgo\/wp-json\/wp\/v2\/categories?post=501591"},{"taxonomy":"post_tag","embeddable":true,"href":"https:\/\/www.zunoticia.com\/noticias-de-hidalgo\/wp-json\/wp\/v2\/tags?post=501591"}],"curies":[{"name":"wp","href":"https:\/\/api.w.org\/{rel}","templated":true}]}}