{"id":501593,"date":"2023-09-01T21:04:14","date_gmt":"2023-09-02T03:04:14","guid":{"rendered":"https:\/\/www.zunoticia.com\/noticias-de-hidalgo\/?p=501593"},"modified":"2023-09-01T21:04:15","modified_gmt":"2023-09-02T03:04:15","slug":"vuelca-automovil-en-la-alamo-tamazunchale","status":"publish","type":"post","link":"https:\/\/www.zunoticia.com\/noticias-de-hidalgo\/2023\/09\/01\/vuelca-automovil-en-la-alamo-tamazunchale\/","title":{"rendered":"Vuelca autom\u00f3vil en la \u00c1lamo \u2013 Tamazunchale"},"content":{"rendered":"<aside class=\"mashsb-container mashsb-main mashsb-stretched\"><div class=\"mashsb-box\"><div class=\"mashsb-count mash-large\" style=\"float:left\"><div class=\"counts mashsbcount\">34<\/div><span class=\"mashsb-sharetext\">SHARES<\/span><\/div><div class=\"mashsb-buttons\"><a class=\"mashicon-facebook mash-large mash-center mashsb-noshadow\" href=\"https:\/\/www.facebook.com\/sharer.php?u=https%3A%2F%2Fwww.zunoticia.com%2Fnoticias-de-hidalgo%2F2023%2F09%2F01%2Fvuelca-automovil-en-la-alamo-tamazunchale%2F\" target=\"_top\" rel=\"nofollow\"><span class=\"icon\"><\/span><span class=\"text\">Share<\/span><\/a><a class=\"mashicon-twitter mash-large mash-center mashsb-noshadow\" href=\"https:\/\/twitter.com\/intent\/tweet?text=&amp;url=https:\/\/www.zunoticia.com\/noticias-de-hidalgo\/2023\/09\/01\/vuelca-automovil-en-la-alamo-tamazunchale\/\" target=\"_top\" rel=\"nofollow\"><span class=\"icon\"><\/span><span class=\"text\">Tweet<\/span><\/a><div class=\"onoffswitch2 mash-large mashsb-noshadow\" style=\"display:none\"><\/div><\/div>\n            <\/div>\n                <div style=\"clear:both\"><\/div><div class=\"mashsb-toggle-container\"><\/div><\/aside>\n            <!-- Share buttons by mashshare.net - Version: 4.0.47-->\n<p><em>Por Francisco Rosas\/Zunoticia<\/em><\/p>\n\n\n\n<p><strong>Xochiatipan, Hgo.-<\/strong> Un auto compacto que circulaba en la carretera federal \u00c1lamo \u2013 Tamazunchale, sufri\u00f3 una estrepitosa volcadura la tarde de este viernes, sin embargo afortunadamente no hubo personas lesionadas, solo p\u00e9rdidas materiales por varios miles de pesos.<\/p>\n\n\n\n<p>El accidente automovil\u00edstico sucedi\u00f3 entre los l\u00edmites de los estados de Hidalgo y Veracruz, cerca de la entrada de este municipio, donde un veh\u00edculo de marca Volkswagen de color blanco, con placas de circulaci\u00f3n del estado de San Luis, que presuntamente era guiado a exceso de velocidad, se sali\u00f3 de la carpeta asf\u00e1ltica y termin\u00f3 volcado en un predio.<\/p>\n\n\n\n<p>Automovilistas que circulaban en esta importante v\u00eda de comunicaci\u00f3n auxiliaron al conductor del coche y con el apoyo de un cami\u00f3n de volteo rescataron la unidad y de esta manera lo remolcaron a un taller mec\u00e1nico, debido que nunca llegaron los agentes de la Guardia Nacional Divisi\u00f3n Caminos para atender la emergencia.<\/p>\n","protected":false},"excerpt":{"rendered":"<p>Por Francisco Rosas\/Zunoticia Xochiatipan, Hgo.- Un auto compacto que circulaba en la carretera federal \u00c1lamo \u2013 Tamazunchale, sufri\u00f3 una estrepitosa volcadura la tarde de este viernes, sin embargo afortunadamente no hubo personas lesionadas, solo p\u00e9rdidas materiales por varios miles de pesos. El accidente automovil\u00edstico sucedi\u00f3 entre los l\u00edmites de los estados de Hidalgo y Veracruz,&hellip; <a class=\"more-link\" href=\"https:\/\/www.zunoticia.com\/noticias-de-hidalgo\/2023\/09\/01\/vuelca-automovil-en-la-alamo-tamazunchale\/\">Seguir leyendo <span class=\"screen-reader-text\">Vuelca autom\u00f3vil en la \u00c1lamo \u2013 Tamazunchale<\/span><\/a><\/p>\n","protected":false},"author":12,"featured_media":501595,"comment_status":"closed","ping_status":"open","sticky":false,"template":"","format":"standard","meta":{"rop_custom_images_group":[],"rop_custom_messages_group":[],"rop_publish_now":"initial","rop_publish_now_accounts":{"facebook_10159540855086992_322828327761733":""},"rop_publish_now_history":[],"rop_publish_now_status":"pending","footnotes":""},"categories":[178],"tags":[259],"class_list":["post-501593","post","type-post","status-publish","format-standard","has-post-thumbnail","hentry","category-policiaca","tag-policiaca","entry"],"_links":{"self":[{"href":"https:\/\/www.zunoticia.com\/noticias-de-hidalgo\/wp-json\/wp\/v2\/posts\/501593","targetHints":{"allow":["GET"]}}],"collection":[{"href":"https:\/\/www.zunoticia.com\/noticias-de-hidalgo\/wp-json\/wp\/v2\/posts"}],"about":[{"href":"https:\/\/www.zunoticia.com\/noticias-de-hidalgo\/wp-json\/wp\/v2\/types\/post"}],"author":[{"embeddable":true,"href":"https:\/\/www.zunoticia.com\/noticias-de-hidalgo\/wp-json\/wp\/v2\/users\/12"}],"replies":[{"embeddable":true,"href":"https:\/\/www.zunoticia.com\/noticias-de-hidalgo\/wp-json\/wp\/v2\/comments?post=501593"}],"version-history":[{"count":1,"href":"https:\/\/www.zunoticia.com\/noticias-de-hidalgo\/wp-json\/wp\/v2\/posts\/501593\/revisions"}],"predecessor-version":[{"id":501596,"href":"https:\/\/www.zunoticia.com\/noticias-de-hidalgo\/wp-json\/wp\/v2\/posts\/501593\/revisions\/501596"}],"wp:featuredmedia":[{"embeddable":true,"href":"https:\/\/www.zunoticia.com\/noticias-de-hidalgo\/wp-json\/wp\/v2\/media\/501595"}],"wp:attachment":[{"href":"https:\/\/www.zunoticia.com\/noticias-de-hidalgo\/wp-json\/wp\/v2\/media?parent=501593"}],"wp:term":[{"taxonomy":"category","embeddable":true,"href":"https:\/\/www.zunoticia.com\/noticias-de-hidalgo\/wp-json\/wp\/v2\/categories?post=501593"},{"taxonomy":"post_tag","embeddable":true,"href":"https:\/\/www.zunoticia.com\/noticias-de-hidalgo\/wp-json\/wp\/v2\/tags?post=501593"}],"curies":[{"name":"wp","href":"https:\/\/api.w.org\/{rel}","templated":true}]}}