{"id":501623,"date":"2023-09-01T22:14:38","date_gmt":"2023-09-02T04:14:38","guid":{"rendered":"https:\/\/www.zunoticia.com\/noticias-de-hidalgo\/?p=501623"},"modified":"2023-09-01T22:14:41","modified_gmt":"2023-09-02T04:14:41","slug":"radio-tordos-sorprendio-al-bayern-munich-en-lmfvm","status":"publish","type":"post","link":"https:\/\/www.zunoticia.com\/noticias-de-hidalgo\/2023\/09\/01\/radio-tordos-sorprendio-al-bayern-munich-en-lmfvm\/","title":{"rendered":"Radio Tordos \u201csorprendi\u00f3\u201d al Bayern M\u00fanich en LMFVM"},"content":{"rendered":"<aside class=\"mashsb-container mashsb-main mashsb-stretched\"><div class=\"mashsb-box\"><div class=\"mashsb-count mash-large\" style=\"float:left\"><div class=\"counts mashsbcount\">14<\/div><span class=\"mashsb-sharetext\">SHARES<\/span><\/div><div class=\"mashsb-buttons\"><a class=\"mashicon-facebook mash-large mash-center mashsb-noshadow\" href=\"https:\/\/www.facebook.com\/sharer.php?u=https%3A%2F%2Fwww.zunoticia.com%2Fnoticias-de-hidalgo%2F2023%2F09%2F01%2Fradio-tordos-sorprendio-al-bayern-munich-en-lmfvm%2F\" target=\"_top\" rel=\"nofollow\"><span class=\"icon\"><\/span><span class=\"text\">Share<\/span><\/a><a class=\"mashicon-twitter mash-large mash-center mashsb-noshadow\" href=\"https:\/\/twitter.com\/intent\/tweet?text=&amp;url=https:\/\/www.zunoticia.com\/noticias-de-hidalgo\/2023\/09\/01\/radio-tordos-sorprendio-al-bayern-munich-en-lmfvm\/\" target=\"_top\" rel=\"nofollow\"><span class=\"icon\"><\/span><span class=\"text\">Tweet<\/span><\/a><div class=\"onoffswitch2 mash-large mashsb-noshadow\" style=\"display:none\"><\/div><\/div>\n            <\/div>\n                <div style=\"clear:both\"><\/div><div class=\"mashsb-toggle-container\"><\/div><\/aside>\n            <!-- Share buttons by mashshare.net - Version: 4.0.47-->\n<ul class=\"wp-block-list\">\n<li>En otros resultados: Tuzos 4 \u2013 3 al Deportivo Pintor, Guerreros 2 \u2013 0 a Superior y AHUFE 1 \u2013 0 al Deportivo Nava.<\/li>\n<\/ul>\n\n\n\n<p><em>Por Jos\u00e9 Luis Romero Ruiz\/Zunoticia<\/em><\/p>\n\n\n\n<p><strong>Huejutla, Hgo.-<\/strong> El equipo de Radio Tordos se enfrent\u00f3 al Bayern M\u00fanich en la jornada 2 de la segunda vuelta del torneo de copa 2023 denominado \u201cJos\u00e9 Eugenio Segura Marroqu\u00edn\u201d de la Liga Municipal de F\u00fatbol de Veteranos M\u00e1ster (LMFVM); al final Radio Tordos derrot\u00f3 3 \u2013 2 al Bayern M\u00fanich.<\/p>\n\n\n\n<p>El duelo se desarroll\u00f3 en la Unidad Deportiva Antonio Reyes Cabrera \u201cEl Tordo\u201d, y las incidencias arrancaron alrededor de las 17:00 horas y al minuto 5 el delantero del Bayern Pedro Cruz abri\u00f3 el marcador, el 1 \u2013 1 lo consigui\u00f3 David \u201cGusano\u201d Contreras, y antes de irse al descanso Atanacio \u201cShuster\u201d Hern\u00e1ndez les dio la ventaja a los taxistas con gol de media cancha.<\/p>\n\n\n\n<p>En la parte complementaria el Bayern adelant\u00f3 filas en busca de empatar el escore, pero Jos\u00e9 Luis \u201cChula\u201d S\u00e1nchez entr\u00f3 de cambio y se escap\u00f3 por la banda izquierda y al adentrarse en el \u00e1rea, y sin \u00e1ngulo de disparo, ampli\u00f3 la ventaja 3 \u2013 1.<\/p>\n\n\n\n<p>Conforme avanzaba el reloj la desesperaci\u00f3n se hizo presente en la banca y direcci\u00f3n t\u00e9cnica del cuadro \u201caspirino\u201d, al minuto 85 Pedro Cruz anot\u00f3 el 2 \u2013 3, y de esta forma el Bayern M\u00fanich perdi\u00f3 su calidad de invicto a manos de Radio Tordos.<\/p>\n","protected":false},"excerpt":{"rendered":"<p>Por Jos\u00e9 Luis Romero Ruiz\/Zunoticia Huejutla, Hgo.- El equipo de Radio Tordos se enfrent\u00f3 al Bayern M\u00fanich en la jornada 2 de la segunda vuelta del torneo de copa 2023 denominado \u201cJos\u00e9 Eugenio Segura Marroqu\u00edn\u201d de la Liga Municipal de F\u00fatbol de Veteranos M\u00e1ster (LMFVM); al final Radio Tordos derrot\u00f3 3 \u2013 2 al Bayern&hellip; <a class=\"more-link\" href=\"https:\/\/www.zunoticia.com\/noticias-de-hidalgo\/2023\/09\/01\/radio-tordos-sorprendio-al-bayern-munich-en-lmfvm\/\">Seguir leyendo <span class=\"screen-reader-text\">Radio Tordos \u201csorprendi\u00f3\u201d al Bayern M\u00fanich en LMFVM<\/span><\/a><\/p>\n","protected":false},"author":12,"featured_media":501608,"comment_status":"closed","ping_status":"open","sticky":false,"template":"","format":"standard","meta":{"rop_custom_images_group":[],"rop_custom_messages_group":[],"rop_publish_now":"initial","rop_publish_now_accounts":{"facebook_10159540855086992_322828327761733":""},"rop_publish_now_history":[],"rop_publish_now_status":"pending","footnotes":""},"categories":[177],"tags":[215],"class_list":["post-501623","post","type-post","status-publish","format-standard","has-post-thumbnail","hentry","category-deportes","tag-deportes","entry"],"_links":{"self":[{"href":"https:\/\/www.zunoticia.com\/noticias-de-hidalgo\/wp-json\/wp\/v2\/posts\/501623","targetHints":{"allow":["GET"]}}],"collection":[{"href":"https:\/\/www.zunoticia.com\/noticias-de-hidalgo\/wp-json\/wp\/v2\/posts"}],"about":[{"href":"https:\/\/www.zunoticia.com\/noticias-de-hidalgo\/wp-json\/wp\/v2\/types\/post"}],"author":[{"embeddable":true,"href":"https:\/\/www.zunoticia.com\/noticias-de-hidalgo\/wp-json\/wp\/v2\/users\/12"}],"replies":[{"embeddable":true,"href":"https:\/\/www.zunoticia.com\/noticias-de-hidalgo\/wp-json\/wp\/v2\/comments?post=501623"}],"version-history":[{"count":1,"href":"https:\/\/www.zunoticia.com\/noticias-de-hidalgo\/wp-json\/wp\/v2\/posts\/501623\/revisions"}],"predecessor-version":[{"id":501626,"href":"https:\/\/www.zunoticia.com\/noticias-de-hidalgo\/wp-json\/wp\/v2\/posts\/501623\/revisions\/501626"}],"wp:featuredmedia":[{"embeddable":true,"href":"https:\/\/www.zunoticia.com\/noticias-de-hidalgo\/wp-json\/wp\/v2\/media\/501608"}],"wp:attachment":[{"href":"https:\/\/www.zunoticia.com\/noticias-de-hidalgo\/wp-json\/wp\/v2\/media?parent=501623"}],"wp:term":[{"taxonomy":"category","embeddable":true,"href":"https:\/\/www.zunoticia.com\/noticias-de-hidalgo\/wp-json\/wp\/v2\/categories?post=501623"},{"taxonomy":"post_tag","embeddable":true,"href":"https:\/\/www.zunoticia.com\/noticias-de-hidalgo\/wp-json\/wp\/v2\/tags?post=501623"}],"curies":[{"name":"wp","href":"https:\/\/api.w.org\/{rel}","templated":true}]}}