{"id":501628,"date":"2023-09-01T22:17:03","date_gmt":"2023-09-02T04:17:03","guid":{"rendered":"https:\/\/www.zunoticia.com\/noticias-de-hidalgo\/?p=501628"},"modified":"2023-09-01T22:17:04","modified_gmt":"2023-09-02T04:17:04","slug":"concreta-frente-y-sectores-de-la-sociedad-apoyo-para-xochitl-galvez","status":"publish","type":"post","link":"https:\/\/www.zunoticia.com\/noticias-de-hidalgo\/2023\/09\/01\/concreta-frente-y-sectores-de-la-sociedad-apoyo-para-xochitl-galvez\/","title":{"rendered":"Concreta Frente y sectores de la sociedad, apoyo para X\u00f3chitl G\u00e1lvez"},"content":{"rendered":"<aside class=\"mashsb-container mashsb-main mashsb-stretched\"><div class=\"mashsb-box\"><div class=\"mashsb-count mash-large\" style=\"float:left\"><div class=\"counts mashsbcount\">40<\/div><span class=\"mashsb-sharetext\">SHARES<\/span><\/div><div class=\"mashsb-buttons\"><a class=\"mashicon-facebook mash-large mash-center mashsb-noshadow\" href=\"https:\/\/www.facebook.com\/sharer.php?u=https%3A%2F%2Fwww.zunoticia.com%2Fnoticias-de-hidalgo%2F2023%2F09%2F01%2Fconcreta-frente-y-sectores-de-la-sociedad-apoyo-para-xochitl-galvez%2F\" target=\"_top\" rel=\"nofollow\"><span class=\"icon\"><\/span><span class=\"text\">Share<\/span><\/a><a class=\"mashicon-twitter mash-large mash-center mashsb-noshadow\" href=\"https:\/\/twitter.com\/intent\/tweet?text=&amp;url=https:\/\/www.zunoticia.com\/noticias-de-hidalgo\/2023\/09\/01\/concreta-frente-y-sectores-de-la-sociedad-apoyo-para-xochitl-galvez\/\" target=\"_top\" rel=\"nofollow\"><span class=\"icon\"><\/span><span class=\"text\">Tweet<\/span><\/a><div class=\"onoffswitch2 mash-large mashsb-noshadow\" style=\"display:none\"><\/div><\/div>\n            <\/div>\n                <div style=\"clear:both\"><\/div><div class=\"mashsb-toggle-container\"><\/div><\/aside>\n            <!-- Share buttons by mashshare.net - Version: 4.0.47-->\n<ul class=\"wp-block-list\">\n<li>X\u00f3chitl G\u00e1lvez ser\u00e1 la encargada de construir el Frente Amplio por M\u00e9xico.<\/li>\n<\/ul>\n\n\n\n<p><em>Por Redacci\u00f3n\/Zunoticia<\/em><\/p>\n\n\n\n<p><strong>Pachuca, Hgo.-<\/strong> La ma\u00f1ana de este viernes sesion\u00f3 el Comit\u00e9 en Hidalgo del Frente Amplio por M\u00e9xico, en el que participaron representantes del PRI, PAN, PRD y sociedad civil, quienes manifestaron su respaldo a X\u00f3chitl G\u00e1lvez como responsable de la construcci\u00f3n del Frente Amplio por M\u00e9xico.<\/p>\n\n\n\n<p>En d\u00edas pasados, el FAM dio a conocer el resultado de las mediciones en las que X\u00f3chitl G\u00e1lvez obtuvo alrededor del 60 por ciento de las preferencias, por lo que, tras la dimisi\u00f3n de Beatriz Paredes, se convirti\u00f3 en la finalista del proceso de selecci\u00f3n del Frente Amplio.<\/p>\n\n\n\n<p>Originalmente estaba previsto que este domingo 3 de septiembre se llevara a cabo la consulta, no obstante, al ser X\u00f3chitl G\u00e1lvez la \u00fanica finalista, no se realizar\u00e1 dicha jornada, por lo que en su lugar se prev\u00e9 una gran movilizaci\u00f3n en todo el pa\u00eds y en la Capital de la Rep\u00fablica en la que le ser\u00e1 entregada la constancia respectiva a la senadora hidalguense.<\/p>\n\n\n\n<p>A la reuni\u00f3n acudieron por el PAN, Claudia Lilia Luna y Azael Hern\u00e1ndez; por el PRI, Marco Antonio Mendoza y Mayka Ortega, por el PRD; Jorge Viveros, as\u00ed como Alejandro Soto Delgado, representante de la sociedad civil y Prisciliano Gutierrez, en su calidad de Secretario T\u00e9cnico.<\/p>\n\n\n\n<p>Los representantes del Frente Amplio por M\u00e9xico coincidieron en que avanzar\u00e1n en unidad para fortalecer la designaci\u00f3n de G\u00e1lvez Ruiz, a quien reconocen como luchadora social cuyo amor por Hidalgo entusiasma y contagia como una opci\u00f3n viable para M\u00e9xico.<\/p>\n","protected":false},"excerpt":{"rendered":"<p>Por Redacci\u00f3n\/Zunoticia Pachuca, Hgo.- La ma\u00f1ana de este viernes sesion\u00f3 el Comit\u00e9 en Hidalgo del Frente Amplio por M\u00e9xico, en el que participaron representantes del PRI, PAN, PRD y sociedad civil, quienes manifestaron su respaldo a X\u00f3chitl G\u00e1lvez como responsable de la construcci\u00f3n del Frente Amplio por M\u00e9xico. En d\u00edas pasados, el FAM dio a&hellip; <a class=\"more-link\" href=\"https:\/\/www.zunoticia.com\/noticias-de-hidalgo\/2023\/09\/01\/concreta-frente-y-sectores-de-la-sociedad-apoyo-para-xochitl-galvez\/\">Seguir leyendo <span class=\"screen-reader-text\">Concreta Frente y sectores de la sociedad, apoyo para X\u00f3chitl G\u00e1lvez<\/span><\/a><\/p>\n","protected":false},"author":12,"featured_media":501604,"comment_status":"closed","ping_status":"open","sticky":false,"template":"","format":"standard","meta":{"rop_custom_images_group":[],"rop_custom_messages_group":[],"rop_publish_now":"initial","rop_publish_now_accounts":{"facebook_10159540855086992_322828327761733":""},"rop_publish_now_history":[],"rop_publish_now_status":"pending","footnotes":""},"categories":[208],"tags":[214],"class_list":["post-501628","post","type-post","status-publish","format-standard","has-post-thumbnail","hentry","category-estado","tag-estado","entry"],"_links":{"self":[{"href":"https:\/\/www.zunoticia.com\/noticias-de-hidalgo\/wp-json\/wp\/v2\/posts\/501628","targetHints":{"allow":["GET"]}}],"collection":[{"href":"https:\/\/www.zunoticia.com\/noticias-de-hidalgo\/wp-json\/wp\/v2\/posts"}],"about":[{"href":"https:\/\/www.zunoticia.com\/noticias-de-hidalgo\/wp-json\/wp\/v2\/types\/post"}],"author":[{"embeddable":true,"href":"https:\/\/www.zunoticia.com\/noticias-de-hidalgo\/wp-json\/wp\/v2\/users\/12"}],"replies":[{"embeddable":true,"href":"https:\/\/www.zunoticia.com\/noticias-de-hidalgo\/wp-json\/wp\/v2\/comments?post=501628"}],"version-history":[{"count":1,"href":"https:\/\/www.zunoticia.com\/noticias-de-hidalgo\/wp-json\/wp\/v2\/posts\/501628\/revisions"}],"predecessor-version":[{"id":501629,"href":"https:\/\/www.zunoticia.com\/noticias-de-hidalgo\/wp-json\/wp\/v2\/posts\/501628\/revisions\/501629"}],"wp:featuredmedia":[{"embeddable":true,"href":"https:\/\/www.zunoticia.com\/noticias-de-hidalgo\/wp-json\/wp\/v2\/media\/501604"}],"wp:attachment":[{"href":"https:\/\/www.zunoticia.com\/noticias-de-hidalgo\/wp-json\/wp\/v2\/media?parent=501628"}],"wp:term":[{"taxonomy":"category","embeddable":true,"href":"https:\/\/www.zunoticia.com\/noticias-de-hidalgo\/wp-json\/wp\/v2\/categories?post=501628"},{"taxonomy":"post_tag","embeddable":true,"href":"https:\/\/www.zunoticia.com\/noticias-de-hidalgo\/wp-json\/wp\/v2\/tags?post=501628"}],"curies":[{"name":"wp","href":"https:\/\/api.w.org\/{rel}","templated":true}]}}