{"id":501645,"date":"2023-09-01T22:48:28","date_gmt":"2023-09-02T04:48:28","guid":{"rendered":"https:\/\/www.zunoticia.com\/noticias-de-hidalgo\/?p=501645"},"modified":"2023-09-01T22:48:29","modified_gmt":"2023-09-02T04:48:29","slug":"vacunacion-covid-a-ninos-de-5-a-11-anos","status":"publish","type":"post","link":"https:\/\/www.zunoticia.com\/noticias-de-hidalgo\/2023\/09\/01\/vacunacion-covid-a-ninos-de-5-a-11-anos\/","title":{"rendered":"Vacunaci\u00f3n Covid a ni\u00f1os de 5 a 11 a\u00f1os"},"content":{"rendered":"<aside class=\"mashsb-container mashsb-main mashsb-stretched\"><div class=\"mashsb-box\"><div class=\"mashsb-count mash-large\" style=\"float:left\"><div class=\"counts mashsbcount\">39<\/div><span class=\"mashsb-sharetext\">SHARES<\/span><\/div><div class=\"mashsb-buttons\"><a class=\"mashicon-facebook mash-large mash-center mashsb-noshadow\" href=\"https:\/\/www.facebook.com\/sharer.php?u=https%3A%2F%2Fwww.zunoticia.com%2Fnoticias-de-hidalgo%2F2023%2F09%2F01%2Fvacunacion-covid-a-ninos-de-5-a-11-anos%2F\" target=\"_top\" rel=\"nofollow\"><span class=\"icon\"><\/span><span class=\"text\">Share<\/span><\/a><a class=\"mashicon-twitter mash-large mash-center mashsb-noshadow\" href=\"https:\/\/twitter.com\/intent\/tweet?text=&amp;url=https:\/\/www.zunoticia.com\/noticias-de-hidalgo\/2023\/09\/01\/vacunacion-covid-a-ninos-de-5-a-11-anos\/\" target=\"_top\" rel=\"nofollow\"><span class=\"icon\"><\/span><span class=\"text\">Tweet<\/span><\/a><div class=\"onoffswitch2 mash-large mashsb-noshadow\" style=\"display:none\"><\/div><\/div>\n            <\/div>\n                <div style=\"clear:both\"><\/div><div class=\"mashsb-toggle-container\"><\/div><\/aside>\n            <!-- Share buttons by mashshare.net - Version: 4.0.47-->\n<p><em>Por \u00c1ngel Silverio\/Zunoticia<\/em><\/p>\n\n\n\n<p><strong>San Felipe Orizatl\u00e1n, Hgo.-<\/strong> Autoridades de salud y municipales dieron a conocer que se estar\u00e1 llevando a cabo una jornada de vacunaci\u00f3n contra el Covid-19 en este municipio, haciendo el exhorto a padres de familia, que faltan por aplicar la vacuna a sus hijos,&nbsp; a que lo hagan.<\/p>\n\n\n\n<p>De acuerdo con la informaci\u00f3n daba a conocer por el secretario municipal, Camilo Melo Rivera, indic\u00f3 que se estar\u00e1 vacunando a ni\u00f1os de 5 a 11 a\u00f1os y se les estar\u00e1 aplicando la vacuna de refuerzo, por eso es muy importante que acudan para que reciban su respectiva dosis.<\/p>\n\n\n\n<p>Para ello, deber\u00e1n presentar acta de nacimiento, CURP, ir acompa\u00f1ados de un tutor con su INE, as\u00ed como tambi\u00e9n deber\u00e1n presentar el recibo de luz y llevar bol\u00edgrafo azul, la solicitud de vacuna, as\u00ed como la comprobaci\u00f3n de las dos anteriores recibidas.<\/p>\n\n\n\n<p>La vacunaci\u00f3n se estar\u00e1 llevando a cabo en el centro de salud de este municipio, a partir de las 9:00 de la ma\u00f1ana, por lo que piden acudan desayunados y se mantengan hidratados.<\/p>\n","protected":false},"excerpt":{"rendered":"<p>Por \u00c1ngel Silverio\/Zunoticia San Felipe Orizatl\u00e1n, Hgo.- Autoridades de salud y municipales dieron a conocer que se estar\u00e1 llevando a cabo una jornada de vacunaci\u00f3n contra el Covid-19 en este municipio, haciendo el exhorto a padres de familia, que faltan por aplicar la vacuna a sus hijos,&nbsp; a que lo hagan. De acuerdo con la&hellip; <a class=\"more-link\" href=\"https:\/\/www.zunoticia.com\/noticias-de-hidalgo\/2023\/09\/01\/vacunacion-covid-a-ninos-de-5-a-11-anos\/\">Seguir leyendo <span class=\"screen-reader-text\">Vacunaci\u00f3n Covid a ni\u00f1os de 5 a 11 a\u00f1os<\/span><\/a><\/p>\n","protected":false},"author":12,"featured_media":501620,"comment_status":"closed","ping_status":"open","sticky":false,"template":"","format":"standard","meta":{"rop_custom_images_group":[],"rop_custom_messages_group":[],"rop_publish_now":"initial","rop_publish_now_accounts":{"facebook_10159540855086992_322828327761733":""},"rop_publish_now_history":[],"rop_publish_now_status":"pending","footnotes":""},"categories":[180],"tags":[129],"class_list":["post-501645","post","type-post","status-publish","format-standard","has-post-thumbnail","hentry","category-orizatlan","tag-orizatlan","entry"],"_links":{"self":[{"href":"https:\/\/www.zunoticia.com\/noticias-de-hidalgo\/wp-json\/wp\/v2\/posts\/501645","targetHints":{"allow":["GET"]}}],"collection":[{"href":"https:\/\/www.zunoticia.com\/noticias-de-hidalgo\/wp-json\/wp\/v2\/posts"}],"about":[{"href":"https:\/\/www.zunoticia.com\/noticias-de-hidalgo\/wp-json\/wp\/v2\/types\/post"}],"author":[{"embeddable":true,"href":"https:\/\/www.zunoticia.com\/noticias-de-hidalgo\/wp-json\/wp\/v2\/users\/12"}],"replies":[{"embeddable":true,"href":"https:\/\/www.zunoticia.com\/noticias-de-hidalgo\/wp-json\/wp\/v2\/comments?post=501645"}],"version-history":[{"count":1,"href":"https:\/\/www.zunoticia.com\/noticias-de-hidalgo\/wp-json\/wp\/v2\/posts\/501645\/revisions"}],"predecessor-version":[{"id":501646,"href":"https:\/\/www.zunoticia.com\/noticias-de-hidalgo\/wp-json\/wp\/v2\/posts\/501645\/revisions\/501646"}],"wp:featuredmedia":[{"embeddable":true,"href":"https:\/\/www.zunoticia.com\/noticias-de-hidalgo\/wp-json\/wp\/v2\/media\/501620"}],"wp:attachment":[{"href":"https:\/\/www.zunoticia.com\/noticias-de-hidalgo\/wp-json\/wp\/v2\/media?parent=501645"}],"wp:term":[{"taxonomy":"category","embeddable":true,"href":"https:\/\/www.zunoticia.com\/noticias-de-hidalgo\/wp-json\/wp\/v2\/categories?post=501645"},{"taxonomy":"post_tag","embeddable":true,"href":"https:\/\/www.zunoticia.com\/noticias-de-hidalgo\/wp-json\/wp\/v2\/tags?post=501645"}],"curies":[{"name":"wp","href":"https:\/\/api.w.org\/{rel}","templated":true}]}}