{"id":501836,"date":"2023-09-03T20:03:29","date_gmt":"2023-09-04T02:03:29","guid":{"rendered":"https:\/\/www.zunoticia.com\/noticias-de-hidalgo\/?p=501836"},"modified":"2023-09-03T20:03:30","modified_gmt":"2023-09-04T02:03:30","slug":"oferta-dif-municipal-aparatos-auditivos","status":"publish","type":"post","link":"https:\/\/www.zunoticia.com\/noticias-de-hidalgo\/2023\/09\/03\/oferta-dif-municipal-aparatos-auditivos\/","title":{"rendered":"Oferta DIF Municipal aparatos auditivos"},"content":{"rendered":"<aside class=\"mashsb-container mashsb-main mashsb-stretched\"><div class=\"mashsb-box\"><div class=\"mashsb-count mash-large\" style=\"float:left\"><div class=\"counts mashsbcount\">18<\/div><span class=\"mashsb-sharetext\">SHARES<\/span><\/div><div class=\"mashsb-buttons\"><a class=\"mashicon-facebook mash-large mash-center mashsb-noshadow\" href=\"https:\/\/www.facebook.com\/sharer.php?u=https%3A%2F%2Fwww.zunoticia.com%2Fnoticias-de-hidalgo%2F2023%2F09%2F03%2Foferta-dif-municipal-aparatos-auditivos%2F\" target=\"_top\" rel=\"nofollow\"><span class=\"icon\"><\/span><span class=\"text\">Share<\/span><\/a><a class=\"mashicon-twitter mash-large mash-center mashsb-noshadow\" href=\"https:\/\/twitter.com\/intent\/tweet?text=&amp;url=https:\/\/www.zunoticia.com\/noticias-de-hidalgo\/2023\/09\/03\/oferta-dif-municipal-aparatos-auditivos\/\" target=\"_top\" rel=\"nofollow\"><span class=\"icon\"><\/span><span class=\"text\">Tweet<\/span><\/a><div class=\"onoffswitch2 mash-large mashsb-noshadow\" style=\"display:none\"><\/div><\/div>\n            <\/div>\n                <div style=\"clear:both\"><\/div><div class=\"mashsb-toggle-container\"><\/div><\/aside>\n            <!-- Share buttons by mashshare.net - Version: 4.0.47-->\n<p><em>Por \u00c1ngel Silverio\/Zunoticia<\/em><\/p>\n\n\n\n<p><strong>San Felipe Orizatl\u00e1n, Hgo.-<\/strong> Preocupados por mejorar la calidad de vida de quienes sufren de sordera, el DIF municipal dio a conocer que se estar\u00e1n recabando documentos para apoyar a personas que requieran de aparatos auditivos, por&nbsp; lo que pidieron estar atentos y acudir en las fechas que a continuaci\u00f3n se indican.<\/p>\n\n\n\n<p>C\u00e9sar Becerra, presidente del sistema municipal del DIF, inform\u00f3 a este medio, que el organismo a su cargo invita a la poblaci\u00f3n en general que requiera de un aparato auditivo, a acudir a sus instalaciones el lunes 4 y martes 5 de septiembre, para realizar la solicitud con la siguiente documentaci\u00f3n.<\/p>\n\n\n\n<p>Los interesados deber\u00e1n presentar, CURP, acta de nacimiento, INE, diagn\u00f3stico que indique que requiere de dicho aparato, as\u00ed como un comprobante de domicilio, se estar\u00e1n registrando y en breve se les dar\u00e1 el apoyo de estos aparatos auditivos, gracias a las gestiones realizadas y al Patronato Estatal del DIF.<\/p>\n\n\n\n<p>Aprovech\u00f3 para agradecer a la alcaldesa, por todo el respaldo que se han tenido en estos dos a\u00f1os, esperando que se contin\u00fae en esta misma t\u00f3nica para el beneficio de todos los que requieren de aparatos de este tipo, y muy en especial al DIF del Estado.<\/p>\n","protected":false},"excerpt":{"rendered":"<p>Por \u00c1ngel Silverio\/Zunoticia San Felipe Orizatl\u00e1n, Hgo.- Preocupados por mejorar la calidad de vida de quienes sufren de sordera, el DIF municipal dio a conocer que se estar\u00e1n recabando documentos para apoyar a personas que requieran de aparatos auditivos, por&nbsp; lo que pidieron estar atentos y acudir en las fechas que a continuaci\u00f3n se indican.&hellip; <a class=\"more-link\" href=\"https:\/\/www.zunoticia.com\/noticias-de-hidalgo\/2023\/09\/03\/oferta-dif-municipal-aparatos-auditivos\/\">Seguir leyendo <span class=\"screen-reader-text\">Oferta DIF Municipal aparatos auditivos<\/span><\/a><\/p>\n","protected":false},"author":12,"featured_media":501813,"comment_status":"closed","ping_status":"open","sticky":false,"template":"","format":"standard","meta":{"rop_custom_images_group":[],"rop_custom_messages_group":[],"rop_publish_now":"initial","rop_publish_now_accounts":{"facebook_10159540855086992_322828327761733":""},"rop_publish_now_history":[],"rop_publish_now_status":"pending","footnotes":""},"categories":[180],"tags":[129],"class_list":["post-501836","post","type-post","status-publish","format-standard","has-post-thumbnail","hentry","category-orizatlan","tag-orizatlan","entry"],"_links":{"self":[{"href":"https:\/\/www.zunoticia.com\/noticias-de-hidalgo\/wp-json\/wp\/v2\/posts\/501836","targetHints":{"allow":["GET"]}}],"collection":[{"href":"https:\/\/www.zunoticia.com\/noticias-de-hidalgo\/wp-json\/wp\/v2\/posts"}],"about":[{"href":"https:\/\/www.zunoticia.com\/noticias-de-hidalgo\/wp-json\/wp\/v2\/types\/post"}],"author":[{"embeddable":true,"href":"https:\/\/www.zunoticia.com\/noticias-de-hidalgo\/wp-json\/wp\/v2\/users\/12"}],"replies":[{"embeddable":true,"href":"https:\/\/www.zunoticia.com\/noticias-de-hidalgo\/wp-json\/wp\/v2\/comments?post=501836"}],"version-history":[{"count":1,"href":"https:\/\/www.zunoticia.com\/noticias-de-hidalgo\/wp-json\/wp\/v2\/posts\/501836\/revisions"}],"predecessor-version":[{"id":501839,"href":"https:\/\/www.zunoticia.com\/noticias-de-hidalgo\/wp-json\/wp\/v2\/posts\/501836\/revisions\/501839"}],"wp:featuredmedia":[{"embeddable":true,"href":"https:\/\/www.zunoticia.com\/noticias-de-hidalgo\/wp-json\/wp\/v2\/media\/501813"}],"wp:attachment":[{"href":"https:\/\/www.zunoticia.com\/noticias-de-hidalgo\/wp-json\/wp\/v2\/media?parent=501836"}],"wp:term":[{"taxonomy":"category","embeddable":true,"href":"https:\/\/www.zunoticia.com\/noticias-de-hidalgo\/wp-json\/wp\/v2\/categories?post=501836"},{"taxonomy":"post_tag","embeddable":true,"href":"https:\/\/www.zunoticia.com\/noticias-de-hidalgo\/wp-json\/wp\/v2\/tags?post=501836"}],"curies":[{"name":"wp","href":"https:\/\/api.w.org\/{rel}","templated":true}]}}