{"id":501934,"date":"2023-09-04T17:37:16","date_gmt":"2023-09-04T23:37:16","guid":{"rendered":"https:\/\/www.zunoticia.com\/noticias-de-hidalgo\/?p=501934"},"modified":"2023-09-04T17:37:17","modified_gmt":"2023-09-04T23:37:17","slug":"repusieron-al-director-y-3-maestros-en-la-teofila-sanchez","status":"publish","type":"post","link":"https:\/\/www.zunoticia.com\/noticias-de-hidalgo\/2023\/09\/04\/repusieron-al-director-y-3-maestros-en-la-teofila-sanchez\/","title":{"rendered":"Repusieron al director y 3 maestros en la &#8220;Te\u00f3fila S\u00e1nchez&#8221;"},"content":{"rendered":"<aside class=\"mashsb-container mashsb-main mashsb-stretched\"><div class=\"mashsb-box\"><div class=\"mashsb-count mash-large\" style=\"float:left\"><div class=\"counts mashsbcount\">61<\/div><span class=\"mashsb-sharetext\">SHARES<\/span><\/div><div class=\"mashsb-buttons\"><a class=\"mashicon-facebook mash-large mash-center mashsb-noshadow\" href=\"https:\/\/www.facebook.com\/sharer.php?u=https%3A%2F%2Fwww.zunoticia.com%2Fnoticias-de-hidalgo%2F2023%2F09%2F04%2Frepusieron-al-director-y-3-maestros-en-la-teofila-sanchez%2F\" target=\"_top\" rel=\"nofollow\"><span class=\"icon\"><\/span><span class=\"text\">Share<\/span><\/a><a class=\"mashicon-twitter mash-large mash-center mashsb-noshadow\" href=\"https:\/\/twitter.com\/intent\/tweet?text=&amp;url=https:\/\/www.zunoticia.com\/noticias-de-hidalgo\/2023\/09\/04\/repusieron-al-director-y-3-maestros-en-la-teofila-sanchez\/\" target=\"_top\" rel=\"nofollow\"><span class=\"icon\"><\/span><span class=\"text\">Tweet<\/span><\/a><div class=\"onoffswitch2 mash-large mashsb-noshadow\" style=\"display:none\"><\/div><\/div>\n            <\/div>\n                <div style=\"clear:both\"><\/div><div class=\"mashsb-toggle-container\"><\/div><\/aside>\n            <!-- Share buttons by mashshare.net - Version: 4.0.47-->\n<ul class=\"wp-block-list\">\n<li>La Supervisi\u00f3n 08 escolar, acudi\u00f3 a presentar a los docentes.<\/li>\n<\/ul>\n\n\n\n<p><em>Por Karen Rivera\/Zunoticia<\/em><\/p>\n\n\n\n<p><strong>Huejutla de Reyes, Hgo.-<\/strong> Durante la ma\u00f1ana de este lunes, la Supervisora de la zona 08 de Educaci\u00f3n Primaria General, Elsa Ahumada Arvizu, present\u00f3 ante la Asociaci\u00f3n de Padres de Familia (APF), a los nuevos docentes que integrar\u00e1n la plantilla docente, esto en reposici\u00f3n a los profesores faltantes en el plantel.<\/p>\n\n\n\n<p>Al respecto, la presidenta de la APF, Brizeida S\u00e1nchez N\u00fa\u00f1ez, narr\u00f3 sobre los avances de la escuela primaria &#8220;Te\u00f3fila S\u00e1nchez Medina&#8221; de la Colonia Obrera, &#8220;El d\u00eda de hoy (este lunes), lleg\u00f3 una nueva directora y maestros, en su mayor\u00eda de los maestros se fueron, esto por las indagaciones por parte de la comisi\u00f3n de autoridades escolares&#8221;.<\/p>\n\n\n\n<p>Dijo que, la nueva directora ya ha estado con anterioridad trabajando dentro del plantel educativo, &#8220;No tenemos m\u00e1s que hablar, es una excelente maestra y esperamos contar con todo su apoyo para que los maestros que todav\u00eda se quedaron le echen ganas, hagamos las pases, dejemos atr\u00e1s los conflictos, lo que queremos es que haya paz y tranquilidad, as\u00ed como una mejor educaci\u00f3n para los ni\u00f1os&#8221;.<\/p>\n\n\n\n<p>Coment\u00f3 que con respecto a los maestros que ingresaron &#8220;les damos la bienvenida, que le echen muchas ganas y que todos en general hagamos un buen equipo de trabajo&#8221;.<\/p>\n\n\n\n<p>&#8220;Muchos alumnos se fueron a otras escuelas, pero, vamos a poner el empe\u00f1o para que la escuela crezca, que avance y se aumente la matr\u00edcula escolar y vuelva hacer una de las escuelas m\u00e1s buscadas&#8221;. Cit\u00f3.<\/p>\n\n\n\n<p>Asegur\u00f3 que avanzar\u00e1n en el trabajo con los padres y maestros, directora, para mejorar la situaci\u00f3n de la escuela.<\/p>\n\n\n\n<p>La asignaci\u00f3n de los nuevos docentes fue para el grupo de segundo, tercero y sexto grado.<\/p>\n\n\n\n<p>Coment\u00f3, &#8220;tenemos pendiente la intendente, la supervisora de este plantel, la maestra Elsa, qued\u00f3 formalmente que este martes env\u00eda a nuestra intendente y vamos a estar en la espera&#8221;.<\/p>\n\n\n\n<p>Explic\u00f3 que de momento los padres de familia del sexto grado, el viernes pasado se pusieron de acuerdo para realizar el aseo en los sanitarios y algunos salones.<\/p>\n","protected":false},"excerpt":{"rendered":"<p>Por Karen Rivera\/Zunoticia Huejutla de Reyes, Hgo.- Durante la ma\u00f1ana de este lunes, la Supervisora de la zona 08 de Educaci\u00f3n Primaria General, Elsa Ahumada Arvizu, present\u00f3 ante la Asociaci\u00f3n de Padres de Familia (APF), a los nuevos docentes que integrar\u00e1n la plantilla docente, esto en reposici\u00f3n a los profesores faltantes en el plantel. Al&hellip; <a class=\"more-link\" href=\"https:\/\/www.zunoticia.com\/noticias-de-hidalgo\/2023\/09\/04\/repusieron-al-director-y-3-maestros-en-la-teofila-sanchez\/\">Seguir leyendo <span class=\"screen-reader-text\">Repusieron al director y 3 maestros en la &#8220;Te\u00f3fila S\u00e1nchez&#8221;<\/span><\/a><\/p>\n","protected":false},"author":13,"featured_media":501935,"comment_status":"closed","ping_status":"open","sticky":false,"template":"","format":"standard","meta":{"rop_custom_images_group":[],"rop_custom_messages_group":[],"rop_publish_now":"initial","rop_publish_now_accounts":{"facebook_10159540855086992_322828327761733":""},"rop_publish_now_history":[],"rop_publish_now_status":"pending","footnotes":""},"categories":[181],"tags":[121],"class_list":["post-501934","post","type-post","status-publish","format-standard","has-post-thumbnail","hentry","category-huejutla","tag-huejutla","entry"],"_links":{"self":[{"href":"https:\/\/www.zunoticia.com\/noticias-de-hidalgo\/wp-json\/wp\/v2\/posts\/501934","targetHints":{"allow":["GET"]}}],"collection":[{"href":"https:\/\/www.zunoticia.com\/noticias-de-hidalgo\/wp-json\/wp\/v2\/posts"}],"about":[{"href":"https:\/\/www.zunoticia.com\/noticias-de-hidalgo\/wp-json\/wp\/v2\/types\/post"}],"author":[{"embeddable":true,"href":"https:\/\/www.zunoticia.com\/noticias-de-hidalgo\/wp-json\/wp\/v2\/users\/13"}],"replies":[{"embeddable":true,"href":"https:\/\/www.zunoticia.com\/noticias-de-hidalgo\/wp-json\/wp\/v2\/comments?post=501934"}],"version-history":[{"count":1,"href":"https:\/\/www.zunoticia.com\/noticias-de-hidalgo\/wp-json\/wp\/v2\/posts\/501934\/revisions"}],"predecessor-version":[{"id":501937,"href":"https:\/\/www.zunoticia.com\/noticias-de-hidalgo\/wp-json\/wp\/v2\/posts\/501934\/revisions\/501937"}],"wp:featuredmedia":[{"embeddable":true,"href":"https:\/\/www.zunoticia.com\/noticias-de-hidalgo\/wp-json\/wp\/v2\/media\/501935"}],"wp:attachment":[{"href":"https:\/\/www.zunoticia.com\/noticias-de-hidalgo\/wp-json\/wp\/v2\/media?parent=501934"}],"wp:term":[{"taxonomy":"category","embeddable":true,"href":"https:\/\/www.zunoticia.com\/noticias-de-hidalgo\/wp-json\/wp\/v2\/categories?post=501934"},{"taxonomy":"post_tag","embeddable":true,"href":"https:\/\/www.zunoticia.com\/noticias-de-hidalgo\/wp-json\/wp\/v2\/tags?post=501934"}],"curies":[{"name":"wp","href":"https:\/\/api.w.org\/{rel}","templated":true}]}}